{"id":1083679,"date":"2026-06-10T10:35:17","date_gmt":"2026-06-10T10:35:17","guid":{"rendered":"https:\/\/www.europesays.com\/de\/1083679\/"},"modified":"2026-06-10T10:35:17","modified_gmt":"2026-06-10T10:35:17","slug":"nach-messerangriff-rief-auch-musk-zu-protest-auf-auslaenderfeindliche-demonstranten-setzen-in-belfast-fahrzeuge-und-haeuser-in-brand","status":"publish","type":"post","link":"https:\/\/www.europesays.com\/de\/1083679\/","title":{"rendered":"Nach Messerangriff rief auch Musk zu Protest auf: Ausl\u00e4nderfeindliche Demonstranten setzen in Belfast Fahrzeuge und H\u00e4user in Brand"},"content":{"rendered":"<p class=\"tspBIkz tspBIk0\">Nach einem Messerangriff haben ausl\u00e4nderfeindliche Ausschreitungen Nordirland in der Nacht zum Mittwoch ersch\u00fcttert. Maskierte Banden griffen in Belfast Polizisten an, setzten Fahrzeuge in Brand und vertrieben Einwohner aus ihren H\u00e4usern.<\/p>\n<p> Ein Mob w\u00fctet <\/p>\n<p class=\"tspBIkz\">Die Polizei musste Berichten des Senders BBC zufolge Familien aus brennenden H\u00e4usern retten. \u00d6rtliche Politiker und ein Pastor erkl\u00e4rten, dass <strong>vor allem schwarze Menschen Ziel der Attacken<\/strong> gewesen seien. <\/p>\n<p class=\"tspBIkz\">Als Reaktion auf ein Video des Messerangriffs versammelten sich an verschiedenen Orten von Belfast Hunderte Menschen. \u201eGegen 19.30 Uhr legten sie Feuer in den M\u00fcllcontainern\u201c, berichtete der Bewohner eines Hauses mit Blick auf die Demonstranten. \u201eWir h\u00f6rten Polizeiwagen und Sirenen\u201c, sagte Eemran, ein Ingenieur indischer Herkunft, der seit etwas mehr als einem Jahr in Belfast lebt.<strong> \u201eImmer mehr Menschen kamen hinzu und begannen, Brands\u00e4tze zu werfen. Pl\u00f6tzlich breitete sich das Feuer aus &#8230; wir hatten Rauch im Geb\u00e4ude.\u201c<\/strong><\/p>\n<p class=\"tspBIkz\">Letztlich seien Feuerwehrleute ins Haus gekommen und h\u00e4tten alle nach drau\u00dfen geholt, berichtete Eemran in gebrochenem Englisch der Nachrichtenagentur AFP. Die 36-j\u00e4hrige Chilenin Camila, die erst vor einem Monat nach Belfast gezogen war, <strong>sprach von einer \u201ebe\u00e4ngstigenden\u201c Situation.<\/strong><\/p>\n<p class=\"tspBIkz\">Britischen Medienberichten zufolge wurde auch ein t\u00fcrkischer Friseursalon angegriffen. \u201eThe Irish News\u201c berichtet \u00fcber einen ausgebrannten arabischen Supermarkt. In Belfast f\u00fcrchten manche, dass sich die Ausschreitungen am Mittwoch wiederholen. Der \u201eBelfast Telegraph\u201c berichtet \u00fcber zwei Grundschulen, die sicherheitshalber am Vormittag schlie\u00dfen.<\/p>\n<p> Ein brutaler Messerangriff als Anlass <\/p>\n<p class=\"tspBIkz\">Beim <strong>Messerangriff am Montag war ein Mann schwer verletzt worden<\/strong>. Bei dem mutma\u00dflichen T\u00e4ter handelt es sich nach Angaben der Polizei um einen <strong>30 Jahre alten Mann aus dem Sudan<\/strong>. Er wurde inzwischen wegen versuchten Mordes, Waffenbesitzes und Todesdrohungen angeklagt. Die Ermittler stufen die Tat derzeit nicht als Terrorismus ein.<\/p>\n<p class=\"tspBIkz\">In einem Video ist zu sehen, wie ein Angreifer mit einem Messer mitten auf einer Stra\u00dfe auf einem blut\u00fcberstr\u00f6mten Mann sitzt und diesen mit einem Messer traktiert. Zwischendurch hebt er das Messer in die H\u00f6he und ruft etwas. Nach einer Weile wagen sich mehrere M\u00e4nner in die N\u00e4he und versuchen, den Angreifer von seinem Opfer zu trennen. Polizeiangaben zufolge haben sie dem Opfer das Leben gerettet.\u00a0<\/p>\n<p> Einflussreicher Rechtsextremist teilte Video auf X\u00a0\u2013 auch Musk mobilisiert <\/p>\n<p class=\"tspBIkz\">Das Video verbreitete sich im sozialen Netzwerk X. Eine wichtige Rolle dabei spielte der rechtsextreme Aktivist Tommy Robinson. Stand Mittwochmorgen wurde sein Post mit dem Video 4,8 Millionen Mal angezeigt. Robinson selbst <a href=\"https:\/\/x.com\/TRobinsonNewEra\/status\/2064042576584315162\" target=\"_blank\" rel=\"noopener nofollow\" class=\"link link--external\" data-gtm-class=\"article-text-link\" data-gtm-val=\"external\" aria-describedby=\"message-target-blank\">war noch am Montag in Moskau<\/a>, wo er sich mit dem Vater von Elon Musk traf und f\u00fcr ein positiveres Bild von Russland warb. <\/p>\n<p class=\"tspBIkz\">Firmenchef, Multimilliard\u00e4r und AfD-Unterst\u00fctzer Elon Musk teilte Fotos des Angriffs, Kommentare sowie einen Aufruf zu Demonstrationen unter seinen mehr als 240 Millionen Followern. Musk verbreitete au\u00dferdem mehrere Beitr\u00e4ge des rechtsextremen britischen Parlamentariers Rupert Lowe, der zu millionenfachen Abschiebungen aufrief. Lowe hatte sich nach diversen Skandalen von Nigel Farages Partei \u201eReform UK\u201c abgespalten und versucht seitdem, dieser mit seiner noch weiter rechts stehenden eigenen Partei Konkurrenz zu machen. <\/p>\n<p><img decoding=\"async\" src=\"https:\/\/www.europesays.com\/de\/wp-content\/uploads\/2026\/06\/elon-musk.jpeg\"   alt=\"ARCHIV - 14.05.2026, China, Peking: Tech-Milliard\u00e4r und Tesla-Gr\u00fcnder Elon Musk bei einem Treffen.  (zu dpa: \u00abStarmer kritisiert Musk: Sch\u00fcrt Spaltung im Land\u00bb) Foto: Johannes Neudecker\/dpa +++ dpa-Bildfunk +++\" aria-labelledby=\"caption-15699746\" width=\"440\" height=\"330\" loading=\"lazy\" class=\"tspAQh9\"\/> Zwischen Jubelpostings zu seinen Firmen Tesla und Starlink setzte Elon Musk diverse Tweets zu den Geschehnissen in Belfast ab <\/p>\n<p class=\"tspABga\"> \u00a9 dpa\/Johannes Neudecker <\/p>\n<p class=\"tspBIkz\">Der britische \u201e<a href=\"https:\/\/www.theguardian.com\/politics\/2026\/jun\/09\/how-belfast-knife-attack-became-the-latest-far-right-trigger-event\" target=\"_blank\" rel=\"noopener nofollow\" class=\"link link--external\" data-gtm-class=\"article-text-link\" data-gtm-val=\"external\" aria-describedby=\"message-target-blank\">Guardian<\/a>\u201c bezeichnet die Attacke als \u201eTrigger-Event\u201c der Rechten. Gemeint ist ein Vorfall, der die migrationsfeindliche Szene mobilisiert. <\/p>\n<p> Polizei bat, das Video nicht zu verbreiten <\/p>\n<p class=\"tspBIkz\"><strong>Die Polizei bat darum, das Video nicht zu verbreiten<\/strong>. Nordirlands Polizeichef Jon Boutcher rief die Menschen auf, sich nicht durch Social Media aufstacheln zu lassen und die Ermittler ihre Arbeit machen zu lassen. Es gebe bislang keine Hinweise auf einen terroristischen Hintergrund, hie\u00df es in der Mitteilung der Polizei.<\/p>\n<p class=\"tspBIkz\">Der britische Premierminister Keir Starmer verurteilte die Tat aufs Sch\u00e4rfste. \u201eDer furchtbare Angriff in Belfast ist widerw\u00e4rtig. Ich habe absolut keine Toleranz f\u00fcr entsetzliche Szenen der Gewalt wie diese auf unseren Stra\u00dfen\u201c, so Starmer auf der Plattform X. \u201eEs ist offensichtlich, dass Menschen letzte Nacht aufgrund ihrer Herkunft ins Visier genommen wurden, und das werde ich nicht tolerieren\u201c, versprach er. \u201eDie Verantwortlichen werden die volle H\u00e4rte des Gesetzes zu sp\u00fcren bekommen.\u201c<\/p>\n<p class=\"tspXfm\">Empfohlener redaktioneller Inhalt<\/p>\n<p> An dieser Stelle finden Sie einen von unseren Redakteuren ausgew\u00e4hlten, externen Inhalt, der den Artikel f\u00fcr Sie mit zus\u00e4tzlichen Informationen anreichert. Sie k\u00f6nnen sich hier den externen Inhalt mit einem Klick anzeigen lassen oder wieder ausblenden. <\/p>\n<p> Externen Inhalt anzeigen <\/p>\n<p class=\"tspXfs\"> Ich bin damit einverstanden, dass mir der externe Inhalt angezeigt wird. Damit k\u00f6nnen personenbezogene Daten an Drittplattformen \u00fcbermittelt werden.  Mehr Informationen dazu erhalten Sie in den Datenschutz-Einstellungen. Diese finden Sie ganz unten auf unserer Seite im Footer, sodass Sie Ihre Einstellungen jederzeit verwalten oder widerrufen k\u00f6nnen. <\/p>\n<p class=\"tspBIkz\">Die nordirische Regierungschefin Michelle O\u2019Neill verurteilte die Proteste ebenfalls und rief zur Ruhe auf. <strong>\u201eGruppen maskierter M\u00e4nner, die Familien aus ihren H\u00e4usern vertreiben, indem sie diese niederbrennen\u00a0\u2013 das ist nichts anderes als widerliche Feigheit\u201c<\/strong>, schrieb sie im Onlinedienst X. \u201eRassismus, Einsch\u00fcchterung und Gewalt sind falsch, wo immer sie auftreten\u201c, so O\u2019Neill.<\/p>\n<p class=\"tspBIkz\">Nordirische Politiker verschiedener Parteien \u00e4u\u00dferten sich \u00e4hnlich und warnten vor Ausschreitungen. Gro\u00dfbritannien war im Sommer 2024 von heftigen rassistisch motivierten Ausschreitungen ersch\u00fcttert worden.\u00a0<\/p>\n<p>Lesen Sie auch<a href=\"https:\/\/www.tagesspiegel.de\/politik\/fdp-chef-kubicki-bei-maischberger-der-hat-nicht-mehr-alle-tassen-im-schrank-15698450.html?icid=topic-list_15697174___\" data-gtm-class=\"article-mzt-link\" data-hydrate-fingerprint=\"09740a54944caac75fd2c0c63fd5c5df\" data-hydrate-props=\"{&amp;escapedquot;element&amp;escapedquot;:{&amp;escapedquot;type&amp;escapedquot;:&amp;escapedquot;relatedContent&amp;escapedquot;,&amp;escapedquot;fieldMap&amp;escapedquot;:{},&amp;escapedquot;relation&amp;escapedquot;:{&amp;escapedquot;fields&amp;escapedquot;:{&amp;escapedquot;isPaid&amp;escapedquot;:null},&amp;escapedquot;href&amp;escapedquot;:&amp;escapedquot;\/politik\/fdp-chef-kubicki-bei-maischberger-der-hat-nicht-mehr-alle-tassen-im-schrank-15698450.html&amp;escapedquot;,&amp;escapedquot;teaserTitle&amp;escapedquot;:{&amp;escapedquot;kicker&amp;escapedquot;:&amp;escapedquot;FDP-Chef Kubicki bei \u201eMaischberger\u201c&amp;escapedquot;,&amp;escapedquot;headline&amp;escapedquot;:&amp;escapedquot;\u201eDer hat nicht mehr alle Tassen im Schrank\u201c&amp;escapedquot;},&amp;escapedquot;id&amp;escapedquot;:&amp;escapedquot;15698450&amp;escapedquot;,&amp;escapedquot;type&amp;escapedquot;:&amp;escapedquot;story&amp;escapedquot;},&amp;escapedquot;isPartOfList&amp;escapedquot;:true,&amp;escapedquot;topicListType&amp;escapedquot;:&amp;escapedquot;topic-list&amp;escapedquot;},&amp;escapedquot;showArrow&amp;escapedquot;:true}\" data-hydrate-slots=\"{&#039;default&#039;:[]}\" class=\"tspC7rc tspC8rj\" rel=\"nofollow noopener\" target=\"_blank\">FDP-Chef Kubicki bei \u201eMaischberger\u201c \u201eDer hat nicht mehr alle Tassen im Schrank\u201c <\/a><a href=\"https:\/\/www.tagesspiegel.de\/internationales\/schockierende-zahlen-zahl-der-kriegerischen-konflikte-auf-rekordstand-15695682.html?icid=topic-list_15697174___\" data-gtm-class=\"article-mzt-link\" data-hydrate-fingerprint=\"09740a54944caac75fd2c0c63fd5c5df\" data-hydrate-props=\"{&amp;escapedquot;element&amp;escapedquot;:{&amp;escapedquot;type&amp;escapedquot;:&amp;escapedquot;relatedContent&amp;escapedquot;,&amp;escapedquot;fieldMap&amp;escapedquot;:{},&amp;escapedquot;relation&amp;escapedquot;:{&amp;escapedquot;fields&amp;escapedquot;:{&amp;escapedquot;isPaid&amp;escapedquot;:null},&amp;escapedquot;href&amp;escapedquot;:&amp;escapedquot;\/internationales\/schockierende-zahlen-zahl-der-kriegerischen-konflikte-auf-rekordstand-15695682.html&amp;escapedquot;,&amp;escapedquot;teaserTitle&amp;escapedquot;:{&amp;escapedquot;kicker&amp;escapedquot;:&amp;escapedquot;\u201eSchockierende\u201c Zahlen&amp;escapedquot;,&amp;escapedquot;headline&amp;escapedquot;:&amp;escapedquot;Kriegerische Konflikte auf weltweitem Rekordstand&amp;escapedquot;},&amp;escapedquot;id&amp;escapedquot;:&amp;escapedquot;15695682&amp;escapedquot;,&amp;escapedquot;type&amp;escapedquot;:&amp;escapedquot;story&amp;escapedquot;},&amp;escapedquot;isPartOfList&amp;escapedquot;:true,&amp;escapedquot;topicListType&amp;escapedquot;:&amp;escapedquot;topic-list&amp;escapedquot;},&amp;escapedquot;showArrow&amp;escapedquot;:true}\" data-hydrate-slots=\"{&#039;default&#039;:[]}\" class=\"tspC7rc tspC8rj\" rel=\"nofollow noopener\" target=\"_blank\">\u201eSchockierende\u201c Zahlen Kriegerische Konflikte auf weltweitem Rekordstand <\/a><a href=\"https:\/\/www.tagesspiegel.de\/berlin\/bezirke\/spandau\/ice-strecke-berlin-hamburg-was-anwohner-und-fahrgaste-jetzt-wissen-mussen-15696214.html?icid=topic-list_15697174___\" data-gtm-class=\"article-mzt-link\" data-hydrate-fingerprint=\"09740a54944caac75fd2c0c63fd5c5df\" data-hydrate-props=\"{&amp;escapedquot;element&amp;escapedquot;:{&amp;escapedquot;type&amp;escapedquot;:&amp;escapedquot;relatedContent&amp;escapedquot;,&amp;escapedquot;fieldMap&amp;escapedquot;:{},&amp;escapedquot;relation&amp;escapedquot;:{&amp;escapedquot;fields&amp;escapedquot;:{&amp;escapedquot;isPaid&amp;escapedquot;:null},&amp;escapedquot;href&amp;escapedquot;:&amp;escapedquot;\/berlin\/bezirke\/spandau\/ice-strecke-berlin-hamburg-was-anwohner-und-fahrgaste-jetzt-wissen-mussen-15696214.html&amp;escapedquot;,&amp;escapedquot;teaserTitle&amp;escapedquot;:{&amp;escapedquot;kicker&amp;escapedquot;:&amp;escapedquot;ICE-Strecke Berlin-Hamburg&amp;escapedquot;,&amp;escapedquot;headline&amp;escapedquot;:&amp;escapedquot;Was Anwohner und Fahrg\u00e4ste jetzt wissen m\u00fcssen&amp;escapedquot;},&amp;escapedquot;id&amp;escapedquot;:&amp;escapedquot;15696214&amp;escapedquot;,&amp;escapedquot;type&amp;escapedquot;:&amp;escapedquot;story&amp;escapedquot;},&amp;escapedquot;isPartOfList&amp;escapedquot;:true,&amp;escapedquot;topicListType&amp;escapedquot;:&amp;escapedquot;topic-list&amp;escapedquot;},&amp;escapedquot;showArrow&amp;escapedquot;:true}\" data-hydrate-slots=\"{&#039;default&#039;:[]}\" class=\"tspC7rc tspC8rj\" rel=\"nofollow noopener\" target=\"_blank\">ICE-Strecke Berlin-Hamburg Was Anwohner und Fahrg\u00e4ste jetzt wissen m\u00fcssen <\/a><\/p>\n<p class=\"tspBIkz\">Erst in der vergangenen Woche kam es in der s\u00fcdenglischen Stadt Southampton zu <strong>Krawallen am Rande eines Protests<\/strong>. Ausl\u00f6ser war die Ver\u00f6ffentlichung von Bodycam-Aufnahmen, die einen krassen Polizeifehler nach der <a href=\"https:\/\/www.tagesspiegel.de\/internationales\/ich-kann-nicht-atmen-heftige-rassismusdebatte-nach-video-von-polizeieinsatz-mit-sterbendem-studenten-in-grossbritannien-15670736.html?icid=in-text-link_15697174\" class=\"link link--internal\" data-gtm-class=\"article-text-link\" data-gtm-val=\"internal\" rel=\"nofollow noopener\" target=\"_blank\">t\u00f6dlichen Messerattacke eines Manns aus der Sikh-Gemeinschaft auf den Studenten Henry Nowak<\/a> zeigten.\u00a0<\/p>\n<p class=\"tspBIkz\">Statt den M\u00f6rder festzunehmen, der sich als Opfer eines rassistischen \u00dcbergriffs darstellte, hatten die Polizisten dem sterbenden Nowak Handschellen angelegt. Wenig sp\u00e4ter starb der Student, nachdem er mehrmals \u201eI can\u2019t breathe\u201c (\u201eIch kann nicht atmen\u201c) gerufen hatte. Auch in Southampton gingen Menschen wieder auf die Stra\u00dfe, um gegen Einwanderung zu demonstrieren. (dpa, AFP, Reuters, Tsp)<\/p>\n","protected":false},"excerpt":{"rendered":"Nach einem Messerangriff haben ausl\u00e4nderfeindliche Ausschreitungen Nordirland in der Nacht zum Mittwoch ersch\u00fcttert. Maskierte Banden griffen in Belfast&hellip;\n","protected":false},"author":2,"featured_media":1082307,"comment_status":"","ping_status":"","sticky":false,"template":"","format":"standard","meta":{"footnotes":"","_share_on_mastodon":"0"},"categories":[5],"tags":[331,332,3364,29,444,30,13,14,15,5384,307,12,17003],"class_list":["post-1083679","post","type-post","status-publish","format-standard","has-post-thumbnail","category-nachrichten","tag-aktuelle-nachrichten","tag-aktuelle-news","tag-de","tag-deutschland","tag-elon-musk","tag-germany","tag-headlines","tag-nachrichten","tag-news","tag-nordirland","tag-russland","tag-schlagzeilen","tag-sudan"],"share_on_mastodon":{"url":"https:\/\/pubeurope.com\/@de\/116725372695348635","error":""},"_links":{"self":[{"href":"https:\/\/www.europesays.com\/de\/wp-json\/wp\/v2\/posts\/1083679","targetHints":{"allow":["GET"]}}],"collection":[{"href":"https:\/\/www.europesays.com\/de\/wp-json\/wp\/v2\/posts"}],"about":[{"href":"https:\/\/www.europesays.com\/de\/wp-json\/wp\/v2\/types\/post"}],"author":[{"embeddable":true,"href":"https:\/\/www.europesays.com\/de\/wp-json\/wp\/v2\/users\/2"}],"replies":[{"embeddable":true,"href":"https:\/\/www.europesays.com\/de\/wp-json\/wp\/v2\/comments?post=1083679"}],"version-history":[{"count":0,"href":"https:\/\/www.europesays.com\/de\/wp-json\/wp\/v2\/posts\/1083679\/revisions"}],"wp:featuredmedia":[{"embeddable":true,"href":"https:\/\/www.europesays.com\/de\/wp-json\/wp\/v2\/media\/1082307"}],"wp:attachment":[{"href":"https:\/\/www.europesays.com\/de\/wp-json\/wp\/v2\/media?parent=1083679"}],"wp:term":[{"taxonomy":"category","embeddable":true,"href":"https:\/\/www.europesays.com\/de\/wp-json\/wp\/v2\/categories?post=1083679"},{"taxonomy":"post_tag","embeddable":true,"href":"https:\/\/www.europesays.com\/de\/wp-json\/wp\/v2\/tags?post=1083679"}],"curies":[{"name":"wp","href":"https:\/\/api.w.org\/{rel}","templated":true}]}}