{"id":1083760,"date":"2026-06-10T11:21:23","date_gmt":"2026-06-10T11:21:23","guid":{"rendered":"https:\/\/www.europesays.com\/de\/1083760\/"},"modified":"2026-06-10T11:21:23","modified_gmt":"2026-06-10T11:21:23","slug":"serie-a-ex-frankfurt-trainer-kurz-vor-milan-job-sport","status":"publish","type":"post","link":"https:\/\/www.europesays.com\/de\/1083760\/","title":{"rendered":"Serie A: Ex-Frankfurt-Trainer kurz vor Milan-Job | Sport"},"content":{"rendered":"<p><a class=\"skip-content skip-content--link\" href=\"#in-content-skip-link-target-v-0-0\">TTS-Player \u00fcberspringen\u21b5<\/a><a id=\"in-content-skip-link-target-v-0-0\" class=\"skip-content--target-link-hidden skip-content skip-content--target-link\" href=\"#in-content-skip-link-target-v-0-0\">Artikel weiterlesen<\/a><\/p>\n<p data-21134c99=\"0-1572\"><b>Die Suche hat ein Ende. Nach der entt\u00e4uschenden Saison mit Platz f\u00fcnf in der <\/b><a href=\"https:\/\/www.bild.de\/sport\/fussball\/serie-a\/startseite-62424102.bild.html\" class=\"text-link\" rel=\"nofollow noopener\" target=\"_blank\"><b>Serie A<\/b><\/a><b> und der Entlassung von Cheftrainer Massimiliano Allegri (58) hat <\/b><a href=\"https:\/\/www.bild.de\/themen\/organisationen\/ac-mailand\/sport-nachrichten-news-fotos-videos-15888376.bild.html\" class=\"text-link\" rel=\"nofollow noopener\" target=\"_blank\"><b>AC Mailand<\/b><\/a><b> jetzt wohl einen neuen Trainer gefunden. Der neue Chefcoach ist auch in der Bundesliga kein Unbekannter. <\/b><\/p>\n<p data-21134c99=\"0-1572\">Laut der italienischen Sportzeitung \u201eGazzetta dello Sport\u201c soll Oliver Glasner (51) kurz vor einer Unterschrift in Mailand stehen. Der italienische Traditionsklub habe sich mit dem \u00d6sterreicher auf einen Zweijahresvertrag geeinigt. Dieser kann auch um ein Jahr verl\u00e4ngert werden. <\/p>\n<p><img decoding=\"async\" width=\"992\" height=\"558\" alt=\"Oliver Glasner (51) steht kurz vor seiner Unterschrift bei AC Mailand\" src=\"https:\/\/www.europesays.com\/de\/wp-content\/uploads\/2026\/06\/1c8d08d9599589dd81d6a45256774c6c,65b5a0f0.jpeg\"   class=\"landscape\" loading=\"lazy\"\/><\/p>\n<p class=\"fig__caption__text\">Oliver Glasner (51) steht kurz vor seiner Unterschrift bei AC Mailand <\/p>\n<p>Foto: picture alliance\/SvenSimon<\/p>\n<p data-21134c99=\"0-1572\">Die Mail\u00e4nder verpassten durch eine Heimniederlage am letzten Spieltag der vergangenen Saison die Qualifikation f\u00fcr die Champions League. Daraufhin folgte der Kahlschlag. Neben dem Trainer mussten auch der Gesch\u00e4ftsf\u00fchrer, der Sportdirektor und der technische Direktor gehen. <\/p>\n<p>Mehr zum Thema<\/p>\n<p data-21134c99=\"0-1572\">Jetzt wollen die Mail\u00e4nder mit Glasner in der neuen Saison neu angreifen. Wie man erfolgreich coacht, das wei\u00df der Ex-Fankfurt-Trainer. In diesem Jahr hat er Crystal Palace zum Sieg der Conference League gef\u00fchrt. Dann folgte der emotionale Abschied. Bereits im Januar hatte Glasner angek\u00fcndigt, den Verein im Sommer verlassen zu wollen. <\/p>\n<p data-21134c99=\"0-1572\">Auch in der Bundesliga war Glasner schon aktiv. 2022 gewann er mit <a href=\"https:\/\/www.bild.de\/sport\/fussball\/europa-league\/europa-league-eintracht-frankfurt-gewinnt-finale-nach-6-5-i-e-gegen-glasgow-80134856.bild.html\" class=\"text-link\" rel=\"nofollow noopener\" target=\"_blank\">Eintracht Frankfurt die Europa League <\/a>und ein Jahr zuvor gelang ihm mit dem VfL Wolfsburg die Qualifikation f\u00fcr die Champions League. <\/p>\n<p data-21134c99=\"0-1572\">Neben Glasner waren auch Matthias Jaissle (38) und Mauricio Pochettino (54) bei dem Serie-A-Klub im Gespr\u00e4ch. Doch wie es scheint, konnte der \u00d6sterreicher das Rennen f\u00fcr sich entscheiden. <\/p>\n","protected":false},"excerpt":{"rendered":"TTS-Player \u00fcberspringen\u21b5Artikel weiterlesen Die Suche hat ein Ende. Nach der entt\u00e4uschenden Saison mit Platz f\u00fcnf in der Serie&hellip;\n","protected":false},"author":2,"featured_media":1083761,"comment_status":"","ping_status":"","sticky":false,"template":"","format":"standard","meta":{"footnotes":"","_share_on_mastodon":"0"},"categories":[136],"tags":[14697,29,347,30,11895,804,803,265],"class_list":["post-1083760","post","type-post","status-publish","format-standard","has-post-thumbnail","category-sport","tag-ac-mailand","tag-deutschland","tag-fussball","tag-germany","tag-glasner-oliver","tag-serie-a","tag-spielertransfer","tag-sport"],"share_on_mastodon":{"url":"https:\/\/pubeurope.com\/@de\/116725552881367782","error":""},"_links":{"self":[{"href":"https:\/\/www.europesays.com\/de\/wp-json\/wp\/v2\/posts\/1083760","targetHints":{"allow":["GET"]}}],"collection":[{"href":"https:\/\/www.europesays.com\/de\/wp-json\/wp\/v2\/posts"}],"about":[{"href":"https:\/\/www.europesays.com\/de\/wp-json\/wp\/v2\/types\/post"}],"author":[{"embeddable":true,"href":"https:\/\/www.europesays.com\/de\/wp-json\/wp\/v2\/users\/2"}],"replies":[{"embeddable":true,"href":"https:\/\/www.europesays.com\/de\/wp-json\/wp\/v2\/comments?post=1083760"}],"version-history":[{"count":0,"href":"https:\/\/www.europesays.com\/de\/wp-json\/wp\/v2\/posts\/1083760\/revisions"}],"wp:featuredmedia":[{"embeddable":true,"href":"https:\/\/www.europesays.com\/de\/wp-json\/wp\/v2\/media\/1083761"}],"wp:attachment":[{"href":"https:\/\/www.europesays.com\/de\/wp-json\/wp\/v2\/media?parent=1083760"}],"wp:term":[{"taxonomy":"category","embeddable":true,"href":"https:\/\/www.europesays.com\/de\/wp-json\/wp\/v2\/categories?post=1083760"},{"taxonomy":"post_tag","embeddable":true,"href":"https:\/\/www.europesays.com\/de\/wp-json\/wp\/v2\/tags?post=1083760"}],"curies":[{"name":"wp","href":"https:\/\/api.w.org\/{rel}","templated":true}]}}