{"id":1083786,"date":"2026-06-10T11:35:17","date_gmt":"2026-06-10T11:35:17","guid":{"rendered":"https:\/\/www.europesays.com\/de\/1083786\/"},"modified":"2026-06-10T11:35:17","modified_gmt":"2026-06-10T11:35:17","slug":"hessen-will-kirchen-fuer-schulen-und-soziales-mehr-oeffnen","status":"publish","type":"post","link":"https:\/\/www.europesays.com\/de\/1083786\/","title":{"rendered":"Hessen will Kirchen f\u00fcr Schulen und Soziales mehr \u00f6ffnen"},"content":{"rendered":"<p class=\"paragraph --regular --color\" data-v-ad2bcb75=\"\" data-v-5c4b7507=\"\">In einem Antrag der Regierungsfraktionen von CDU und SPD hei\u00dft es in diesem Sinne: \u201eNeben der rein kirchlich sakralen Nutzung sowie einzelnen vollst\u00e4ndigen Umnutzungen werden k\u00fcnftig verst\u00e4rkt Modell erweiterter Nutzungen notwendig sein, die Kirchen &#8211; und Sakralgeb\u00e4ude auch f\u00fcr soziale, kulturelle, bildungsbezogene oder gemeinwesenorientierte Zwecke \u00f6ffnen.\u201c<\/p>\n","protected":false},"excerpt":{"rendered":"In einem Antrag der Regierungsfraktionen von CDU und SPD hei\u00dft es in diesem Sinne: \u201eNeben der rein kirchlich&hellip;\n","protected":false},"author":2,"featured_media":1083787,"comment_status":"","ping_status":"","sticky":false,"template":"","format":"standard","meta":{"footnotes":"","_share_on_mastodon":"0"},"categories":[1847],"tags":[5650,5651,5652,5654,5655,3364,29,548,663,3934,30,5660,13,2052,5656,5653,5657,1427,14,15,5659,5658,5661,12,4544,5662],"class_list":["post-1083786","post","type-post","status-publish","format-standard","has-post-thumbnail","category-wiesbaden","tag-alzey","tag-bad-kreuznach","tag-bad-sobernheim","tag-bingen","tag-buerstadt","tag-de","tag-deutschland","tag-eu","tag-europa","tag-europe","tag-germany","tag-guntersblum","tag-headlines","tag-hessen","tag-ingelheim","tag-kirn","tag-lampertheim","tag-mainz","tag-nachrichten","tag-news","tag-nierstein","tag-oppenheim","tag-ruesselsheim","tag-schlagzeilen","tag-wiesbaden","tag-worms"],"share_on_mastodon":{"url":"https:\/\/pubeurope.com\/@de\/116725607796703343","error":""},"_links":{"self":[{"href":"https:\/\/www.europesays.com\/de\/wp-json\/wp\/v2\/posts\/1083786","targetHints":{"allow":["GET"]}}],"collection":[{"href":"https:\/\/www.europesays.com\/de\/wp-json\/wp\/v2\/posts"}],"about":[{"href":"https:\/\/www.europesays.com\/de\/wp-json\/wp\/v2\/types\/post"}],"author":[{"embeddable":true,"href":"https:\/\/www.europesays.com\/de\/wp-json\/wp\/v2\/users\/2"}],"replies":[{"embeddable":true,"href":"https:\/\/www.europesays.com\/de\/wp-json\/wp\/v2\/comments?post=1083786"}],"version-history":[{"count":0,"href":"https:\/\/www.europesays.com\/de\/wp-json\/wp\/v2\/posts\/1083786\/revisions"}],"wp:featuredmedia":[{"embeddable":true,"href":"https:\/\/www.europesays.com\/de\/wp-json\/wp\/v2\/media\/1083787"}],"wp:attachment":[{"href":"https:\/\/www.europesays.com\/de\/wp-json\/wp\/v2\/media?parent=1083786"}],"wp:term":[{"taxonomy":"category","embeddable":true,"href":"https:\/\/www.europesays.com\/de\/wp-json\/wp\/v2\/categories?post=1083786"},{"taxonomy":"post_tag","embeddable":true,"href":"https:\/\/www.europesays.com\/de\/wp-json\/wp\/v2\/tags?post=1083786"}],"curies":[{"name":"wp","href":"https:\/\/api.w.org\/{rel}","templated":true}]}}