{"id":1083902,"date":"2026-06-10T12:44:17","date_gmt":"2026-06-10T12:44:17","guid":{"rendered":"https:\/\/www.europesays.com\/de\/1083902\/"},"modified":"2026-06-10T12:44:17","modified_gmt":"2026-06-10T12:44:17","slug":"wm-2026-dfb-star-nick-woltemade-wehrt-sich-gegen-berichte-in-england-sport","status":"publish","type":"post","link":"https:\/\/www.europesays.com\/de\/1083902\/","title":{"rendered":"WM 2026: DFB-Star Nick Woltemade wehrt sich gegen Berichte in England | Sport"},"content":{"rendered":"<p><a class=\"skip-content skip-content--link\" href=\"#in-content-skip-link-target-v-0-0\">TTS-Player \u00fcberspringen\u21b5<\/a><a id=\"in-content-skip-link-target-v-0-0\" class=\"skip-content--target-link-hidden skip-content skip-content--target-link\" href=\"#in-content-skip-link-target-v-0-0\">Artikel weiterlesen<\/a><\/p>\n<p data-21134c99=\"0-2130\"><b>Diese Kritik will er nicht auf sich sitzen lassen! DFB-Star Nick Woltemade (24) wehrt sich gegen die Berichterstattung \u00fcber seine Leistungen in England.<\/b><\/p>\n<p data-21134c99=\"0-2130\">Im Interview mit dem \u201eStern\u201c sagt der St\u00fcrmer von Newcastle United \u00fcber negative Stimmen in den Medien: \u201eDie Wucht der Kritik und die damit verbundene Unruhe um meine Person haben mich schon \u00fcberrascht.\u201c<\/p>\n<p>Woltemade: \u201eBin weiter als St\u00fcrmer beurteilt worden\u201c<\/p>\n<p data-21134c99=\"0-2130\">Hintergrund der Berichte: Woltemade feierte mit vier Treffern aus den ersten f\u00fcnf Saisonspielen einen tollen Einstand bei Newcastle. In den neun nachfolgenden Partien schoss er drei weitere Tore. Aber: In diesem Jahr hat er nur noch ein einziges Ligator erzielt. Er war im vergangenen Sommer f\u00fcr 75 Mio. Euro vom <a href=\"https:\/\/www.bild.de\/sport\/fussball\/vfb-stuttgart\/startseite-stuttgart-31074430.bild.html\" class=\"text-link\" rel=\"nofollow noopener\" target=\"_blank\">VfB Stuttgart<\/a> zu Newcastle gewechselt. Anfangs spielte er meist als St\u00fcrmer, sp\u00e4ter auch in defensiveren Rollen. Zudem stand er weniger als zuvor in der Startelf.<\/p>\n<p data-21134c99=\"0-2130\">Fragen zu seiner Torflaute fand der fr\u00fchere Stuttgarter deshalb \u201efalsch\u201c und \u201enicht ganz fair\u201c. Woltemade betont: \u201eBei Newcastle war es so, dass ich auf anderen Positionen ausgeholfen habe, sogar als defensiver Mittelfeldspieler. Trotzdem bin ich von manchen Experten weiterhin als St\u00fcrmer beurteilt worden.\u201c<\/p>\n<p><img decoding=\"async\" width=\"992\" height=\"558\" alt=\"F\u00fcr Nick Woltemade (24) verlief das Jahr 2026 bei Newcastle nicht wie erhofft\" src=\"https:\/\/www.europesays.com\/de\/wp-content\/uploads\/2026\/06\/14a52789a0485b749f04ffd6a7771182,f8b9f08e.jpeg\"   class=\"landscape\" loading=\"lazy\"\/><\/p>\n<p class=\"fig__caption__text\">F\u00fcr Nick Woltemade (24) verlief das Jahr 2026 bei Newcastle nicht wie erhofft<\/p>\n<p>Foto: Newcastle United via Getty Images<\/p>\n<p data-21134c99=\"0-2130\">Interessant: Um den Druck im Profifu\u00dfball besser zu bew\u00e4ltigen, arbeitet Woltemade mit einem Mentaltrainer. Diesen kennt er aus seiner Zeit beim damaligen Drittligisten <a href=\"https:\/\/www.bild.de\/sport\/fussball\/sv-elversberg\/startseite-elversberg-84236332.bild.html\" class=\"text-link\" rel=\"nofollow noopener\" target=\"_blank\">SV Elversberg<\/a>. Woltemade: \u201eWir telefonieren alle zwei oder drei Wochen miteinander, manchmal besucht er mich.\u201c<\/p>\n<p data-21134c99=\"0-2130\">Aktuell ist Woltemade auch in der <a href=\"https:\/\/www.bild.de\/sport\/fussball\/nationalmannschaft\/home-15770882.bild.html\" class=\"text-link\" rel=\"nofollow noopener\" target=\"_blank\">DFB-Elf<\/a> nicht gesetzt. Kai Havertz (26) und Deniz Undav (29) erhielten zuletzt den Vorzug. Trotzdem sieht er seine Situation positiv: \u201eIch bin zwar einer der J\u00fcngeren, aber alle wissen, was sie an mir haben. Mit meinen Toren habe ich geholfen, dass wir uns f\u00fcr die WM qualifiziert haben. Ich bin ein gesch\u00e4tztes Familienmitglied.\u201c Und weiter: \u201eDa glauben die Leute an mich, da f\u00fchle ich mich verstanden.\u201c<\/p>\n<p data-21134c99=\"0-2130\">In den <a href=\"https:\/\/www.bild.de\/sport\/fussball\/fifa-wm-2026-QNToDBgFYEJ5vy2KN6mE\" class=\"text-link\" rel=\"nofollow noopener\" target=\"_blank\">WM<\/a>-Tests wurde Woltemade gegen Finnland (4:0) eingewechselt, gegen die USA (2:1) kam er nicht zum Einsatz. Deutschlands erstes WM-Spiel findet am Sonntag gegen Cura\u00e7ao (19 Uhr) in Houston statt.<\/p>\n","protected":false},"excerpt":{"rendered":"TTS-Player \u00fcberspringen\u21b5Artikel weiterlesen Diese Kritik will er nicht auf sich sitzen lassen! DFB-Star Nick Woltemade (24) wehrt sich&hellip;\n","protected":false},"author":2,"featured_media":1083903,"comment_status":"","ping_status":"","sticky":false,"template":"","format":"standard","meta":{"footnotes":"","_share_on_mastodon":"0"},"categories":[136],"tags":[1263,1260,29,481,347,38029,30,24705,50637,957,265,7109,11404,14709],"class_list":["post-1083902","post","type-post","status-publish","format-standard","has-post-thumbnail","category-sport","tag-aufmacher-bereich","tag-deutsche-nationalmannschaft","tag-deutschland","tag-dfb","tag-fussball","tag-fussball-wm-2026","tag-germany","tag-nagelsmann-julian","tag-newcastle-united","tag-premier-league","tag-sport","tag-weltmeisterschaft","tag-wm","tag-woltemade-nick"],"share_on_mastodon":{"url":"https:\/\/pubeurope.com\/@de\/116725879227072573","error":""},"_links":{"self":[{"href":"https:\/\/www.europesays.com\/de\/wp-json\/wp\/v2\/posts\/1083902","targetHints":{"allow":["GET"]}}],"collection":[{"href":"https:\/\/www.europesays.com\/de\/wp-json\/wp\/v2\/posts"}],"about":[{"href":"https:\/\/www.europesays.com\/de\/wp-json\/wp\/v2\/types\/post"}],"author":[{"embeddable":true,"href":"https:\/\/www.europesays.com\/de\/wp-json\/wp\/v2\/users\/2"}],"replies":[{"embeddable":true,"href":"https:\/\/www.europesays.com\/de\/wp-json\/wp\/v2\/comments?post=1083902"}],"version-history":[{"count":0,"href":"https:\/\/www.europesays.com\/de\/wp-json\/wp\/v2\/posts\/1083902\/revisions"}],"wp:featuredmedia":[{"embeddable":true,"href":"https:\/\/www.europesays.com\/de\/wp-json\/wp\/v2\/media\/1083903"}],"wp:attachment":[{"href":"https:\/\/www.europesays.com\/de\/wp-json\/wp\/v2\/media?parent=1083902"}],"wp:term":[{"taxonomy":"category","embeddable":true,"href":"https:\/\/www.europesays.com\/de\/wp-json\/wp\/v2\/categories?post=1083902"},{"taxonomy":"post_tag","embeddable":true,"href":"https:\/\/www.europesays.com\/de\/wp-json\/wp\/v2\/tags?post=1083902"}],"curies":[{"name":"wp","href":"https:\/\/api.w.org\/{rel}","templated":true}]}}