{"id":1083954,"date":"2026-06-10T13:12:17","date_gmt":"2026-06-10T13:12:17","guid":{"rendered":"https:\/\/www.europesays.com\/de\/1083954\/"},"modified":"2026-06-10T13:12:17","modified_gmt":"2026-06-10T13:12:17","slug":"verein-hilfe-fuer-cherson-in-immendingen-zimmern-plant-hilfsaktion-fuer-die-ukraine-und-bittet-um-unterstuetzung","status":"publish","type":"post","link":"https:\/\/www.europesays.com\/de\/1083954\/","title":{"rendered":"Verein Hilfe f\u00fcr Cherson in Immendingen-Zimmern plant Hilfsaktion f\u00fcr die Ukraine und bittet um Unterst\u00fctzung."},"content":{"rendered":"<p class=\"mb-6 text-xs-varying md:text-m lg:text-l font-serif group-[.font-sans]:font-sans \">\n    Schon kurz nach Beginn des russischen Angriffskrieges gegen die Ukraine hat sich im Sommer 2022 in Zimmern der Verein \u201eHilfe f\u00fcr Cherson\u201c gebildet. Dieser hat sich zum Ziel gesetzt, die vom Krieg\u00a0betroffenen Menschen im S\u00fcden der Ukraine, insbesondere im Gebiet der bei Odessa gelegenen Stadt Cherson, humanit\u00e4r zu unterst\u00fctzen.\n  <\/p>\n<p>            Familie in Zimmern gr\u00fcndet Verein<\/p>\n<p class=\"mb-6 text-xs-varying md:text-m lg:text-l font-serif group-[.font-sans]:font-sans \">\n    Die Gr\u00fcndung des Vereins geht auf die Initiative der in Zimmern wohnenden Familie Lierheimer zur\u00fcck. Die Vorsitzende des Vereins, Iryna Lierheimer, wurde in der stark umk\u00e4mpften\u00a0Stadt geboren, lebt jedoch seit geraumer Zeit in Deutschland. In der j\u00fcngsten Hauptversammlung brachte sie zum Ausdruck: \u201eEigentlich wollten wir ein bis zwei Jahre t\u00e4tig werden. Inzwischen sind in dem nicht enden wollenden Krieg nun schon mehr als vier Jahre vergangen und ein Ende ist nicht in Sicht.\u201c\n  <\/p>\n<p class=\"mb-6 text-xs-varying md:text-m lg:text-l font-serif group-[.font-sans]:font-sans \">\n    Wie sie berichtet, ist die Lage an der Frontstadt Cherson nach wie vor sehr angespannt. Die sogenannte rote Zone wurde bis auf drei Kilometer vom Dnepr-Ufer erweitert. Die historische Stadtmitte ist fast vollst\u00e4ndig zerst\u00f6rt. Der t\u00e4gliche Beschuss mit Artillerie und Raketen geht weiter. Massive Angriffe mit Drohnen dauern ebenfalls an &#8211; gezielt gegen die zivile Bev\u00f6lkerung.\n  <\/p>\n<p>            St\u00e4ndig in Angst vor Drohnen<\/p>\n<p class=\"mb-6 text-xs-varying md:text-m lg:text-l font-serif group-[.font-sans]:font-sans \">\n    Die noch verbliebenen Stadtbewohner haben sich ins Landesinnere zur\u00fcckgezogen, weiter weg vom Flussufer, wo gerade die Frontlinie verl\u00e4uft. Auf die Stra\u00dfen gehen die Menschen nur bei Nebel, Dunkelheit oder starkem Regen, damit die Drohnenpiloten sie nicht entdecken k\u00f6nnen. Die Binnenfl\u00fcchtlinge, die aus Cherson\u00a0nach Mykolajiw oder\u00a0Odessa fliehen, k\u00f6nnen nur kurze Zeit am selben Platz\u00a0bleiben, bis dieser wieder zerbombt wird und sie wieder mit ihren wenigen Habseligkeiten weiterziehen m\u00fcssen.\u00a0\n  <\/p>\n<p class=\"mb-6 text-xs-varying md:text-m lg:text-l font-serif group-[.font-sans]:font-sans \">\n    Obgleich der Hilfeverein nur eine bescheidene Anzahl von Mitgliedern hat, wurde in den vergangenen Jahren eine ganze Anzahl von Hilfsaktionen umgesetzt. Auch unterst\u00fctzt durch Spenden kamen auf diese Weise medizinische Hilfsmittel, Notfallausr\u00fcstungen, Hygieneartikel, Geld- und Sachspenden wie Kleidung, Haushaltsartikel\u00a0sowie vieles mehr in das Kriegsgebiet.\u00a0Besonders erfolgreich war 2025 die Aktion \u201eWeihnachten im Schuhkarton\u201c.\n  <\/p>\n<p>            Alle vier Monate Hilfstransporte<\/p>\n<p class=\"mb-6 text-xs-varying md:text-m lg:text-l font-serif group-[.font-sans]:font-sans \">\n    Damit die Sachspenden tats\u00e4chlich in der Ukraine und dort in Cherson ankommen, m\u00fcssen\u00a0f\u00fcr den Transport Organisationen beauftragt werden. Der Verein erh\u00e4lt hierf\u00fcr wertvolle Unterst\u00fctzung durch die Partnerorganisationen \u201eUkrainer im Schwarzwald\u201c und \u201eIch will Menschen helfen\u201c.\n  <\/p>\n<p class=\"mb-6 text-xs-varying md:text-m lg:text-l font-serif group-[.font-sans]:font-sans \">\n    Organisiert werden alle drei bis vier Monate Transporte mit Sachspenden. Geplant ist, mit einem 40-Tonner im Juli den n\u00e4chsten Transport auf den Weg zu bringen. Immer schwieriger stellt sich der Geldtransfer in die Ukraine dar. Doch ohne finanzielle Unterst\u00fctzung geht es nicht, auch aufgrund der wachsenden Transportkosten.\n  <\/p>\n<p>            Windeln und Werkzeuge<\/p>\n<p class=\"mb-6 text-xs-varying md:text-m lg:text-l font-serif group-[.font-sans]:font-sans \">\n    Die Unterst\u00fctzung der Menschen in ihrer schwierigen Lebenslage kann nur weitergef\u00fchrt werden, wenn weiterhin Geld- und Sachspenden erwirkt werden k\u00f6nnen. Besonders ben\u00f6tigt werden:\u00a0Windeln, Hygieneartikel, Stromerzeuger, Werkzeuge, Medikamente, Verbandsmaterial, Haushaltswaren (kein Glas oder Porzellan), Decken, Leint\u00fccher, Handt\u00fccher und Kleidung.\n  <\/p>\n<p>    Finanzielle Hilfe<\/p>\n<p class=\"mb-6 text-xs-varying md:text-m lg:text-l font-serif group-[.font-sans]:font-sans \">\n    Geldspenden k\u00f6nnen unter anderem auf das Konto des Vereins \u201eHilfe f\u00fcr Cherson\u201c bei der Kreissparkasse Tuttlingen, IBAN DE45\u00a06435 0070 0008 603409, BIC: SOLADES1TUT \u00fcberwiesen werden.  Es gibt Spendenbescheinigungen. Kontaktadresse f\u00fcr Sachspenden: Telefon 01799750180, www.ukraine-hilfe-cherson.de.\n  <\/p>\n<p class=\"mb-6 text-xs-varying md:text-m lg:text-l font-serif group-[.font-sans]:font-sans \">\n    \u201eOft sind es nur kleine Gesten, die den Menschen dort den Mut geben, weiterzuk\u00e4mpfen und das Grauen durchzustehen. Auch Kleinigkeiten aus Deutschland senden ihnen das Signal, dass sie nicht vergessen werden\u201c, sagt die Vereinsvorsitzende Iryna Lierheimer.\n  <\/p>\n","protected":false},"excerpt":{"rendered":"Schon kurz nach Beginn des russischen Angriffskrieges gegen die Ukraine hat sich im Sommer 2022 in Zimmern der&hellip;\n","protected":false},"author":2,"featured_media":1083955,"comment_status":"","ping_status":"","sticky":false,"template":"","format":"standard","meta":{"footnotes":"","_share_on_mastodon":"0"},"categories":[4012],"tags":[331,332,8050,29,1478,21794,27743,13,5267,230211,14,15,18223,12,2332,317],"class_list":["post-1083954","post","type-post","status-publish","format-standard","has-post-thumbnail","category-ukraine","tag-aktuelle-nachrichten","tag-aktuelle-news","tag-cherson","tag-deutschland","tag-drohne","tag-geldspende","tag-hauptversammlung","tag-headlines","tag-hilfsaktion","tag-iryna-lierheimer","tag-nachrichten","tag-news","tag-odessa","tag-schlagzeilen","tag-transport","tag-ukraine"],"share_on_mastodon":{"url":"https:\/\/pubeurope.com\/@de\/116725989251684690","error":""},"_links":{"self":[{"href":"https:\/\/www.europesays.com\/de\/wp-json\/wp\/v2\/posts\/1083954","targetHints":{"allow":["GET"]}}],"collection":[{"href":"https:\/\/www.europesays.com\/de\/wp-json\/wp\/v2\/posts"}],"about":[{"href":"https:\/\/www.europesays.com\/de\/wp-json\/wp\/v2\/types\/post"}],"author":[{"embeddable":true,"href":"https:\/\/www.europesays.com\/de\/wp-json\/wp\/v2\/users\/2"}],"replies":[{"embeddable":true,"href":"https:\/\/www.europesays.com\/de\/wp-json\/wp\/v2\/comments?post=1083954"}],"version-history":[{"count":0,"href":"https:\/\/www.europesays.com\/de\/wp-json\/wp\/v2\/posts\/1083954\/revisions"}],"wp:featuredmedia":[{"embeddable":true,"href":"https:\/\/www.europesays.com\/de\/wp-json\/wp\/v2\/media\/1083955"}],"wp:attachment":[{"href":"https:\/\/www.europesays.com\/de\/wp-json\/wp\/v2\/media?parent=1083954"}],"wp:term":[{"taxonomy":"category","embeddable":true,"href":"https:\/\/www.europesays.com\/de\/wp-json\/wp\/v2\/categories?post=1083954"},{"taxonomy":"post_tag","embeddable":true,"href":"https:\/\/www.europesays.com\/de\/wp-json\/wp\/v2\/tags?post=1083954"}],"curies":[{"name":"wp","href":"https:\/\/api.w.org\/{rel}","templated":true}]}}