{"id":1084084,"date":"2026-06-10T14:21:17","date_gmt":"2026-06-10T14:21:17","guid":{"rendered":"https:\/\/www.europesays.com\/de\/1084084\/"},"modified":"2026-06-10T14:21:17","modified_gmt":"2026-06-10T14:21:17","slug":"bahn-laesst-nicht-alle-schueler-aussteigen-woerth-karlsruhe","status":"publish","type":"post","link":"https:\/\/www.europesays.com\/de\/1084084\/","title":{"rendered":"Bahn l\u00e4sst nicht alle Sch\u00fcler aussteigen &#8211; W\u00f6rth\/Karlsruhe"},"content":{"rendered":"<p class=\"rhp-dpa-teaser\"><b>T\u00fcr zu, Zug f\u00e4hrt weiter! So ergeht es vier Sch\u00fclerinnen der IGS W\u00f6rth. W\u00e4hrend ihre Klassenkameraden in Karlsruhe aussteigen, m\u00fcssen sie bis Offenburg weiterfahren. Warum?<\/b><\/p>\n<p> Mit 113 Minuten Versp\u00e4tung f\u00e4hrt der <a class=\"rtr-entity\" data-rtr-entity=\"ICE\" data-rtr-id=\"1f9cc6ffc135f9c525640174efaa834b3c62dee4\" data-rtr-score=\"118.74297393970363\" data-rtr-etype=\"organisation\" data-rtr-index=\"26\" href=\"https:\/\/www.rheinpfalz.de\/themen\/ice\" rel=\"nofollow noopener\" target=\"_blank\">ICE<\/a> 371 an diesem Freitagnachmittag in den Karlsruher Hauptbahnhof ein. Er wird bereits von vielen Eltern sehns\u00fcchtig erwartet. An Bord sind n\u00e4mlich die zehnten Klassen der Carl-Benz-Gesamtschule aus <a class=\"rtr-entity\" data-rtr-entity=\"W\u00f6rth\" data-rtr-id=\"c68b4afdf45a0ab361d35b4a6813e0800f76b867\" data-rtr-score=\"47.85973428717425\" data-rtr-etype=\"location\" data-rtr-index=\"23\" href=\"https:\/\/www.rheinpfalz.de\/themen\/woerth-am-rhein\" rel=\"nofollow noopener\" target=\"_blank\">W\u00f6rth<\/a><\/p>\n<p>. Die Sch\u00fcler und Lehrer haben die Woche vor Pfingsten genutzt, um die in dieser Jahrgangsstufe \u00fcbliche Berlin-Fahrt zu absolvieren. Dass der Zug fast zwei Stunden sp\u00e4ter als erwartet eintrifft, ist zwar \u00e4rgerlich,<\/p>\n<p class=\"rhp-teaser\"><b>T\u00fcr zu, Zug f\u00e4hrt weiter! So ergeht es vier Sch\u00fclerinnen der IGS W\u00f6rth. W\u00e4hrend ihre Klassenkameraden in Karlsruhe aussteigen, m\u00fcssen sie bis Offenburg weiterfahren. Warum?<\/b><\/p>\n","protected":false},"excerpt":{"rendered":"T\u00fcr zu, Zug f\u00e4hrt weiter! So ergeht es vier Sch\u00fclerinnen der IGS W\u00f6rth. W\u00e4hrend ihre Klassenkameraden in Karlsruhe&hellip;\n","protected":false},"author":2,"featured_media":1084085,"comment_status":"","ping_status":"","sticky":false,"template":"","format":"standard","meta":{"footnotes":"","_share_on_mastodon":"0"},"categories":[1844],"tags":[21103,1634,296,3364,2030,29,30,2229,8903,4060,21135,26148],"class_list":["post-1084084","post","type-post","status-publish","format-standard","has-post-thumbnail","category-karlsruhe","tag-pfingsten","tag-baden-wuerttemberg","tag-berlin","tag-de","tag-deutsche-bahn","tag-deutschland","tag-germany","tag-ice","tag-karlsruhe","tag-lokal","tag-offenburg","tag-woerth"],"share_on_mastodon":{"url":"https:\/\/pubeurope.com\/@de\/116726260714019995","error":""},"_links":{"self":[{"href":"https:\/\/www.europesays.com\/de\/wp-json\/wp\/v2\/posts\/1084084","targetHints":{"allow":["GET"]}}],"collection":[{"href":"https:\/\/www.europesays.com\/de\/wp-json\/wp\/v2\/posts"}],"about":[{"href":"https:\/\/www.europesays.com\/de\/wp-json\/wp\/v2\/types\/post"}],"author":[{"embeddable":true,"href":"https:\/\/www.europesays.com\/de\/wp-json\/wp\/v2\/users\/2"}],"replies":[{"embeddable":true,"href":"https:\/\/www.europesays.com\/de\/wp-json\/wp\/v2\/comments?post=1084084"}],"version-history":[{"count":0,"href":"https:\/\/www.europesays.com\/de\/wp-json\/wp\/v2\/posts\/1084084\/revisions"}],"wp:featuredmedia":[{"embeddable":true,"href":"https:\/\/www.europesays.com\/de\/wp-json\/wp\/v2\/media\/1084085"}],"wp:attachment":[{"href":"https:\/\/www.europesays.com\/de\/wp-json\/wp\/v2\/media?parent=1084084"}],"wp:term":[{"taxonomy":"category","embeddable":true,"href":"https:\/\/www.europesays.com\/de\/wp-json\/wp\/v2\/categories?post=1084084"},{"taxonomy":"post_tag","embeddable":true,"href":"https:\/\/www.europesays.com\/de\/wp-json\/wp\/v2\/tags?post=1084084"}],"curies":[{"name":"wp","href":"https:\/\/api.w.org\/{rel}","templated":true}]}}