{"id":1084238,"date":"2026-06-10T15:49:19","date_gmt":"2026-06-10T15:49:19","guid":{"rendered":"https:\/\/www.europesays.com\/de\/1084238\/"},"modified":"2026-06-10T15:49:19","modified_gmt":"2026-06-10T15:49:19","slug":"wm-2026-loest-in-karlsruhe-geteilte-stimmung-unter-fussballfans-aus","status":"publish","type":"post","link":"https:\/\/www.europesays.com\/de\/1084238\/","title":{"rendered":"WM 2026 l\u00f6st in Karlsruhe geteilte Stimmung unter Fu\u00dfballfans aus"},"content":{"rendered":"<p class=\"mb-6 text-xs-varying md:text-m lg:text-l font-serif group-[.font-sans]:font-sans \">\n    Bei der WM ist nat\u00fcrlich auch die deutsche Mannschaft um Bundestrainer Julian Nagelsmann dabei.<strong class=\"font-bold\"> Sie bereitet sich in Chicago auf ihr erstes Gruppenspiel am Sonntag, 14. Juni, gegen Cura\u00e7ao vor.<\/strong> Anpfiff ist um 19 Uhr (MEZ). <a href=\"https:\/\/www.ka-news.de\/karlsruhe\/freizeit-und-veranstaltungen\/wm-2026-diese-10-kneipen-in-karlsruhe-uebertragen-die-spiele-live-19-5-26-114153278\" target=\"_self\" class=\"underline \" rel=\"nofollow noopener\">Wer in Karlsruhe Lust auf gemeinschaftliches Fu\u00dfball-Schauen hat, kann dies in einigen Lokalen. <\/a>Aber wie sehr sind die Karlsruher in WM-Stimmung &#8211; und welcher Mannschaft dr\u00fccken sie die Daumen? <strong class=\"font-bold\">Wir haben uns auf der Kaiserstra\u00dfe umgeh\u00f6rt.<\/strong>\n  <\/p>\n<p>    <img decoding=\"async\" src=\"https:\/\/www.europesays.com\/de\/wp-content\/uploads\/2026\/06\/img5066jpg.jpg\" alt=\"Trikots f\u00fcr die WM 2026 im Schaufenster auf der Karlsruher Kaiserstra\u00dfe.\" title=\"Trikots f\u00fcr die WM 2026 im Schaufenster auf der Karlsruher Kaiserstra\u00dfe.\" loading=\"lazy\" class=\"h-full w-full object-cover\"\/><\/p>\n<p>      Icon vergr\u00f6\u00dfern<\/p>\n<p>    Trikots f\u00fcr die WM 2026 im Schaufenster auf der Karlsruher Kaiserstra\u00dfe.<br \/>\n    Foto: Nathan Fechler<\/p>\n<p>        Schlie\u00dfen <\/p>\n<p>      Icon Schlie\u00dfen<\/p>\n<p>        Icon vergr\u00f6\u00dfern<\/p>\n<p>        Icon verkleinern<\/p>\n<p>      Icon Pfeil bewegen<\/p>\n<p>    Trikots f\u00fcr die WM 2026 im Schaufenster auf der Karlsruher Kaiserstra\u00dfe.<br \/>\n    Foto: Nathan Fechler<\/p>\n<p>            \u201eBlo\u00df keine sp\u00e4ten Spiele\u201c, sagt Barbara<\/p>\n<p class=\"mb-6 text-xs-varying md:text-m lg:text-l font-serif group-[.font-sans]:font-sans \">\n    Den Auftakt macht Barbara: Sie will die WM am liebsten gem\u00fctlich von zu Hause aus verfolgen \u2013 und zwar m\u00f6glichst viele Spiele. Ein Wunsch steht f\u00fcr sie dabei ganz oben:\u00a0<strong class=\"font-bold\">bitte keine unchristlichen Ansto\u00dfzeiten<\/strong>\u00a0f\u00fcr die deutsche Elf. \u201eAlso fr\u00fch aufstehen will ich jetzt nicht\u201c, sagt sie und lacht. Sportlich ist Barbara optimistisch: F\u00fcr Deutschland geht\u2019s f\u00fcr sie\u00a0<strong class=\"font-bold\">mindestens bis ins Halbfinale<\/strong>. \u201eWarum auch nicht\u201c, meint sie zuversichtlich.\n  <\/p>\n<p>            \u201eWenn Frankreich kommt, wird es schwer\u201c<\/p>\n<p class=\"mb-6 text-xs-varying md:text-m lg:text-l font-serif group-[.font-sans]:font-sans \">\n    Die zweite Person, die wir in der Karlsruher Innenstadt treffen, ist Fabian Gaukel. <a href=\"https:\/\/www.ka-news.de\/region\/karlsruhe\/aus-karlsruhe-nach-berlin-fabian-gaukel-tritt-fuer-volt-an-art-3284111\" target=\"_self\" class=\"underline \" rel=\"nofollow noopener\">Vielen als Karlsruher Stadtrat f\u00fcr die Volt-Partei bekannt<\/a>. Auf die Frage, ob er die WM den schaut, meint er zu ka-news: \u201eIch wei\u00df bislang nicht genau.\u201c Ihm fehle dieses freie, beschwingende Gef\u00fchl wie bei der <a href=\"https:\/\/www.ka-news.de\/region\/karlsruhe\/wo-kann-ich-die-em-in-karlsruhe-anschauen-art-3160266\" target=\"_self\" class=\"underline \" rel=\"nofollow noopener\">Heim-EM vor zwei Jahren.<\/a> Hinzu k\u00e4me auch die instabile politische Lage in den USA.\n  <\/p>\n<p>    <img decoding=\"async\" src=\"https:\/\/www.europesays.com\/de\/wp-content\/uploads\/2026\/06\/img5058jpg.jpg\" alt=\"Fabian fehlt noch das Fu\u00dfball-Gef\u00fchl f\u00fcr die WM 2026.\" title=\"Fabian fehlt noch das Fu\u00dfball-Gef\u00fchl f\u00fcr die WM 2026.\" loading=\"lazy\" class=\"h-full w-full object-cover\"\/><\/p>\n<p>      Icon vergr\u00f6\u00dfern<\/p>\n<p>    Fabian fehlt noch das Fu\u00dfball-Gef\u00fchl f\u00fcr die WM 2026.<br \/>\n    Foto: Nathan Fechler<\/p>\n<p>        Schlie\u00dfen <\/p>\n<p>      Icon Schlie\u00dfen<\/p>\n<p>        Icon vergr\u00f6\u00dfern<\/p>\n<p>        Icon verkleinern<\/p>\n<p>      Icon Pfeil bewegen<\/p>\n<p>    Fabian fehlt noch das Fu\u00dfball-Gef\u00fchl f\u00fcr die WM 2026.<br \/>\n    Foto: Nathan Fechler<\/p>\n<p class=\"mb-6 text-xs-varying md:text-m lg:text-l font-serif group-[.font-sans]:font-sans \">\n    \u201eAn sich schaue ich jedoch sehr gerne gro\u00dfe Sportevents\u201c, so Fabian. Und nat\u00fcrlich dr\u00fcckt er auch dem deutschen Team fest die Daumen. Dass es Deutschland bereits im Achtelfinale mit Top-Favorit Frankreich zu tun bekommen kann, ist Fabian bewusst. <strong class=\"font-bold\">Er h\u00e4lt dennoch f\u00fcr m\u00f6glich, dass Deutschland an einem guten Tag auch noch bis ins Viertelfinale und weiter marschieren kann.<\/strong>\n  <\/p>\n<p>            Murat ist f\u00fcr T\u00fcrkei und Deutschland<\/p>\n<p class=\"mb-6 text-xs-varying md:text-m lg:text-l font-serif group-[.font-sans]:font-sans \">\n    Murat treffen wir an seinem Blumenstand am Marktplatz. \u201eIch bin f\u00fcr die T\u00fcrkei. Und wenn die rausfliegt, dann f\u00fcr Deutschland\u201c, sagt Murat lachend auf die Frage, f\u00fcr wen er denn sei. \u201eMit dieser T\u00fcrkei-Mannschaft kann man gar nicht anders als euphorisch zu sein\u201c, so Murat. F\u00fcr ihn ist es die<strong class=\"font-bold\"> beste t\u00fcrkische Mannschaft seit 2002,<\/strong> als die T\u00fcrkei sensationell den dritten Platz belegte.\n  <\/p>\n<p class=\"mb-6 text-xs-varying md:text-m lg:text-l font-serif group-[.font-sans]:font-sans \">\n    Trotzdem traut er der T\u00fcrkei erst einmal \u201enur\u201c das Viertelfinale zu. Das sei schon ein Riesenerfolg f\u00fcr das Land, das <strong class=\"font-bold\">seit jener WM 2002 nach einer erneuten Teilnahme d\u00fcrstet.<\/strong>\n  <\/p>\n<p>            Franck ist f\u00fcr die Elfenbeink\u00fcste: \u201eBis ins Finale nat\u00fcrlich\u201c<\/p>\n<p class=\"mb-6 text-xs-varying md:text-m lg:text-l font-serif group-[.font-sans]:font-sans \">\n    Auf dem Marktplatz kommen wir dann ins Gespr\u00e4ch mit Franck. Franck kommt aus der Elfenbeink\u00fcste und wird dementsprechend sein Heimatland und den Gruppengegner der DFB-Elf unterst\u00fctzen.<strong class=\"font-bold\"> \u201eIch bin schon sehr euphorisch\u201c<\/strong>, sagt Franck uns.\n  <\/p>\n<p>    <img decoding=\"async\" src=\"https:\/\/www.europesays.com\/de\/wp-content\/uploads\/2026\/06\/img5061jpg.jpg\" alt=\"Franck dr\u00fcckt dem Team der Elfenbeink\u00fcste die Daumen bei der Fu\u00dfball WM 2026.\" title=\"Franck dr\u00fcckt dem Team der Elfenbeink\u00fcste die Daumen bei der Fu\u00dfball WM 2026.\" loading=\"lazy\" class=\"h-full w-full object-cover\"\/><\/p>\n<p>      Icon vergr\u00f6\u00dfern<\/p>\n<p>    Franck dr\u00fcckt dem Team der Elfenbeink\u00fcste die Daumen bei der Fu\u00dfball WM 2026.<br \/>\n    Foto: Nathan Fechler<\/p>\n<p>        Schlie\u00dfen <\/p>\n<p>      Icon Schlie\u00dfen<\/p>\n<p>        Icon vergr\u00f6\u00dfern<\/p>\n<p>        Icon verkleinern<\/p>\n<p>      Icon Pfeil bewegen<\/p>\n<p>    Franck dr\u00fcckt dem Team der Elfenbeink\u00fcste die Daumen bei der Fu\u00dfball WM 2026.<br \/>\n    Foto: Nathan Fechler<\/p>\n<p class=\"mb-6 text-xs-varying md:text-m lg:text-l font-serif group-[.font-sans]:font-sans \">\n    Lachend sagt er uns auch, wie weit es f\u00fcr die Elfenbeink\u00fcste beim Turnier gehen wird: \u201eBis ins Finale nat\u00fcrlich\u201c.  Das mag zwar erst einmal unrealistisch klingen, jedoch darf man nicht au\u00dfer Acht lassen, dass die Elfenbeink\u00fcste weltweit eines der einzigen Teams war, die<strong class=\"font-bold\"> w\u00e4hrend der gesamten Quali-Phase kein einziges Gegentor kassiert<\/strong> haben.\n  <\/p>\n<p>            Christian setzt auf den WM-Sieg 2026<\/p>\n<p class=\"mb-6 text-xs-varying md:text-m lg:text-l font-serif group-[.font-sans]:font-sans \">\n    Zwischen den Menschenmengen in der Kaiserstra\u00dfe treffen wir zum Abschluss Christian. Er ist schon komplett im WM-Modus. \u201eIch habe mir auch<strong class=\"font-bold\"> extra das neue Check24-Trikot geholt<\/strong>\u201c, sagt er. Das hat er sich auch bei der EM 2024 gesichert. Und Christian ist nicht nur gut ausgestattet, sondern auch siegessicher.\n  <\/p>\n<p>    <img decoding=\"async\" src=\"https:\/\/www.europesays.com\/de\/wp-content\/uploads\/2026\/06\/img5068jpg.jpg\" alt=\"Christian glaubt an den ganz gro\u00dfen Wurf bei der WM 2026.\" title=\"Christian glaubt an den ganz gro\u00dfen Wurf bei der WM 2026.\" loading=\"lazy\" class=\"h-full w-full object-cover\"\/><\/p>\n<p>      Icon vergr\u00f6\u00dfern<\/p>\n<p>    Christian glaubt an den ganz gro\u00dfen Wurf bei der WM 2026.<br \/>\n    Foto: Nathan Fechler<\/p>\n<p>        Schlie\u00dfen <\/p>\n<p>      Icon Schlie\u00dfen<\/p>\n<p>        Icon vergr\u00f6\u00dfern<\/p>\n<p>        Icon verkleinern<\/p>\n<p>      Icon Pfeil bewegen<\/p>\n<p>    Christian glaubt an den ganz gro\u00dfen Wurf bei der WM 2026.<br \/>\n    Foto: Nathan Fechler<\/p>\n<p class=\"mb-6 text-xs-varying md:text-m lg:text-l font-serif group-[.font-sans]:font-sans \">\n    <strong class=\"font-bold\">\u201eIch denke, wir werden Weltmeister\u201c<\/strong>, teilt er uns selbstbewusst mit. Eine andere Sorge nagt trotzdem sehr an ihm. Die <strong class=\"font-bold\">Angst vor steigenden Bierpreisen<\/strong> aufgrund der WM. Dennoch freut er sich schon ungemein auf das erste Spiel der DFB-Elf gegen Cura\u00e7ao. Dann wird sich zeigen, wie weltmeisterlich Deutschland wirklich ist.\n  <\/p>\n","protected":false},"excerpt":{"rendered":"Bei der WM ist nat\u00fcrlich auch die deutsche Mannschaft um Bundestrainer Julian Nagelsmann dabei. Sie bereitet sich in&hellip;\n","protected":false},"author":2,"featured_media":1084239,"comment_status":"","ping_status":"","sticky":false,"template":"","format":"standard","meta":{"footnotes":"","_share_on_mastodon":"0"},"categories":[1844],"tags":[1634,33895,3364,29,63828,197075,5913,19366,230335,30,8903,143,64],"class_list":["post-1084238","post","type-post","status-publish","format-standard","has-post-thumbnail","category-karlsruhe","tag-baden-wuerttemberg","tag-curacao","tag-de","tag-deutschland","tag-elfenbeinkueste","tag-fabian-gaukel","tag-frust","tag-fussball-wm","tag-fussballfieber","tag-germany","tag-karlsruhe","tag-tuerkei","tag-usa"],"share_on_mastodon":{"url":"https:\/\/pubeurope.com\/@de\/116726608398099028","error":""},"_links":{"self":[{"href":"https:\/\/www.europesays.com\/de\/wp-json\/wp\/v2\/posts\/1084238","targetHints":{"allow":["GET"]}}],"collection":[{"href":"https:\/\/www.europesays.com\/de\/wp-json\/wp\/v2\/posts"}],"about":[{"href":"https:\/\/www.europesays.com\/de\/wp-json\/wp\/v2\/types\/post"}],"author":[{"embeddable":true,"href":"https:\/\/www.europesays.com\/de\/wp-json\/wp\/v2\/users\/2"}],"replies":[{"embeddable":true,"href":"https:\/\/www.europesays.com\/de\/wp-json\/wp\/v2\/comments?post=1084238"}],"version-history":[{"count":0,"href":"https:\/\/www.europesays.com\/de\/wp-json\/wp\/v2\/posts\/1084238\/revisions"}],"wp:featuredmedia":[{"embeddable":true,"href":"https:\/\/www.europesays.com\/de\/wp-json\/wp\/v2\/media\/1084239"}],"wp:attachment":[{"href":"https:\/\/www.europesays.com\/de\/wp-json\/wp\/v2\/media?parent=1084238"}],"wp:term":[{"taxonomy":"category","embeddable":true,"href":"https:\/\/www.europesays.com\/de\/wp-json\/wp\/v2\/categories?post=1084238"},{"taxonomy":"post_tag","embeddable":true,"href":"https:\/\/www.europesays.com\/de\/wp-json\/wp\/v2\/tags?post=1084238"}],"curies":[{"name":"wp","href":"https:\/\/api.w.org\/{rel}","templated":true}]}}