{"id":1084246,"date":"2026-06-10T15:53:18","date_gmt":"2026-06-10T15:53:18","guid":{"rendered":"https:\/\/www.europesays.com\/de\/1084246\/"},"modified":"2026-06-10T15:53:18","modified_gmt":"2026-06-10T15:53:18","slug":"fernwaermearbeiten-in-der-city-zentrale-haltestelle-am-bielefelder-jahnplatz-verlegt","status":"publish","type":"post","link":"https:\/\/www.europesays.com\/de\/1084246\/","title":{"rendered":"Fernw\u00e4rmearbeiten in der City: Zentrale Haltestelle am Bielefelder Jahnplatz verlegt"},"content":{"rendered":"<p id=\"absatz1\" class=\"em_text\">Bielefeld. Am Bielefelder Jahnplatz wird f\u00fcr einen Monat der Bussteig D nicht angefahren. Das verk\u00fcnden rot-orangene Zettel an der Haltestelle. Die weisen die Fahrg\u00e4ste darauf hin, dass der Bussteig B genutzt werden solle.<\/p>\n<p id=\"absatz2\" class=\"em_text\">Au\u00dfer der Zettel sind die Hinweise rar, denn auch die elektronische Anzeigetafel gibt aktuell keine Informationen an Wartende weiter. Mobiel best\u00e4tigt jedoch, dass der Bussteig D von Montag, 8. Juni, bis voraussichtlich 7. Juli, nicht angefahren wird. Demnach finden in der Viktoriastra\u00dfe aktuell Fernw\u00e4rme-Arbeiten statt. Die Bauma\u00dfnahme erfordere die Umleitung von Bus-Linien. Weil diese \u00fcber die Heeper Stra\u00dfe, August-Bebel-Stra\u00dfe und Friedrich-Ebert-Stra\u00dfe bis zum Jahnplatz erfolge, k\u00f6nne Bussteig B aktuell nicht angefahren werden.<\/p>\n<p id=\"absatz3\" class=\"em_text\">Das werde vor Ort durch Aush\u00e4nge an der Haltestelle kommuniziert, so Mobiel weiter. In der Mobiel \u201eYou App\u201c sei bei allen betroffenen Bus-Linien der Hinweis hinterlegt, dass die Busse umgeleitet werden und welche Haltestellen in diesem Zeitraum entfallen.<\/p>\n<p>\n        \u00d7\n    <\/p>\n<p>\n            Sie erhalten in wenigen Minuten eine E-Mail zur Best\u00e4tigung Ihrer Anmeldung.\n        <\/p>\n<p>Erst danach ist diese abgeschlossen.<\/p>\n<p>Bitte pr\u00fcfen Sie auch den Spam-Ordner.<\/p>\n<p>\n        \u00d7\n    <\/p>\n<p>\n            Sie haben bisher Ihre E-Mail-Adresse noch nicht best\u00e4tigt.\n        <\/p>\n<p>Erst danach ist diese abgeschlossen.<\/p>\n<p>Bitte pr\u00fcfen Sie auch den Spam-Ordner.<\/p>\n<p>\n        \u00d7\n    <\/p>\n<p>\n            Es ist einen Fehler aufgetreten\n        <\/p>\n<p>Bei Fragen hilft unser Newsletter-Support<\/p>\n<p> Newsletter<\/p>\n<p> Aus Bielefeld<\/p>\n<p>W\u00f6chentliche News direkt aus der Redaktion Bielefeld.<\/p>\n<p>                Jetzt anmelden<\/p>\n<p>Welche Linien betroffen sind:<\/p>\n<p class=\"em_text\">Von Montag, 8. Juni bis etwa. Dienstag, 7. Juli werden folgende Buslinien in beide Richtungen an der Viktoriastra\u00dfe umgeleitet:<\/p>\n<p id=\"absatz5\" class=\"Liste\" data-semantic=\"p\">21<\/p>\n<p id=\"absatz6\" class=\"Liste\" data-semantic=\"p\">22<\/p>\n<p id=\"absatz7\" class=\"Liste\" data-semantic=\"p\">29<\/p>\n<p id=\"absatz8\" class=\"Liste\" data-semantic=\"p\">126<\/p>\n<p id=\"absatz9\" class=\"Liste\" data-semantic=\"p\">142<\/p>\n<p id=\"absatz10\" class=\"Liste\" data-semantic=\"p\">369,<\/p>\n<p id=\"absatz11\" class=\"Liste\" data-semantic=\"p\">N4<\/p>\n<p id=\"absatz12\" class=\"Liste\" data-semantic=\"p\">N5<\/p>\n<p id=\"absatz13\" class=\"Liste\" data-semantic=\"p\">N9<\/p>\n<p id=\"absatz14\" class=\"Liste\" data-semantic=\"p\">N14<\/p>\n<p id=\"absatz15\"><b class=\"bold\">Aktuelle Mobiel-Infos:<\/b> <a href=\"https:\/\/www.mobiel.de\/aktuelles\/neueste-umleitungen\/\" rel=\"noopener nofollow\" target=\"_blank\">Neueste Umleitungen finden Sie hier<\/a><\/p>\n<p id=\"absatz16\"><b class=\"bold\">Folgende Haltestellen entfallen:<\/b><\/p>\n<p id=\"absatz17\" class=\"Liste\" data-semantic=\"p\">Turnerstra\u00dfe<\/p>\n<p id=\"absatz18\" class=\"Liste\" data-semantic=\"p\">Volkshochschule<\/p>\n<p id=\"absatz19\" class=\"Liste\" data-semantic=\"p\">Kesselbrink (stadtausw\u00e4rts)<\/p>\n<p id=\"absatz20\" class=\"Liste\" data-semantic=\"p\">Jahnplatz D (Linie 22, 29 stadteinw\u00e4rts)<\/p>\n<p id=\"absatz21\"><b class=\"bold\">Die Alternativen<\/b><\/p>\n<p id=\"absatz22\" class=\"Liste\" data-semantic=\"p\">Ersatzhaltestelle Heeper Stra\u00dfe (H\u00f6he Kronenstra\u00dfe)<\/p>\n<p id=\"absatz23\" class=\"Liste\" data-semantic=\"p\">Kesselbrink in der Friedrich-Ebert-Stra\u00dfe (stadteinw\u00e4rts)<\/p>\n<p id=\"absatz24\" class=\"Liste\" data-semantic=\"p\">Jahnplatz B (stadteinw\u00e4rts)<\/p>\n<p id=\"absatz25\" class=\"em_text\">Die Umleitung erfolgt \u00fcber Heeper Stra\u00dfe, August-Bebel-Stra\u00dfe und Friedrich-Ebert-Stra\u00dfe.<\/p>\n<p>So k\u00f6nnen sich Fahrg\u00e4ste informieren<\/p>\n<p id=\"absatz26\" class=\"em_text\">Mobiel weist darauf hin, dass in der App die Umleitungsstrecke per Download-Link hinterlegt sei. Die Informationen sind ebenso in der Fahrplanauskunft auf <a data-auth=\"NotApplicable\" data-linkindex=\"2\" href=\"http:\/\/www.mobiel.de\/\" rel=\"noopener noreferrer nofollow\" target=\"_blank\" title=\"http:\/\/www.mobiel.de\">www.mobiel.de<\/a> abrufbar. Dar\u00fcber hinaus bietet Mobiel auf der Webseite einen \u00dcberblick zu allen aktuellen Umleitungen im Stadtgebiet an. Hier gibt es auch den Hinweis zu den <a href=\"https:\/\/www.mobiel.de\/aktuelles\/neueste-umleitungen\/umleitung-an-der-viktoriastrasse-1\/\" rel=\"noopener nofollow\" target=\"_blank\">Umleitungen Viktoriastra\u00dfe.<\/a><\/p>\n<p id=\"absatz27\" class=\"em_text\">Auch das Presseamt der Stadt Bielefeld habe zudem informiert, dass Bus-Linien, die sonst \u00fcber die Viktoriastra\u00dfe fahren, aktuell umgeleitet werden. <\/p>\n<p id=\"absatz28\"><b class=\"bold\">Infos <\/b><b class=\"bold\">der Stadt Bielefeld<\/b> <a data-auth=\"NotApplicable\" data-linkindex=\"5\" href=\"https:\/\/www.bielefeld.de\/node\/35746\" rel=\"noopener noreferrer nofollow\" target=\"_blank\" title=\"https:\/\/www.bielefeld.de\/node\/35746\">Fernw\u00e4rmearbeiten: Vollsperrung in der Viktoriastra\u00dfe<\/a><\/p>\n<p>Versp\u00e4tete digitale Anzeige am Jahnplatz<\/p>\n<p id=\"absatz29\" class=\"em_text\">Infolge des Einspielens von neuen Fahrplandaten ist es m\u00f6glich, dass Anzeigetafeln die \u00c4nderungen mit etwas Versp\u00e4tung \u00fcbernehmen. Am Jahnplatz werde die korrekte Anzeige voraussichtlich ab Mittwoch, 10. Juni, sichtbar sein, so Mobiel. <\/p>\n","protected":false},"excerpt":{"rendered":"Bielefeld. Am Bielefelder Jahnplatz wird f\u00fcr einen Monat der Bussteig D nicht angefahren. Das verk\u00fcnden rot-orangene Zettel an&hellip;\n","protected":false},"author":2,"featured_media":1084247,"comment_status":"","ping_status":"","sticky":false,"template":"","format":"standard","meta":{"footnotes":"","_share_on_mastodon":"0"},"categories":[1841],"tags":[228887,1605,95671,3364,29,230339,11471,30,6513,76432,26502,1611,1606,198610,736,26093,1613,1209,2224],"class_list":["post-1084246","post","type-post","status-publish","format-standard","has-post-thumbnail","category-bielefeld","tag-august-bebel-strasse","tag-bielefeld","tag-bussteig","tag-de","tag-deutschland","tag-fernwaermearbeit","tag-friedrich-ebert-strasse","tag-germany","tag-haltestelle","tag-heeper","tag-jahnplatz","tag-label_informiere-mich","tag-label_m-80","tag-meta_artikelklasse_debatte","tag-meta_copyrights_nw","tag-meta_themen_verkehr_mobilitaet","tag-meta_userneeds_informieremich","tag-nordrhein-westfalen","tag-sperrung"],"share_on_mastodon":{"url":"https:\/\/pubeurope.com\/@de\/116726622343065245","error":""},"_links":{"self":[{"href":"https:\/\/www.europesays.com\/de\/wp-json\/wp\/v2\/posts\/1084246","targetHints":{"allow":["GET"]}}],"collection":[{"href":"https:\/\/www.europesays.com\/de\/wp-json\/wp\/v2\/posts"}],"about":[{"href":"https:\/\/www.europesays.com\/de\/wp-json\/wp\/v2\/types\/post"}],"author":[{"embeddable":true,"href":"https:\/\/www.europesays.com\/de\/wp-json\/wp\/v2\/users\/2"}],"replies":[{"embeddable":true,"href":"https:\/\/www.europesays.com\/de\/wp-json\/wp\/v2\/comments?post=1084246"}],"version-history":[{"count":0,"href":"https:\/\/www.europesays.com\/de\/wp-json\/wp\/v2\/posts\/1084246\/revisions"}],"wp:featuredmedia":[{"embeddable":true,"href":"https:\/\/www.europesays.com\/de\/wp-json\/wp\/v2\/media\/1084247"}],"wp:attachment":[{"href":"https:\/\/www.europesays.com\/de\/wp-json\/wp\/v2\/media?parent=1084246"}],"wp:term":[{"taxonomy":"category","embeddable":true,"href":"https:\/\/www.europesays.com\/de\/wp-json\/wp\/v2\/categories?post=1084246"},{"taxonomy":"post_tag","embeddable":true,"href":"https:\/\/www.europesays.com\/de\/wp-json\/wp\/v2\/tags?post=1084246"}],"curies":[{"name":"wp","href":"https:\/\/api.w.org\/{rel}","templated":true}]}}