{"id":1084320,"date":"2026-06-10T16:32:17","date_gmt":"2026-06-10T16:32:17","guid":{"rendered":"https:\/\/www.europesays.com\/de\/1084320\/"},"modified":"2026-06-10T16:32:17","modified_gmt":"2026-06-10T16:32:17","slug":"lesung-in-koeln-so-war-der-auftritt-von-edouard-louis","status":"publish","type":"post","link":"https:\/\/www.europesays.com\/de\/1084320\/","title":{"rendered":"Lesung in K\u00f6ln: So war der Auftritt von \u00c9douard Louis"},"content":{"rendered":"<p class=\"text_ohne_einzug richtext text-em-55 !leading-serif mx-6 desktop:mx-0\">\u201eMeinen Bruder kennenzulernen, bedeutete, ihn hassen zu lernen.\u201c Es sind keine leichten Worte, die \u00c9douard Louis \u00fcber seine Familie schreibt \u2013 das ist aber keine Neuigkeit. Der 33-J\u00e4hrige gilt seit seinem Deb\u00fctroman \u201eDas Ende von Eddy\u201c 2014 als Stimme einer neuen, politischen Autorengeneration.<\/p>\n<p class=\"richtext text-em-55 !leading-serif mx-6 desktop:mx-0\">\u00c9douard Louis\u2019 Thema ist soziale Klasse, sein Anwendungsfeld seine Familie aus der franz\u00f6sischen Arbeiterklasse. Seine Beobachtungen brachten \u00c9douard Louis Applaus beim b\u00fcrgerlichen Publikum ein, aber auch Abneigung seiner eigenen Familie. W\u00e4hrend er bei der Diskussionsveranstaltung der Phil.Cologne in K\u00f6ln bei seiner zweist\u00fcndigen Veranstaltung auf Englisch antwortet, liest der Schauspieler Jannik Sch\u00fcmann aus dem neuen Buch auf Deutsch vor.<\/p>\n<p class=\"richtext text-em-55 !leading-serif mx-6 desktop:mx-0\">\u201eDer Absturz\u201c hei\u00dft es, es soll der letzte Teil der Familien-Saga sein, das best\u00e4tigt Louis am Abend in K\u00f6ln. Das Buch behandelt den Tod von Louis\u2019 Bruder, der mit 38 Jahren an den Folgen seines Alkoholkonsums starb. Der Bruder hatte Tr\u00e4ume, scheiterte an ihnen, stand zwischenzeitlich auch einmal mit einem Baseballschl\u00e4ger in <a href=\"https:\/\/rp-online.de\/thema\/paris\/\" rel=\"nofollow noopener\" target=\"_blank\">Paris<\/a>, als er erfuhr, dass \u00c9douard Louis schwul sei. \u201eIch hasste meinen Bruder, bis ich ihn verstand\u201c, das ist eines der Zitate aus seinem Roman.<\/p>\n<p class=\"richtext text-em-55 !leading-serif mx-6 desktop:mx-0\">Das Verst\u00e4ndnis, das \u00c9douard Louis meint, soll aber keine verkl\u00e4rende Liebeserkl\u00e4rung an das verstorbene Geschwisterkind sein. \u201eW\u00fcrde mein Bruder heute wieder auferstehen, w\u00fcrde ich ihn nicht umarmen\u201c, erz\u00e4hlt Louis im Interview mit Moderatorin Emily Grunert. \u201eIch habe gemerkt, dass es l\u00e4cherlich ist, einen toten K\u00f6rper zu hassen.\u201c W\u00e4hrend der Arbeit am Roman habe er neue Emotionen seinem Bruder gegen\u00fcber entdeckt, darunter auch Mitleid. \u201eWenn es einen Untertitel f\u00fcr dieses Buch geben m\u00fcsste, w\u00e4re es \u201aMitleid mit dem Monster\u2019.\u201c<\/p>\n<p class=\"richtext text-em-55 !leading-serif mx-6 desktop:mx-0\">Wer an diesem Abend anwesend ist, merkt, wie ehrlich der  charismatische Louis mit dem Publikum ist \u2013 und auch ausgesprochen lustig. Wenn er von den 17 Versionen erz\u00e4hlt, die sein bester Freund Didier \u00c9ribon (selbst Schriftsteller) immer wieder mit \u201eEs ist leider immer noch sehr, sehr schlecht\u201c zur\u00fcckgibt, ist das ein herrlicher Treppenwitz der Geschichte.<\/p>\n<p class=\"richtext text-em-55 !leading-serif mx-6 desktop:mx-0\">Man merkt dem Autor aber auch an, dass die Geschehnisse rund um die Entstehung des Romans seine Sichtweise ver\u00e4ndert haben. Offen redet er \u00fcber eigene Fehler, seine Familie als Figuren dargestellt zu haben, die nie aus ihrem Leben ausbrechen wollten. Er selbst \u2013 der schwule Junge aus der Kleinstadt, der in die gro\u00dfe Stadt zieht und Romane schreibt \u2013 sei selbst ein sozialer Determinismus, wenn auch ein seltener.<\/p>\n<p class=\"richtext text-em-55 !leading-serif mx-6 desktop:mx-0\">Seine Aufgabe, eine neue Sprache f\u00fcr Klassenk\u00e4mpfe zu finden, zeigt er an Details. \u201eMit 50 Jahren ist meine Mutter zum ersten Mal geflogen, war im Theater und hat in einem Hotelzimmer \u00fcbernachtet\u201c, berichtet Louis. Dass selbst diese fehlende soziale Teilhabe ein Klassenkampf sei, aber nicht beachtet werde, liege daran, \u201edass der Schmerz, sich nicht \u00e4ndern zu k\u00f6nnen, keinen Platz in der Gesellschaft besitzt.\u201c Seiner Meinung nach m\u00fcsse diese Unterst\u00fctzung zum Wandel nicht nur individuell geschehen, sondern politisch, in Form eines \u201eMetamorphose-Ministeriums\u201c. F\u00fcr ihn als Autoren bedeute es weiterhin, um Repr\u00e4sentation zu k\u00e4mpfen, auch wenn nicht mehr seine Familie im Mittelpunkt stehe. Das Schreiben \u00fcber seinen Bruder habe ihn aber eines gelehrt: \u201eDas Schreiben \u00fcber Menschen gibt ihnen ein zweites Leben.\u201c<\/p>\n","protected":false},"excerpt":{"rendered":"\u201eMeinen Bruder kennenzulernen, bedeutete, ihn hassen zu lernen.\u201c Es sind keine leichten Worte, die \u00c9douard Louis \u00fcber seine&hellip;\n","protected":false},"author":2,"featured_media":1084321,"comment_status":"","ping_status":"","sticky":false,"template":"","format":"standard","meta":{"footnotes":"","_share_on_mastodon":"0"},"categories":[1828],"tags":[230351,26938,1797,29,36644,553,30,230352,230350,1420,53009,1209,75199,27177],"class_list":["post-1084320","post","type-post","status-publish","format-standard","has-post-thumbnail","category-koeln","tag-auferstehen","tag-bruder","tag-buch","tag-deutschland","tag-edouard","tag-familie","tag-germany","tag-hassen","tag-jannik-schuemann","tag-koeln","tag-louis","tag-nordrhein-westfalen","tag-phil","tag-rahmen"],"share_on_mastodon":{"url":"https:\/\/pubeurope.com\/@de\/116726775489238341","error":""},"_links":{"self":[{"href":"https:\/\/www.europesays.com\/de\/wp-json\/wp\/v2\/posts\/1084320","targetHints":{"allow":["GET"]}}],"collection":[{"href":"https:\/\/www.europesays.com\/de\/wp-json\/wp\/v2\/posts"}],"about":[{"href":"https:\/\/www.europesays.com\/de\/wp-json\/wp\/v2\/types\/post"}],"author":[{"embeddable":true,"href":"https:\/\/www.europesays.com\/de\/wp-json\/wp\/v2\/users\/2"}],"replies":[{"embeddable":true,"href":"https:\/\/www.europesays.com\/de\/wp-json\/wp\/v2\/comments?post=1084320"}],"version-history":[{"count":0,"href":"https:\/\/www.europesays.com\/de\/wp-json\/wp\/v2\/posts\/1084320\/revisions"}],"wp:featuredmedia":[{"embeddable":true,"href":"https:\/\/www.europesays.com\/de\/wp-json\/wp\/v2\/media\/1084321"}],"wp:attachment":[{"href":"https:\/\/www.europesays.com\/de\/wp-json\/wp\/v2\/media?parent=1084320"}],"wp:term":[{"taxonomy":"category","embeddable":true,"href":"https:\/\/www.europesays.com\/de\/wp-json\/wp\/v2\/categories?post=1084320"},{"taxonomy":"post_tag","embeddable":true,"href":"https:\/\/www.europesays.com\/de\/wp-json\/wp\/v2\/tags?post=1084320"}],"curies":[{"name":"wp","href":"https:\/\/api.w.org\/{rel}","templated":true}]}}