{"id":1084477,"date":"2026-06-10T18:02:16","date_gmt":"2026-06-10T18:02:16","guid":{"rendered":"https:\/\/www.europesays.com\/de\/1084477\/"},"modified":"2026-06-10T18:02:16","modified_gmt":"2026-06-10T18:02:16","slug":"ein-tatverdaechtiger-nach-raeuberischem-diebstahl-identifiziert","status":"publish","type":"post","link":"https:\/\/www.europesays.com\/de\/1084477\/","title":{"rendered":"Ein Tatverd\u00e4chtiger nach r\u00e4uberischem Diebstahl identifiziert"},"content":{"rendered":"<p>\n    <strong>Nr. 0694<\/strong><br \/>Einer der beiden Tatverd\u00e4chtigen zu einem r\u00e4uberischen Diebstahl am 10. Dezember 2025 auf dem U-Bahnhof Grenzallee, bei dem ein Mann mit Beinprothese bestohlen und zu Boden gebracht worden war, konnte durch einen Hinweis identifiziert werden. Die Fahndung nach seinem mutma\u00dflichen Komplizen bleibt weiterhin bestehen.\n  <\/p>\n<p>\n    <strong>Die Ermittlerinnen und Ermittler fragen:<\/strong>\n  <\/p>\n<ul>\n<li>Wer kann Angaben zur Identit\u00e4t und\/oder dem Aufenthaltsort des zweiten Tatverd\u00e4chtigen machen?\n    <\/li>\n<li>Wer kann sonstige sachdienliche Hinweise f\u00fcr die Ermittlungen geben?\n    <\/li>\n<\/ul>\n<p>\n    <strong>Hinweise nimmt das zust\u00e4ndige Fachkommissariat der Polizeidirektion 5 (City) in der Friesenstra\u00dfe 16 in Kreuzberg unter den Rufnummern (030) 4664\u2013573118 und (030) 4664\u2013573110 (w\u00e4hrend der B\u00fcrodienstzeit) und (030) 4664-571100 (au\u00dferhalb der B\u00fcrodienstzeit) entgegen. Auch per <a href=\"https:\/\/www.berlin.de\/polizei\/polizeimeldungen\/2026\/mailto:dir5k31@polizei.berlin.de\" title=\"Mailadresse\" rel=\"nofollow noopener\" target=\"_blank\">E-Mail<\/a> (dir5k31@polizei.berlin.de) k\u00f6nnen Hinweise gegeben werden. Selbstverst\u00e4ndlich k\u00f6nnen sich Zeuginnen und Zeugen auch an jede andere Polizeidienststelle wenden oder die <a href=\"https:\/\/www.internetwache-polizei-berlin.de\/\" class=\"extern\" target=\"_blank\" title=\"Link Internetwache (\u00d6ffnet in neuem Fenster)\" rel=\"noreferrer nofollow noopener\">Internetwache<\/a> nutzen.<\/strong>\n  <\/p>\n<p>\n    <strong>Erstmeldung Nr. 0624 vom 28. Mai 2026: Zwei M\u00e4nner nach r\u00e4uberischem Diebstahl gesucht \u2013 Polizei bittet um Mithilfe<\/strong>\n  <\/p>\n<p>\n    Mit Bildern aus einer \u00dcberwachungskamera bittet die Polizei Berlin um Mithilfe bei der Suche nach zwei Tatverd\u00e4chtigen zu einem r\u00e4uberischen Diebstahl in Britz. Auf dem U-Bahnhof Grenzallee sollen sich die beiden am Mittwoch, den 10. Dezember 2025, gegen 19:30 Uhr, einem 53-J\u00e4hrigen von hinten gen\u00e4hert und ihn bestohlen haben. W\u00e4hrend ein Tatverd\u00e4chtiger den 53-J\u00e4hrigen abgelenkt haben soll, soll der zweite Tatverd\u00e4chtige die Geldb\u00f6rse mit Bargeld aus der Ges\u00e4\u00dftasche des Mannes entwendet haben.<br \/>Als der eine Beinprothese tragende 53-J\u00e4hrige daraufhin einen der beiden Tatverd\u00e4chtigen festhielt, soll dieser ihn gewaltsam zu Boden gebracht haben. Anschlie\u00dfend sollen beide Tatverd\u00e4chtige aus dem U-Bahnhof gefl\u00fcchtet sein.\n  <\/p>\n","protected":false},"excerpt":{"rendered":"Nr. 0694Einer der beiden Tatverd\u00e4chtigen zu einem r\u00e4uberischen Diebstahl am 10. Dezember 2025 auf dem U-Bahnhof Grenzallee, bei&hellip;\n","protected":false},"author":2,"featured_media":2638,"comment_status":"","ping_status":"","sticky":false,"template":"","format":"standard","meta":{"footnotes":"","_share_on_mastodon":"0"},"categories":[1825],"tags":[1941,1939,296,1937,29,30,47348,230374,1584,230373,1940,1938,2331,2542],"class_list":["post-1084477","post","type-post","status-publish","format-standard","has-post-thumbnail","category-berlin","tag-aktuelle-nachrichten-aus-berlin","tag-aktuelle-news-aus-berlin","tag-berlin","tag-berlin-news","tag-deutschland","tag-germany","tag-gesuchte-personen","tag-ii1674985","tag-kriminalitaet","tag-meldung-polizei-berlin-vom-10-06-2026","tag-nachrichten-aus-berlin","tag-news-aus-berlin","tag-polizeimeldung","tag-zeugen-gesucht"],"share_on_mastodon":{"url":"","error":""},"_links":{"self":[{"href":"https:\/\/www.europesays.com\/de\/wp-json\/wp\/v2\/posts\/1084477","targetHints":{"allow":["GET"]}}],"collection":[{"href":"https:\/\/www.europesays.com\/de\/wp-json\/wp\/v2\/posts"}],"about":[{"href":"https:\/\/www.europesays.com\/de\/wp-json\/wp\/v2\/types\/post"}],"author":[{"embeddable":true,"href":"https:\/\/www.europesays.com\/de\/wp-json\/wp\/v2\/users\/2"}],"replies":[{"embeddable":true,"href":"https:\/\/www.europesays.com\/de\/wp-json\/wp\/v2\/comments?post=1084477"}],"version-history":[{"count":0,"href":"https:\/\/www.europesays.com\/de\/wp-json\/wp\/v2\/posts\/1084477\/revisions"}],"wp:featuredmedia":[{"embeddable":true,"href":"https:\/\/www.europesays.com\/de\/wp-json\/wp\/v2\/media\/2638"}],"wp:attachment":[{"href":"https:\/\/www.europesays.com\/de\/wp-json\/wp\/v2\/media?parent=1084477"}],"wp:term":[{"taxonomy":"category","embeddable":true,"href":"https:\/\/www.europesays.com\/de\/wp-json\/wp\/v2\/categories?post=1084477"},{"taxonomy":"post_tag","embeddable":true,"href":"https:\/\/www.europesays.com\/de\/wp-json\/wp\/v2\/tags?post=1084477"}],"curies":[{"name":"wp","href":"https:\/\/api.w.org\/{rel}","templated":true}]}}