{"id":1084590,"date":"2026-06-10T19:10:18","date_gmt":"2026-06-10T19:10:18","guid":{"rendered":"https:\/\/www.europesays.com\/de\/1084590\/"},"modified":"2026-06-10T19:10:18","modified_gmt":"2026-06-10T19:10:18","slug":"kinderbetreuung-kernen-diakonie-liefert-wieder-das-essen-preise-steigen-stark-nachrichten-aus-kernen","status":"publish","type":"post","link":"https:\/\/www.europesays.com\/de\/1084590\/","title":{"rendered":"Kinderbetreuung Kernen: Diakonie liefert wieder das Essen \u2013 Preise steigen stark &#8211; Nachrichten aus Kernen"},"content":{"rendered":"<p><strong>Kernen. <\/strong> Wer sein Kind auf der Grundschule oder in einer Kita in Kernen hat, hat am Dienstag, 9. Juni 2026, wahrscheinlich kurz ordentlich schlucken m\u00fcssen. Alle Familien haben n\u00e4mlich einen Brief von der Gemeinde bekommen, gezeichnet vom B\u00fcrgermeister. Der Anlass: Das  Mittagessen in den Einrichtungen wird bald teurer \u2013 und zwar ziemlich drastisch. Was kommt auf die Familien zu? Und wie begr\u00fcndet die Gemeinde diese Ver\u00e4nderung? <\/p>\n<p>Viele haben sich gew\u00fcnscht, dass die <\/p>\n","protected":false},"excerpt":{"rendered":"Kernen. Wer sein Kind auf der Grundschule oder in einer Kita in Kernen hat, hat am Dienstag, 9.&hellip;\n","protected":false},"author":2,"featured_media":1084591,"comment_status":"","ping_status":"","sticky":false,"template":"","format":"standard","meta":{"footnotes":"","_share_on_mastodon":"0"},"categories":[1834],"tags":[23039,22805,8389,3364,29,3688,30,161319,230388,14435,3491,195773,9052,230389,1209,13352,14440,206354,230390,31636,22179],"class_list":["post-1084590","post","type-post","status-publish","format-standard","has-post-thumbnail","category-essen","tag-aud_familie","tag-benedikt-paulowitsch","tag-buergermeister","tag-de","tag-deutschland","tag-essen","tag-germany","tag-haldenschule","tag-karl-mauch-schule","tag-kernen","tag-kita","tag-kita-essen","tag-mensa","tag-mensaessen","tag-nordrhein-westfalen","tag-preissteigerung","tag-rommelshausen","tag-schlosskueche","tag-schlosskueche-diakonie","tag-schulessen","tag-stetten"],"share_on_mastodon":{"url":"https:\/\/pubeurope.com\/@de\/116727396836037973","error":""},"_links":{"self":[{"href":"https:\/\/www.europesays.com\/de\/wp-json\/wp\/v2\/posts\/1084590","targetHints":{"allow":["GET"]}}],"collection":[{"href":"https:\/\/www.europesays.com\/de\/wp-json\/wp\/v2\/posts"}],"about":[{"href":"https:\/\/www.europesays.com\/de\/wp-json\/wp\/v2\/types\/post"}],"author":[{"embeddable":true,"href":"https:\/\/www.europesays.com\/de\/wp-json\/wp\/v2\/users\/2"}],"replies":[{"embeddable":true,"href":"https:\/\/www.europesays.com\/de\/wp-json\/wp\/v2\/comments?post=1084590"}],"version-history":[{"count":0,"href":"https:\/\/www.europesays.com\/de\/wp-json\/wp\/v2\/posts\/1084590\/revisions"}],"wp:featuredmedia":[{"embeddable":true,"href":"https:\/\/www.europesays.com\/de\/wp-json\/wp\/v2\/media\/1084591"}],"wp:attachment":[{"href":"https:\/\/www.europesays.com\/de\/wp-json\/wp\/v2\/media?parent=1084590"}],"wp:term":[{"taxonomy":"category","embeddable":true,"href":"https:\/\/www.europesays.com\/de\/wp-json\/wp\/v2\/categories?post=1084590"},{"taxonomy":"post_tag","embeddable":true,"href":"https:\/\/www.europesays.com\/de\/wp-json\/wp\/v2\/tags?post=1084590"}],"curies":[{"name":"wp","href":"https:\/\/api.w.org\/{rel}","templated":true}]}}