{"id":1084627,"date":"2026-06-10T19:30:19","date_gmt":"2026-06-10T19:30:19","guid":{"rendered":"https:\/\/www.europesays.com\/de\/1084627\/"},"modified":"2026-06-10T19:30:19","modified_gmt":"2026-06-10T19:30:19","slug":"mercedes-benz-produziert-den-axial-fluss-motor-in-berlin-marienfelde","status":"publish","type":"post","link":"https:\/\/www.europesays.com\/de\/1084627\/","title":{"rendered":"Mercedes Benz produziert den Axial-Fluss-Motor in Berlin-Marienfelde"},"content":{"rendered":"<p>&#13;<br \/>\n\t&#13;<br \/>\n&#13;<\/p>\n<p>\t\t\t\t\t<img decoding=\"async\" src=\"https:\/\/www.europesays.com\/de\/wp-content\/uploads\/2026\/06\/mercedesbenzaxialflussmotor870.jpg\" alt=\"Mercedes Benz Axial-Fluss-Motor\"\/><\/p>\n<p>Der innovative Axial-Fluss-Motor l\u00e4uft seit Juni 2026 in Gro\u00dfserie in Berlin-Marienfelde vom Band &#8211; Foto: \u00a9 Group Mercedes Benz<\/p>\n<p>\t&#13;<br \/>\n\t&#13;<br \/>\n\t&#13;<br \/>\n\t&#13;<br \/>\n\t\t&#13;<br \/>\n&#13;<br \/>\n\t\t\t&#13;<br \/>\n\t&#13;<\/p>\n<p>Es ist eine historische Innovation: Mercedes Benz hat die Gro\u00dfserienproduktion des Axial-Fluss-Motors in Berlin-Marienfelde aufgenommen. Die <a href=\"https:\/\/www.tempelhof-schoeneberg-zeitung.de\/mercedes-benz-startet-grossserienproduktion-des-axial-fluss-motors-in-berlin-marienfelde\/\" type=\"link\" id=\"https:\/\/www.tempelhof-schoeneberg-zeitung.de\/mercedes-benz-startet-grossserienproduktion-des-axial-fluss-motors-in-berlin-marienfelde\/\" target=\"_blank\" rel=\"noreferrer noopener nofollow\">Tempelhof-Sch\u00f6neberg Zeitung berichtet<\/a>. Die Transformation in Richtung Elektromobilit\u00e4t am Standort des Motorenwerks im Bezirk Tempelhof-Sch\u00f6neberg geht damit einen entscheidenden Schritt weiter. <br \/>Mercedes\u2011Benz startet damit Jubil\u00e4umsjahr \u201e140 Jahre Innovation\u201c\u00a0eine neue \u00c4ra. Seit  Carl Benz vor 140 Jahren das Patent f\u00fcr das erste Automobil angemeldet hat und Gottlieb Daimler kurz darauf die erste Motorkutsche baute, hat sich Mercedes\u2011Benz der stetigen Innovation verschrieben. <\/p>\n<p>Mit dem Axial-Fluss-Motor beginnt eine neue Zeitrechnung: Im Unterschied zu konventionellen Radial-Fluss-Motoren verl\u00e4uft der elektromagnetische Fluss beim Axial-Fluss-Motor parallel zur Drehachse. Die wesentlichen Komponenten sind scheibenf\u00f6rmig angeordnet: Zwei Rotoren umschlie\u00dfen den Stator sandwichartig von links und rechts. Diese Bauweise erm\u00f6glicht ein besonders kompaktes Motordesign, eine hohe Leistungs- und Drehmomentdichte sowie neue Freiheiten beim Packaging des Antriebsstrangs. <\/p>\n<p>Im neuen Mercedes-AMG GT 4-T\u00fcrer Coup\u00e9 ist der Motor an der Vorderachse nur knapp neun Zentimeter breit; die beiden Motoren an der Hinterachse messen jeweils rund acht Zentimeter in der Breite. Die drei Axial-Fluss-Motoren sind je Achse in sogenannte High Performance Electric Drive Units (HP.EDU) integriert, wo sie gemeinsam mit einem kompakten Eingang-Planetenradgetriebe in einem Geh\u00e4use vereint sind. <br \/>Das neue Mercedes-AMG GT 4-T\u00fcrer Coup\u00e9 zeigt eindrucksvoll, welches Leistungspotenzial in dieser Technologie steckt. Das vollelektrische Performance-Modell beschleunigt in bis zu 2,1 Sekunden von 0 auf 100 km\/h und erreicht mit dem Driver\u2019s Package eine H\u00f6chstgeschwindigkeit von 300 km\/h.\u00a0\u00a0<\/p>\n<p><strong>Weitere Informationen:<\/strong><\/p>\n<p><a href=\"https:\/\/group.mercedes-benz.com\/de\/\" target=\"_blank\" rel=\"noreferrer noopener nofollow\">https:\/\/group.mercedes-benz.com<\/a><\/p>\n<p><strong>Public Media <\/strong>\u2014 Media innovations for a super-efficient, sustainable world &amp; new tech-journalism<\/p>\n<p>\t\t\t&#13;<br \/>\n&#13;<br \/>\n\t&#13;<\/p>\n","protected":false},"excerpt":{"rendered":"&#13; &#13; &#13; Der innovative Axial-Fluss-Motor l\u00e4uft seit Juni 2026 in Gro\u00dfserie in Berlin-Marienfelde vom Band &#8211; Foto:&hellip;\n","protected":false},"author":2,"featured_media":1084628,"comment_status":"","ping_status":"","sticky":false,"template":"","format":"standard","meta":{"footnotes":"","_share_on_mastodon":"0"},"categories":[1825],"tags":[19729,296,29,30,19730,2075,14,530,16,3871,1009,19728,4283,8509,55],"class_list":["post-1084627","post","type-post","status-publish","format-standard","has-post-thumbnail","category-berlin","tag-bauvorhaben","tag-berlin","tag-deutschland","tag-germany","tag-interkultur","tag-kunst","tag-nachrichten","tag-pankow","tag-politik","tag-prenzlauer-berg","tag-recht","tag-schoenhauser-allee","tag-shopping","tag-weissensee","tag-wirtschaft"],"share_on_mastodon":{"url":"https:\/\/pubeurope.com\/@de\/116727475706688227","error":""},"_links":{"self":[{"href":"https:\/\/www.europesays.com\/de\/wp-json\/wp\/v2\/posts\/1084627","targetHints":{"allow":["GET"]}}],"collection":[{"href":"https:\/\/www.europesays.com\/de\/wp-json\/wp\/v2\/posts"}],"about":[{"href":"https:\/\/www.europesays.com\/de\/wp-json\/wp\/v2\/types\/post"}],"author":[{"embeddable":true,"href":"https:\/\/www.europesays.com\/de\/wp-json\/wp\/v2\/users\/2"}],"replies":[{"embeddable":true,"href":"https:\/\/www.europesays.com\/de\/wp-json\/wp\/v2\/comments?post=1084627"}],"version-history":[{"count":0,"href":"https:\/\/www.europesays.com\/de\/wp-json\/wp\/v2\/posts\/1084627\/revisions"}],"wp:featuredmedia":[{"embeddable":true,"href":"https:\/\/www.europesays.com\/de\/wp-json\/wp\/v2\/media\/1084628"}],"wp:attachment":[{"href":"https:\/\/www.europesays.com\/de\/wp-json\/wp\/v2\/media?parent=1084627"}],"wp:term":[{"taxonomy":"category","embeddable":true,"href":"https:\/\/www.europesays.com\/de\/wp-json\/wp\/v2\/categories?post=1084627"},{"taxonomy":"post_tag","embeddable":true,"href":"https:\/\/www.europesays.com\/de\/wp-json\/wp\/v2\/tags?post=1084627"}],"curies":[{"name":"wp","href":"https:\/\/api.w.org\/{rel}","templated":true}]}}