{"id":1084820,"date":"2026-06-10T21:23:17","date_gmt":"2026-06-10T21:23:17","guid":{"rendered":"https:\/\/www.europesays.com\/de\/1084820\/"},"modified":"2026-06-10T21:23:17","modified_gmt":"2026-06-10T21:23:17","slug":"augsburg-verleiht-dieses-torwarttalent-erneut-nach-polen","status":"publish","type":"post","link":"https:\/\/www.europesays.com\/de\/1084820\/","title":{"rendered":"Augsburg verleiht dieses Torwarttalent erneut nach Polen"},"content":{"rendered":"<p>Gornik-Erfahrung \u00f6ffnet die T\u00fcr zu Wisla<\/p>\n<p>Wie das polnische Sportportal meczyki.pl berichtet, hat Wisla Krakau Gespr\u00e4che \u00fcber eine Leihe des Augsburger Torwarttalents aufgenommen. <a href=\"https:\/\/www.fussballdaten.de\/person\/marcel-lubik\/\" target=\"_blank\" rel=\"nofollow noopener\">Lubik<\/a> verbrachte die abgelaufene Saison auf Leihbasis bei <a href=\"https:\/\/www.fussballdaten.de\/vereine\/gornik-zabrze\/\" target=\"_blank\" rel=\"nofollow noopener\">G\u00f3rnik Zabrze<\/a> und hinterlie\u00df dort einen nachhaltigen Eindruck. In 36 Pflichtspielen stand der 1,90 Meter gro\u00dfe Linksfu\u00df zwischen den Pfosten, hielt 13 Mal die Null und gewann mit dem Klub den polnischen Pokal. Zugleich sicherte sich G\u00f3rnik durch den Pokalsieg einen Platz in der Champions-League-Qualifikation.<\/p>\n<p class=\"mb20 mt30\">Der Augsburger Vertrag des Polen l\u00e4uft noch bis Juni 2028. <a href=\"https:\/\/www.fussballdaten.de\/vereine\/fc-augsburg\/\" target=\"_blank\" rel=\"nofollow noopener\">Augsburg<\/a> hatte ihn im vergangenen Sommer nach einer vorangegangenen Leihe bei GKS Tychy erneut verliehen und dabei seinen Kontrakt fr\u00fchzeitig verl\u00e4ngert. In Tychy hatte Lubik zuvor in 34 Eins\u00e4tzen gestanden und zeitweise das Kapit\u00e4nsamt inne.<\/p>\n<p>Dritte Leihe in Folge und langfristiger Plan<\/p>\n<p class=\"mb20 mt30\">F\u00fcr Augsburg folgt die m\u00f6gliche Wisla-Leihe einer klaren Strategie. Lubik soll schrittweise auf h\u00f6chstem Niveau reifen, ehe er als Bundesligakeeper in Frage kommt. Die Ekstraklasa gilt dabei als ideales Entwicklungsumfeld f\u00fcr einen jungen Torh\u00fcter, der Stammspielminuten braucht. Wisla Krakau ist einer der traditionsreichsten Klubs Polens und k\u00e4me als n\u00e4chste Station in der Entwicklung des 22-J\u00e4hrigen einer Steigerung gleich.<\/p>\n<p class=\"mb20 mt30\">Ob die Verhandlungen zwischen Augsburg und Wisla zu einer Einigung f\u00fchren, war zum Zeitpunkt der Berichterstattung noch offen.<\/p>\n","protected":false},"excerpt":{"rendered":"Gornik-Erfahrung \u00f6ffnet die T\u00fcr zu Wisla Wie das polnische Sportportal meczyki.pl berichtet, hat Wisla Krakau Gespr\u00e4che \u00fcber eine&hellip;\n","protected":false},"author":2,"featured_media":1084821,"comment_status":"","ping_status":"","sticky":false,"template":"","format":"standard","meta":{"footnotes":"","_share_on_mastodon":"0"},"categories":[1846],"tags":[680,772,299,3364,29,49669,49809,548,663,3934,7847,347,30,13,9347,14,15,3917,12,223308,230422],"class_list":["post-1084820","post","type-post","status-publish","format-standard","has-post-thumbnail","category-augsburg","tag-augsburg","tag-bayern","tag-bundesliga","tag-de","tag-deutschland","tag-dieses","tag-erneut","tag-eu","tag-europa","tag-europe","tag-football","tag-fussball","tag-germany","tag-headlines","tag-nach","tag-nachrichten","tag-news","tag-polen","tag-schlagzeilen","tag-torwarttalent","tag-verleiht"],"share_on_mastodon":{"url":"https:\/\/pubeurope.com\/@de\/116727919840182135","error":""},"_links":{"self":[{"href":"https:\/\/www.europesays.com\/de\/wp-json\/wp\/v2\/posts\/1084820","targetHints":{"allow":["GET"]}}],"collection":[{"href":"https:\/\/www.europesays.com\/de\/wp-json\/wp\/v2\/posts"}],"about":[{"href":"https:\/\/www.europesays.com\/de\/wp-json\/wp\/v2\/types\/post"}],"author":[{"embeddable":true,"href":"https:\/\/www.europesays.com\/de\/wp-json\/wp\/v2\/users\/2"}],"replies":[{"embeddable":true,"href":"https:\/\/www.europesays.com\/de\/wp-json\/wp\/v2\/comments?post=1084820"}],"version-history":[{"count":0,"href":"https:\/\/www.europesays.com\/de\/wp-json\/wp\/v2\/posts\/1084820\/revisions"}],"wp:featuredmedia":[{"embeddable":true,"href":"https:\/\/www.europesays.com\/de\/wp-json\/wp\/v2\/media\/1084821"}],"wp:attachment":[{"href":"https:\/\/www.europesays.com\/de\/wp-json\/wp\/v2\/media?parent=1084820"}],"wp:term":[{"taxonomy":"category","embeddable":true,"href":"https:\/\/www.europesays.com\/de\/wp-json\/wp\/v2\/categories?post=1084820"},{"taxonomy":"post_tag","embeddable":true,"href":"https:\/\/www.europesays.com\/de\/wp-json\/wp\/v2\/tags?post=1084820"}],"curies":[{"name":"wp","href":"https:\/\/api.w.org\/{rel}","templated":true}]}}