{"id":1084935,"date":"2026-06-10T22:29:20","date_gmt":"2026-06-10T22:29:20","guid":{"rendered":"https:\/\/www.europesays.com\/de\/1084935\/"},"modified":"2026-06-10T22:29:20","modified_gmt":"2026-06-10T22:29:20","slug":"kerners-11-tom-kaulitz-ueber-seine-fan-marotten-mit-frau-heidi-klum-unterhaltung","status":"publish","type":"post","link":"https:\/\/www.europesays.com\/de\/1084935\/","title":{"rendered":"Kerners 11: Tom Kaulitz \u00fcber seine Fan-Marotten mit Frau Heidi Klum | Unterhaltung"},"content":{"rendered":"<p><a class=\"skip-content skip-content--link\" href=\"#in-content-skip-link-target-v-0-0\">TTS-Player \u00fcberspringen\u21b5<\/a><a id=\"in-content-skip-link-target-v-0-0\" class=\"skip-content--target-link-hidden skip-content skip-content--target-link\" href=\"#in-content-skip-link-target-v-0-0\">Artikel weiterlesen<\/a><\/p>\n<p>Mexiko City \u2013 <b>Tom Kaulitz (36) ist bei der anstehenden Fu\u00dfball-Weltmeisterschaft als erster \u201eFan-Experte\u201c f\u00fcr Magenta TV im Einsatz. Der \u201eTokio Hotel\u201c-Musiker und Podcaster (\u201eKaulitz Hills\u201c) soll Spa\u00df ins Spiel bringen statt trockener Taktik-Analysen. Das k\u00f6nnte klappen \u2013 so witzig, wie er schon vorher \u00fcber seine eigenen Fan-Marotten beim Fu\u00dfball-Gucken erz\u00e4hlt.<\/b><\/p>\n<p>\u201eIch finde beim Fu\u00dfball-Gucken Bier immer geil oder Radler. Das gibt\u2019s in Amerika ja nicht\u201c, erz\u00e4hlt <a href=\"https:\/\/www.bild.de\/unterhaltung\/leute\/tom-kaulitz\/tom-kaulitz-alle-infos-76664388.bild.html\" class=\"text-link\" rel=\"nofollow noopener\" target=\"_blank\">Kaulitz<\/a> in der ersten Folge des neuen WM-Podcasts \u201eKerners 11\u201c von Moderator und Fu\u00dfball-Experte <a href=\"https:\/\/www.bild.de\/unterhaltung\/stars-und-leute\/ball-des-sports-kerner-und-klopp-in-bestform-699ac369860785bf17cbcb32\" class=\"text-link\" rel=\"nofollow noopener\" target=\"_blank\">Johannes B. Kerner<\/a> (61), die gerade erschienen ist. \u201eDas ist so typisch deutsch. Damit kann man auch morgens schon anfangen und f\u00fchlt sich nicht so schlecht. Manchmal mache ich da auch noch einen Schuss Tequila mit rein, dann knallt es auch. Das ist ein Brandbeschleuniger!\u201c<\/p>\n<p>\u201eEin St\u00fcck Heimat nach Amerika geholt\u201c<\/p>\n<p>Kurioserweise wurde er erst zum Fu\u00dfball-Fan, seitdem er in Amerika lebt, sagt der Ehemann von Supermodel <a href=\"https:\/\/www.bild.de\/unterhaltung\/leute\/heidi-klum\/heidi-klum-alle-infos-76664276.bild.html\" class=\"text-link\" rel=\"nofollow noopener\" target=\"_blank\">Heidi Klum<\/a> (53). \u201eVorher hat mich das komischerweise gar nicht interessiert. Aber ich habe mir unbewusst \u00fcber die Fu\u00dfball-Leidenschaft auch ein St\u00fcck Heimat nach Amerika geholt. Ich komme ja aus Magdeburg \u2013 die spielen ja auch sehr erfolgreich in der 2. <a href=\"https:\/\/www.bild.de\/sport\/fussball\/bundesliga\/bundesliga-startseite-52368768.bild.html\" class=\"text-link\" rel=\"nofollow noopener\" target=\"_blank\">Bundesliga<\/a>. In meiner Jugend waren die ja noch gar nicht so gut unterwegs.\u201c<\/p>\n<p><img decoding=\"async\" width=\"992\" height=\"607\" alt=\"Heidi Klum und Tom Kaulitz mit Vizekanzler Lars Klingbeil (48, SPD) auf dem M\u00fcnchner Oktoberfest\" src=\"https:\/\/www.europesays.com\/de\/wp-content\/uploads\/2026\/06\/717eaadb9c67c108b323c0f6186897a0,f9f182ce.jpeg\"   class=\"dynamic\" loading=\"lazy\"\/><\/p>\n<p class=\"fig__caption__text\">Heidi Klum und Tom Kaulitz mit Vizekanzler Lars Klingbeil (48, SPD) auf dem M\u00fcnchner Oktoberfest<\/p>\n<p>Foto: picture alliance\/dpa<\/p>\n<p>Neben dem Club aus seiner Geburtsstadt wurde er aber auch zum leidenschaftlichen Fan des Rekordmeisters. \u201eIch kam zum FC Bayern \u00fcber die deutsche Nationalmannschaft\u201c, so Kaulitz. \u201eBei der WM 2010, als wir nach Amerika gekommen sind, bin ich Fan von beiden geworden. Durch die Nationalspieler bin ich auch Fan des FC Bayern geworden.\u201c<\/p>\n<p><img decoding=\"async\" width=\"992\" height=\"466\" alt=\"Kaulitz (l.) mit Johannes B. Kerner (61) bei der Aufzeichnung der ersten Folgen des Podcats \u201eKerners 11\u201c\" src=\"https:\/\/www.europesays.com\/de\/wp-content\/uploads\/2026\/06\/14972c9ee4ca603ef72cab2be608a191,2be3e8eb.jpeg\"   class=\"dynamic\" loading=\"lazy\"\/><\/p>\n<p class=\"fig__caption__text\">Kaulitz (l.) mit Johannes B. Kerner (61) bei der Aufzeichnung der ersten Folge des Podcats \u201eKerners 11\u201c<\/p>\n<p>Foto: Kerners 11<\/p>\n<p>Und das hat auch f\u00fcr seine Ehe Folgen. \u201eMeine Frau muss morgens um 6 Uhr manchmal auch im Bett <a href=\"https:\/\/www.bild.de\/sport\/sportart\/fussball\/fussball-alle-infos-76675088.bild.html\" class=\"text-link\" rel=\"nofollow noopener\" target=\"_blank\">Fu\u00dfball<\/a> mit mir gucken. Aber Heidi findet das gut, weil sie merkt, dass ich dadurch ein leidenschaftliches Hobby habe. Ich steige da dann richtig ein und diskutiere mit Freunden auch in WhatsApp-Gruppen die Schiri-Entscheidungen und so weiter.\u201c<\/p>\n<p>Seine neue Position bei den \u00dcbertragungen der WM-Spiele sieht er gelassen. \u201eIch bin als Fan-Experte ein Azubi. Ich darf verschiedene Stationen durchlaufen und tauche da mal ein\u201c, so Kaulitz. \u201eIch bin beim DFB-Camp und darf ein freies Training gucken. Ich darf ein paar Spieler interviewen und bin im Stadion und im Studio. Ich freue mich sehr darauf. Man soll ja gro\u00df tr\u00e4umen: Vielleicht ist das ja ein weiterer Karriere-Strang f\u00fcr mich.\u201c<\/p>\n<p>Mehr zum Thema<\/p>\n<p>\u00dcbrigens: Die deutsche Mannschaft sieht er f\u00fcr die WM gut aufgestellt: \u201eIch bin nach den Testspielen euphorisch und habe ein gutes Gef\u00fchl, was die deutsche Nationalmannschaft angeht. Ich glaube, das Halbfinale ist auf jeden Fall drin.\u201c<\/p>\n<p>Weitere Folgen des Podcasts \u201eKerners 11\u201c erscheinen w\u00e4hrend der WM t\u00e4glich. In der zweiten Folge, die am Donnerstag passend zum Er\u00f6ffnungsspiel erscheint, ist J\u00fcrgen Klopp (58) zu Gast. <\/p>\n","protected":false},"excerpt":{"rendered":"TTS-Player \u00fcberspringen\u21b5Artikel weiterlesen Mexiko City \u2013 Tom Kaulitz (36) ist bei der anstehenden Fu\u00dfball-Weltmeisterschaft als erster \u201eFan-Experte\u201c f\u00fcr&hellip;\n","protected":false},"author":2,"featured_media":1084936,"comment_status":"","ping_status":"","sticky":false,"template":"","format":"standard","meta":{"footnotes":"","_share_on_mastodon":"0"},"categories":[1772],"tags":[29,214,347,30,11270,5351,5352,33615,27432,1779,810,138370,5353,215,7109,11404],"class_list":["post-1084935","post","type-post","status-publish","format-standard","has-post-thumbnail","category-musik","tag-deutschland","tag-entertainment","tag-fussball","tag-germany","tag-germanys-next-topmodel","tag-kaulitz-bill","tag-kaulitz-tom","tag-kerner-johannes-b","tag-klum-heidi","tag-music","tag-musik","tag-team-first","tag-tokio-hotel","tag-unterhaltung","tag-weltmeisterschaft","tag-wm"],"share_on_mastodon":{"url":"https:\/\/pubeurope.com\/@de\/116728180766411537","error":""},"_links":{"self":[{"href":"https:\/\/www.europesays.com\/de\/wp-json\/wp\/v2\/posts\/1084935","targetHints":{"allow":["GET"]}}],"collection":[{"href":"https:\/\/www.europesays.com\/de\/wp-json\/wp\/v2\/posts"}],"about":[{"href":"https:\/\/www.europesays.com\/de\/wp-json\/wp\/v2\/types\/post"}],"author":[{"embeddable":true,"href":"https:\/\/www.europesays.com\/de\/wp-json\/wp\/v2\/users\/2"}],"replies":[{"embeddable":true,"href":"https:\/\/www.europesays.com\/de\/wp-json\/wp\/v2\/comments?post=1084935"}],"version-history":[{"count":0,"href":"https:\/\/www.europesays.com\/de\/wp-json\/wp\/v2\/posts\/1084935\/revisions"}],"wp:featuredmedia":[{"embeddable":true,"href":"https:\/\/www.europesays.com\/de\/wp-json\/wp\/v2\/media\/1084936"}],"wp:attachment":[{"href":"https:\/\/www.europesays.com\/de\/wp-json\/wp\/v2\/media?parent=1084935"}],"wp:term":[{"taxonomy":"category","embeddable":true,"href":"https:\/\/www.europesays.com\/de\/wp-json\/wp\/v2\/categories?post=1084935"},{"taxonomy":"post_tag","embeddable":true,"href":"https:\/\/www.europesays.com\/de\/wp-json\/wp\/v2\/tags?post=1084935"}],"curies":[{"name":"wp","href":"https:\/\/api.w.org\/{rel}","templated":true}]}}