{"id":1084958,"date":"2026-06-10T22:42:34","date_gmt":"2026-06-10T22:42:34","guid":{"rendered":"https:\/\/www.europesays.com\/de\/1084958\/"},"modified":"2026-06-10T22:42:34","modified_gmt":"2026-06-10T22:42:34","slug":"menschenraub-prozess-in-kiel-angeklagter-und-opfer-einigen-sich","status":"publish","type":"post","link":"https:\/\/www.europesays.com\/de\/1084958\/","title":{"rendered":"Menschenraub-Prozess in Kiel: Angeklagter und Opfer einigen sich"},"content":{"rendered":"<p>        <img decoding=\"async\" src=\"https:\/\/www.europesays.com\/de\/wp-content\/uploads\/2026\/06\/prozess-788.webp\" alt=\"Ein Angeklagter 22-J\u00e4hriger (links) sitzt im Landgericht Kiel.\" title=\"Ein Angeklagter 22-J\u00e4hriger (links) sitzt im Landgericht Kiel. | Andre Klohn\/dpa\" class=\"responsive\"\/><\/p>\n<p>AUDIO: Nachrichten aus dem Studio Kiel 16:30 Uhr &#8211; 10.06.2026 (2 Min)<\/p>\n<p>\n                Stand: 10.06.2026 17:35 Uhr<\/p>\n<p class=\"preface\">Im Prozess um erpresserischen Menschenraub in Kiel haben sich Angeklagter und Opfer auf eine Entsch\u00e4digung geeinigt. Der Angeklagte hat sich bei dem mutma\u00dflichen Opfer entschuldigt, der Prozess geht aber weiter.<\/p>\n<p class=\"\">&#8222;Es tut mir leid&#8220;, sagte der 22 Jahre alte Angeklagte zu dem als Zeugen geladenen Opfer bei dem Prozesstermin am Mittwoch vor dem Landgericht <a href=\"https:\/\/www.ndr.de\/nachrichten\/schleswig-holstein\/Kiel-Aktuelle-Nachrichten-News-und-Videos,kiel7262.html\" title=\"Kiel - Aktuelle Nachrichten und Videos\" rel=\"nofollow noopener\" target=\"_blank\">Kiel<\/a>. Der Verteidiger stellte dem Opfer 4.000 Euro als Schadenwiedergutmachung in Aussicht. Der 29-j\u00e4hrige Zeuge nahm die Entschuldigung an.<\/p>\n<p>    Opfer-T\u00e4ter-Ausgleich: M\u00f6glicherweise strafmildernd<\/p>\n<p class=\"\">Ein endg\u00fcltiges Urteil wird im Juli erwartet, so die Kieler Staatsanwaltschaft. Das Opfer hat die Entschuldigung zwar angenommen, jedoch m\u00fcsse weiter gekl\u00e4rt werden, ob und wie die Tat begangen wurde. M\u00f6glicherweise kann sich der Kompromiss &#8211; also ein Opfer-T\u00e4ter-Ausgleich &#8211; aber strafmildernd auswirken. Auch das soll sich in den noch angesetzten Prozessterminen kl\u00e4ren.<\/p>\n<p>    Mehrere Stunden in Ferienwohnung festgehalten<\/p>\n<p>                    <a href=\"https:\/\/www.europesays.com\/de\/wp-content\/uploads\/2026\/06\/prozess-786.webp\" class=\"zoomimage\" title=\"Bild vergr\u00f6\u00dfern\"><\/p>\n<p>        <img decoding=\"async\" src=\"https:\/\/www.europesays.com\/de\/wp-content\/uploads\/2026\/06\/prozess-786.webp\" alt=\"Ein Angeklagter 22-J\u00e4hriger (links) sitzt mit seinem Verteidiger im Landgericht Kiel.\" title=\"Ein 22 Jahre alter Mann (links) muss sich wegen erpresserischen Menschenraubs vor Gericht verantworten. | Andre Klohn\/dpa\" class=\"responsive\" loading=\"lazy\"\/><\/p>\n<p>                    <\/a><\/p>\n<p>                    Ein 22 Jahre alter Mann (links) muss sich wegen erpresserischen Menschenraubs vor Gericht verantworten.<\/p>\n<p class=\"\">In der Anklageschrift wirft ihm die Staatsanwaltschaft vor, zusammen mit zwei Komplizen am 15. Juli vergangenen Jahres einen damals <a href=\"https:\/\/www.ndr.de\/nachrichten\/schleswig-holstein\/kiel-28-jaehriger-in-wohnung-festgehalten-und-mit-waffen-bedroht,kiel-266.html\" title=\"Kiel: 28-J\u00e4hriger in Wohnung festgehalten und mit Waffen bedroht?\" rel=\"nofollow noopener\" target=\"_blank\">28-J\u00e4hrigen unter einem Vorwand in eine Ferienwohnung<\/a> in Kiel gelockt und ihn dort \u00fcber mehrere Stunden festgehalten und geschlagen zu haben. Der angeklagte 22-J\u00e4hrige soll dabei eine Waffe auf das Opfer gerichtet haben. Au\u00dferdem soll er ihn gew\u00fcrgt und ein Messer an den Hals gehalten haben.<\/p>\n<p class=\"\">&#8222;Ich kenne die Jungs, ich h\u00e4tte nie mit so einer Aktion gerechnet&#8220;, sagte das mutma\u00dfliche Opfer bei der Verhandlung am Mittwoch. Auf dem Tisch habe eine Menge Kokain gelegen, der Angeklagte sei nach Aussagen des 29-J\u00e4hrigen &#8222;total zugedr\u00f6hnt&#8220; gewesen.<\/p>\n<p>    Beschuldigte wollten wohl Schulden eintreiben<\/p>\n<p class=\"\">Das Trio soll den damals 28-J\u00e4hrigen zudem gen\u00f6tigt haben, Schulden \u00fcber 10.000 Euro zu bezahlen. Weil sich der Mann weigerte zu zahlen, fuhren ihn die Beschuldigten laut Anklage zu einer Bank. Dort sei es dem Opfer gelungen, sich an eine Mitarbeiterin zu wenden, die die Polizei alarmieren konnte.<\/p>\n<p>    Seit Januar in U-Haft<\/p>\n<p class=\"\">Anfang des Jahres konnte die Polizei nach fr\u00fcheren Angaben den 22-j\u00e4hrigen Tatverd\u00e4chtigen festnehmen. Hinweise f\u00fchrten die Beamten demnach in ein Kieler Hotel. Nach einer Fahndung konnten die Beamten ihn dann im Stadtteil S\u00fcdfriedhof festnehmen. Er soll dabei eine Schusswaffe und Munition mit sich gef\u00fchrt haben. Seitdem sitzt er in Untersuchungshaft.<\/p>\n<p>    Anklage auch gegen zwei Mitt\u00e4ter<\/p>\n<p class=\"\">Ein 26-j\u00e4hriger mutma\u00dflicher Mitt\u00e4ter wurde laut Polizei bereits kurz nach der Tat festgenommen und kam danach wieder auf freien Fu\u00df. Ein 19-j\u00e4hriger mutma\u00dflicher Komplize wurde im September 2025 bei einer Verkehrskontrolle festgenommen. Gegen ihn wurde damals ein Haftbefehl erlassen. Auch gegen die beiden M\u00e4nner wurde gesondert Anklage wegen erpresserischen Menschenraubs erhoben. Seit Februar l\u00e4uft die gemeinsame Verhandlung gegen sie. Auch hier wird im Juli ein Urteil erwartet.<\/p>\n<p>        <img decoding=\"async\" src=\"https:\/\/www.europesays.com\/de\/wp-content\/uploads\/2026\/06\/polizei6386.webp\" alt=\"Ein Blaulicht leuchtet auf dem Dach eines Streifenwagens.\" title=\"Ein Blaulicht leuchtet auf dem Dach eines Streifenwagens. | NDR, Pavel Stoyan\" class=\"responsive\" loading=\"lazy\"\/><\/p>\n<p>Drei mutma\u00dfliche T\u00e4ter sollen den Mann au\u00dferdem dazu gezwungen haben, Geld abzuheben und es ihnen zu geben. Gegen sie wird jetzt ermittelt.<\/p>\n<p>        Schlagw\u00f6rter zu diesem Artikel<\/p>\n<p>            <a href=\"https:\/\/www.ndr.de\/nachrichten\/schleswig-holstein\/Kiel-Aktuelle-Nachrichten-News-und-Videos,kiel7262.html\" rel=\"nofollow noopener\" target=\"_blank\">Kiel<\/a><\/p>\n","protected":false},"excerpt":{"rendered":"AUDIO: Nachrichten aus dem Studio Kiel 16:30 Uhr &#8211; 10.06.2026 (2 Min) Stand: 10.06.2026 17:35 Uhr Im Prozess&hellip;\n","protected":false},"author":2,"featured_media":1084959,"comment_status":"","ping_status":"","sticky":false,"template":"","format":"standard","meta":{"footnotes":"","_share_on_mastodon":"0"},"categories":[1852],"tags":[101487,3364,29,548,663,3934,20907,30,13,4949,4933,14,15,23661,12,1971],"class_list":["post-1084958","post","type-post","status-publish","format-standard","has-post-thumbnail","category-kiel","tag-menschenraub","tag-de","tag-deutschland","tag-eu","tag-europa","tag-europe","tag-ferienwohnung","tag-germany","tag-headlines","tag-kiel","tag-landgericht","tag-nachrichten","tag-news","tag-raeuberische-erpressung","tag-schlagzeilen","tag-schleswig-holstein"],"share_on_mastodon":{"url":"https:\/\/pubeurope.com\/@de\/116728231012788934","error":""},"_links":{"self":[{"href":"https:\/\/www.europesays.com\/de\/wp-json\/wp\/v2\/posts\/1084958","targetHints":{"allow":["GET"]}}],"collection":[{"href":"https:\/\/www.europesays.com\/de\/wp-json\/wp\/v2\/posts"}],"about":[{"href":"https:\/\/www.europesays.com\/de\/wp-json\/wp\/v2\/types\/post"}],"author":[{"embeddable":true,"href":"https:\/\/www.europesays.com\/de\/wp-json\/wp\/v2\/users\/2"}],"replies":[{"embeddable":true,"href":"https:\/\/www.europesays.com\/de\/wp-json\/wp\/v2\/comments?post=1084958"}],"version-history":[{"count":0,"href":"https:\/\/www.europesays.com\/de\/wp-json\/wp\/v2\/posts\/1084958\/revisions"}],"wp:featuredmedia":[{"embeddable":true,"href":"https:\/\/www.europesays.com\/de\/wp-json\/wp\/v2\/media\/1084959"}],"wp:attachment":[{"href":"https:\/\/www.europesays.com\/de\/wp-json\/wp\/v2\/media?parent=1084958"}],"wp:term":[{"taxonomy":"category","embeddable":true,"href":"https:\/\/www.europesays.com\/de\/wp-json\/wp\/v2\/categories?post=1084958"},{"taxonomy":"post_tag","embeddable":true,"href":"https:\/\/www.europesays.com\/de\/wp-json\/wp\/v2\/tags?post=1084958"}],"curies":[{"name":"wp","href":"https:\/\/api.w.org\/{rel}","templated":true}]}}