{"id":1084966,"date":"2026-06-10T22:46:24","date_gmt":"2026-06-10T22:46:24","guid":{"rendered":"https:\/\/www.europesays.com\/de\/1084966\/"},"modified":"2026-06-10T22:46:24","modified_gmt":"2026-06-10T22:46:24","slug":"foerderer-fuer-das-deutsche-rote-kreuz-gewinnen","status":"publish","type":"post","link":"https:\/\/www.europesays.com\/de\/1084966\/","title":{"rendered":"F\u00f6rderer f\u00fcr das Deutsche Rote Kreuz gewinnen"},"content":{"rendered":"<p><a title=\"DRK-Team Gladbeck\" href=\"https:\/\/neue-gladbecker-zeitung.de\/foerderer-fuer-das-deutsche-rote-kreuz-gewinnen\/drk-team-gladbeck_ergebnis\/\" rel=\"nofollow noopener\" target=\"_blank\"><img fetchpriority=\"high\" width=\"678\" height=\"381\" src=\"https:\/\/www.europesays.com\/de\/wp-content\/uploads\/2026\/06\/DRK-Team-Gladbeck_ergebnis.webp\" class=\"attachment-mh-magazine-content size-mh-magazine-content wp-post-image\" alt=\"F\u00f6rderer f\u00fcr das Deutsche Rote Kreuz gesucht\" title=\"DRK-Team Gladbeck\" loading=\"eager\" decoding=\"async\"  \/><\/a><br \/>\nDas Rotkreuzbotschafter-Team ist seit Montag in Gladbeck unterwegs. Foto: DRK Gladbeck<\/p>\n<p>Rotkreuzbotschafter ab dem 8. Juni 2026 in Gladbeck unterwegs<\/p>\n<p><strong>Gladbeck \u2013 10.06.2026 \u2013 F\u00f6rderer<\/strong> \u2013 Der <strong><a style=\"color: #ff0000;\" href=\"https:\/\/www.drk-gladbeck.de\" target=\"_blank\" rel=\"noopener nofollow\">DRK-Kreisverband Gladbeck<\/a><\/strong> startet ab <strong>Montag, 8. Juni 2026<\/strong>, f\u00fcr einen Zeitraum von zwei Wochen eine Informations- und Mitgliederwerbeaktion im Gladbecker Stadtgebiet.<\/p>\n<p>Dabei sind Botschafterinnen und Botschafter im Auftrag des Deutschen Roten Kreuzes unterwegs, um B\u00fcrgerinnen und B\u00fcrger im pers\u00f6nlichen Gespr\u00e4ch \u00fcber die Arbeit des DRK vor Ort sowie \u00fcber M\u00f6glichkeiten der Unterst\u00fctzung zu informieren.<\/p>\n<blockquote class=\"wp-embedded-content\" data-secret=\"wS6uHFG4mM\">\n<p><a href=\"https:\/\/neue-gladbecker-zeitung.de\/blindgaenger-drk-gladbeck-im-einsatz-fuer-sicherheit\/\" rel=\"nofollow noopener\" target=\"_blank\">Blindg\u00e4nger: DRK Gladbeck im Einsatz f\u00fcr Sicherheit<\/a><\/p>\n<\/blockquote>\n<p>Die NGZ-News aus Gladbeck immer sofort auf das Handy?<br \/>Dann abonniere kostenlos den <a style=\"color: #ff0000;\" href=\"https:\/\/whatsapp.com\/channel\/0029VaAJZdH8F2pIH21PF72X\" target=\"_blank\" rel=\"noopener nofollow\">WhatsApp-Kanal<\/a><br \/>\nDie Gladbecker Zusammenfassung des Tages der NGZ?<br \/>Dann abonniere den kostenlosen <a href=\"https:\/\/neue-gladbecker-zeitung.de\/newsletter-der-ngz\/\" target=\"_blank\" rel=\"noopener nofollow\"><strong>Newsletter<\/strong><\/a><br \/>\nFolgen Sie uns auf Facebook: <strong><a style=\"color: #ff0000;\" href=\"https:\/\/www.facebook.com\/NeueGladbeckerZeitung\/\" target=\"_blank\" rel=\"noopener nofollow\">NeueGladbeckerZeitung<\/a><\/strong><\/p>\n<p>DRK Gladbeck hat 1.300 Mitglieder<\/p>\n<p>Der DRK-Kreisverband <strong><a style=\"color: #ff0000;\" href=\"https:\/\/www.gladbeck.de\" target=\"_blank\" rel=\"noopener nofollow\">Gladbeck<\/a><\/strong> hat aktuell rund 1.300 Mitglieder. Sie leisten mit ihrer Unterst\u00fctzung einen wichtigen Beitrag dazu, die vielf\u00e4ltige Rotkreuz-Arbeit in Gladbeck nachhaltig zu sichern und weiterzuentwickeln.<\/p>\n<p>Um Transparenz zu gew\u00e4hrleisten und Missverst\u00e4ndnisse zu vermeiden, informiert der Kreisverband vorab \u00fcber die geplante Aktion. Die Botschafterinnen und Botschafter sind an ihrer Rotkreuz-Kleidung zu erkennen und f\u00fchren jederzeit einen g\u00fcltigen Dienstausweis sowie eine offizielle Werbungsvollmacht mit sich.<\/p>\n<p>F\u00f6rdermitgliedschaft erfolgt ausschlie\u00dflich digital \u00fcber Tablets<\/p>\n<p><strong>Wichtig:<\/strong> Die Botschafterinnen und Botschafter nehmen kein Bargeld, keine Sachspenden und keine Einmalspenden entgegen. Der Abschluss einer F\u00f6rdermitgliedschaft erfolgt ausschlie\u00dflich digital \u00fcber Tablets. Dabei werden die notwendigen Mitgliedsdaten sicher und verschl\u00fcsselt erfasst. Im Rahmen der Anmeldung kann auch die IBAN erfragt werden.<\/p>\n<p>Ziel der Gespr\u00e4che ist es, \u00fcber die Arbeit des Deutschen Roten Kreuzes in Gladbeck zu informieren und die Bedeutung von F\u00f6rdermitgliedschaften vorzustellen. Die Aufgaben des DRK vor Ort sind vielf\u00e4ltig. Dazu geh\u00f6ren unter anderem die Tafelarbeit, die Schulung der Bev\u00f6lkerung in Erster Hilfe und die St\u00e4rkung der Selbstschutzf\u00e4higkeit.<\/p>\n<p>Ebenso geh\u00f6ren das Aufstellen und der Betrieb von Einheiten des Bev\u00f6lkerungsschutzes dazu. Dadurch ist es dem DRK m\u00f6glich, auch in Krisenlagen handlungsf\u00e4hig zu sein. Das gilt etwa w\u00e4hrend der Corona-Pandemie, bei \u00fcber\u00f6rtlichen Hilfseins\u00e4tzen wie der Ahrtal-Hilfe oder bei lokalen Not- und Schadenslagen.<\/p>\n<p>F\u00f6rdermitgliedschaften machen die DRK-Arbeit langfristig planbar<\/p>\n<p>F\u00f6rdermitgliedschaften helfen dabei, diese Arbeit langfristig planbar zu machen. Sie unterst\u00fctzen die ehrenamtliche Arbeit, die Ausbildung von Helferinnen und Helfern und notwendige Ausstattungen. Au\u00dferdem helfen sie bei der Weiterentwicklung der Angebote f\u00fcr die Menschen in Gladbeck. Besonders wichtig: Die Beitr\u00e4ge der F\u00f6rdermitglieder bleiben in Gladbeck und st\u00e4rken direkt das \u00f6rtliche DRK.<\/p>\n<p>\u201eUnsere F\u00f6rdermitglieder sind ein wichtiger R\u00fcckhalt f\u00fcr die Rotkreuz-Arbeit in Gladbeck. Mit ihrer regelm\u00e4\u00dfigen Unterst\u00fctzung erm\u00f6glichen sie uns, auch in Zukunft verl\u00e4sslich f\u00fcr die Menschen in unserer Stadt da zu sein\u201c, erkl\u00e4rt Wilhelm Walter, ehrenamtlicher Vorsitzender des Vorstandes.<\/p>\n<p>\u00dcber die Verwendung der Mitgliedsbeitr\u00e4ge, aktuelle Projekte und Entwicklungen informiert das DRK Gladbeck regelm\u00e4\u00dfig in seinem Mitgliederbrief.<\/p>\n<p>Das DRK Gladbeck freut sich, wenn B\u00fcrgerinnen und B\u00fcrger sich einige Minuten Zeit f\u00fcr ein Gespr\u00e4ch nehmen und mehr \u00fcber die Arbeit des Deutschen Roten Kreuzes vor Ort erfahren.<\/p>\n<p>Bei Fragen zur Mitgliederwerbeaktion steht der DRK-Kreisverband Gladbeck gerne zur Verf\u00fcgung.<\/p>\n<p><strong>Kontakt:<\/strong> DRK-Kreisverband Gladbeck e.V.<br \/><strong>Gesch\u00e4ftsstelle:<\/strong> <strong>(02043) 48 46 50<\/strong><br \/><strong><a style=\"color: #ff0000;\" href=\"https:\/\/neue-gladbecker-zeitung.de\/foerderer-fuer-das-deutsche-rote-kreuz-gewinnen\/mailto:service@drk-gladbeck.de\" data-href=\"https:\/\/neue-gladbecker-zeitung.de\/foerderer-fuer-das-deutsche-rote-kreuz-gewinnen\/mailto:service@drk-gladbeck.de\" data- rel=\"nofollow noopener\" target=\"_blank\">service@drk-gladbeck.de<\/a><\/strong><\/p>\n<blockquote class=\"wp-embedded-content\" data-secret=\"EE1SbsSjBS\">\n<p><a href=\"https:\/\/neue-gladbecker-zeitung.de\/hausaufgabenhilfe-des-kinderschutzbundes-hilfe-von-den-lions\/\" rel=\"nofollow noopener\" target=\"_blank\">Hausaufgabenhilfe des Kinderschutzbundes: Hilfe von den Lions<\/a><\/p>\n<\/blockquote>\n<p><a style=\"color: #ff0000;\" href=\"https:\/\/neue-gladbecker-zeitung.de\" rel=\"nofollow noopener\" target=\"_blank\">Zur Startseite<\/a><\/p>\n","protected":false},"excerpt":{"rendered":"Das Rotkreuzbotschafter-Team ist seit Montag in Gladbeck unterwegs. Foto: DRK Gladbeck Rotkreuzbotschafter ab dem 8. Juni 2026 in&hellip;\n","protected":false},"author":2,"featured_media":1084967,"comment_status":"","ping_status":"","sticky":false,"template":"","format":"standard","meta":{"footnotes":"","_share_on_mastodon":"0"},"categories":[1848],"tags":[5100,12718,3364,29,548,663,3934,133378,3658,30,17275,13,14,15,1209,230446,12],"class_list":["post-1084966","post","type-post","status-publish","format-standard","has-post-thumbnail","category-gelsenkirchen","tag-rotes-kreuz","tag-drk","tag-de","tag-deutschland","tag-eu","tag-europa","tag-europe","tag-foerderer","tag-gelsenkirchen","tag-germany","tag-gladbeck","tag-headlines","tag-nachrichten","tag-news","tag-nordrhein-westfalen","tag-rotkreuzbotschafter","tag-schlagzeilen"],"share_on_mastodon":{"url":"https:\/\/pubeurope.com\/@de\/116728246334544927","error":""},"_links":{"self":[{"href":"https:\/\/www.europesays.com\/de\/wp-json\/wp\/v2\/posts\/1084966","targetHints":{"allow":["GET"]}}],"collection":[{"href":"https:\/\/www.europesays.com\/de\/wp-json\/wp\/v2\/posts"}],"about":[{"href":"https:\/\/www.europesays.com\/de\/wp-json\/wp\/v2\/types\/post"}],"author":[{"embeddable":true,"href":"https:\/\/www.europesays.com\/de\/wp-json\/wp\/v2\/users\/2"}],"replies":[{"embeddable":true,"href":"https:\/\/www.europesays.com\/de\/wp-json\/wp\/v2\/comments?post=1084966"}],"version-history":[{"count":0,"href":"https:\/\/www.europesays.com\/de\/wp-json\/wp\/v2\/posts\/1084966\/revisions"}],"wp:featuredmedia":[{"embeddable":true,"href":"https:\/\/www.europesays.com\/de\/wp-json\/wp\/v2\/media\/1084967"}],"wp:attachment":[{"href":"https:\/\/www.europesays.com\/de\/wp-json\/wp\/v2\/media?parent=1084966"}],"wp:term":[{"taxonomy":"category","embeddable":true,"href":"https:\/\/www.europesays.com\/de\/wp-json\/wp\/v2\/categories?post=1084966"},{"taxonomy":"post_tag","embeddable":true,"href":"https:\/\/www.europesays.com\/de\/wp-json\/wp\/v2\/tags?post=1084966"}],"curies":[{"name":"wp","href":"https:\/\/api.w.org\/{rel}","templated":true}]}}