{"id":1085077,"date":"2026-06-10T23:49:16","date_gmt":"2026-06-10T23:49:16","guid":{"rendered":"https:\/\/www.europesays.com\/de\/1085077\/"},"modified":"2026-06-10T23:49:16","modified_gmt":"2026-06-10T23:49:16","slug":"frankfurt-main-berlin-dvb-i-neuer-tv-standard-fuehrt-empfangswege-zusammen-2","status":"publish","type":"post","link":"https:\/\/www.europesays.com\/de\/1085077\/","title":{"rendered":"Frankfurt\/Main\/Berlin | DVB-I: Neuer TV-Standard f\u00fchrt Empfangswege zusammen"},"content":{"rendered":"<p>Frankfurt\/Main\/Berlin (dpa\/tmn) &#8211; Standards f\u00fcr lineares Fernsehen gibt es jede Menge: DVB-S f\u00fcrs digitale Satelliten-TV, DVB-T f\u00fcrs digitale Antennen-TV oder DVB-C f\u00fcrs digitale Kabel-TV. Nun taucht immer h\u00e4ufiger eine neue Abk\u00fcrzung auf, n\u00e4mlich DVB-I.\u00a0<\/p>\n<p>Und genau: Die steht f\u00fcr digitales Internetfernsehen.<\/p>\n<p>Nat\u00fcrlich gibt es Internetfernsehen, auch IPTV abgek\u00fcrzt, l\u00e4ngst &#8211; und zwar \u00fcber alle m\u00f6glichen Boxen, Sticks, Dongles, Mobilger\u00e4te und Apps im und um den Fernseher herum. Ziel von DVB-I ist es nun, einen interoperablen Standard f\u00fcr lineares Fernsehen \u00fcber das Internet zu schaffen.<\/p>\n<p>Internetfernsehen auf dem TV-Ger\u00e4t ohne separate App<\/p>\n<p>F\u00fcr TV-Ger\u00e4te beispielsweise bedeutet das kurz gesagt: Fernsehen \u00fcbers Internet, ohne dass eine separate App gestartet werden muss, erkl\u00e4rt die Deutsche TV-Plattform (DTVP).<\/p>\n<p>Mit der Einf\u00fchrung von DVB-I sollen die verschiedenen Empfangswege auf Fernsehern auch st\u00e4rker miteinander verkn\u00fcpft werden. So soll es etwa eine gemeinsame Senderliste f\u00fcr alle Programme geben &#8211; egal auf welchem Weg diese empfangen werden -, oder auch die automatische Auswahl eines alternativen Empfangswegs bei St\u00f6rungen. Au\u00dferdem sollen auch Pay-TV-Programme nahtlos in DVB-I integriert werden k\u00f6nnen.<\/p>\n<p>Der DVB-I-Standard ist nicht nur auf Fernseher beschr\u00e4nkt<\/p>\n<p>Die Endger\u00e4te-Auswahl f\u00fcr DVB-I ist aber nicht auf Fernseher beschr\u00e4nkt, Hersteller k\u00f6nnen alle m\u00f6glichen Empfangsger\u00e4te mit Internetanschluss und einen Media-Player f\u00fcr DVB-I zertifizieren lassen, also etwa auch Set-Top-Boxen, Streaming-Sticks, Smartphones, Tablets, PCs oder auch Laptops.<\/p>\n<p>DVB-I wird dann wohl \u00fcberwiegend bei neu gekauften Ger\u00e4ten zu finden sein &#8211; es sei denn, der Standard kann \u00fcber ein Firmware-Update auf das jeweilige Ger\u00e4t gebracht werden. Einen offiziellen Starttermin f\u00fcr DVB-I gibt es noch nicht, es k\u00f6nnte aber schon Ende dieses Jahres so weit sein.<\/p>\n","protected":false},"excerpt":{"rendered":"Frankfurt\/Main\/Berlin (dpa\/tmn) &#8211; Standards f\u00fcr lineares Fernsehen gibt es jede Menge: DVB-S f\u00fcrs digitale Satelliten-TV, DVB-T f\u00fcrs digitale&hellip;\n","protected":false},"author":2,"featured_media":1085078,"comment_status":"","ping_status":"","sticky":false,"template":"","format":"standard","meta":{"footnotes":"","_share_on_mastodon":"0"},"categories":[1825],"tags":[296,29,230451,441,36165,30,198,624,91633,4332,28359,194,10106,8665,684],"class_list":["post-1085077","post","type-post","status-publish","format-standard","has-post-thumbnail","category-berlin","tag-berlin","tag-deutschland","tag-dvb-i","tag-fernsehen","tag-fernseher","tag-germany","tag-internet","tag-ratgeber","tag-set-top-boxen","tag-smartphones","tag-tablets","tag-technik","tag-tmn1100","tag-tpds","tag-tv"],"share_on_mastodon":{"url":"https:\/\/pubeurope.com\/@de\/116728494141336089","error":""},"_links":{"self":[{"href":"https:\/\/www.europesays.com\/de\/wp-json\/wp\/v2\/posts\/1085077","targetHints":{"allow":["GET"]}}],"collection":[{"href":"https:\/\/www.europesays.com\/de\/wp-json\/wp\/v2\/posts"}],"about":[{"href":"https:\/\/www.europesays.com\/de\/wp-json\/wp\/v2\/types\/post"}],"author":[{"embeddable":true,"href":"https:\/\/www.europesays.com\/de\/wp-json\/wp\/v2\/users\/2"}],"replies":[{"embeddable":true,"href":"https:\/\/www.europesays.com\/de\/wp-json\/wp\/v2\/comments?post=1085077"}],"version-history":[{"count":0,"href":"https:\/\/www.europesays.com\/de\/wp-json\/wp\/v2\/posts\/1085077\/revisions"}],"wp:featuredmedia":[{"embeddable":true,"href":"https:\/\/www.europesays.com\/de\/wp-json\/wp\/v2\/media\/1085078"}],"wp:attachment":[{"href":"https:\/\/www.europesays.com\/de\/wp-json\/wp\/v2\/media?parent=1085077"}],"wp:term":[{"taxonomy":"category","embeddable":true,"href":"https:\/\/www.europesays.com\/de\/wp-json\/wp\/v2\/categories?post=1085077"},{"taxonomy":"post_tag","embeddable":true,"href":"https:\/\/www.europesays.com\/de\/wp-json\/wp\/v2\/tags?post=1085077"}],"curies":[{"name":"wp","href":"https:\/\/api.w.org\/{rel}","templated":true}]}}