{"id":1085210,"date":"2026-06-11T01:02:16","date_gmt":"2026-06-11T01:02:16","guid":{"rendered":"https:\/\/www.europesays.com\/de\/1085210\/"},"modified":"2026-06-11T01:02:16","modified_gmt":"2026-06-11T01:02:16","slug":"buergerkreis-zum-flohmarkt-wochenanzeiger","status":"publish","type":"post","link":"https:\/\/www.europesays.com\/de\/1085210\/","title":{"rendered":"B\u00fcrgerkreis zum Flohmarkt | Wochenanzeiger"},"content":{"rendered":"<p class=\"article-text\">Der B\u00fcrgerkreis Neuperlach e.V. l\u00e4dt wieder zu seinen beliebten Flohm\u00e4rkten auf dem Parkplatz der Deutsche Rentenversicherung in der Fritz-Sch\u00e4ffer-Stra\u00dfe in Neuperlach ein. Diese finden zu folgenden Terminen statt (sofern das Wetter mitspielt &#8211; bei Regen entfallen die Termine): Samstag, 20. Juni &#8211; 27. Juni &#8211; 4. Juli. Einlass f\u00fcr Verk\u00e4ufer ist um 7.00 Uhr, Einlass f\u00fcr K\u00e4ufer um 8.00 Uhr, Ende des Flohmarkts ist um 14.00 Uhr. Der Platz muss sauber verlassen werden. H\u00e4ndler sind nicht zugelassen. Der Erl\u00f6s der Geb\u00fchren wird vom B\u00fcrgerkreis an soziale Einrichtungen gespendet. Zu erreichen ist der Flohmarkt auch mit de \u00f6ffentlichen Verkehrsmittel: U-Bahn Linie U5, U7 \u2013 Neuperlach Zentrum oder mit dem Bus 55 \u2013 Ausstieg: Neuperlach Zentrum.<\/p>\n","protected":false},"excerpt":{"rendered":"Der B\u00fcrgerkreis Neuperlach e.V. l\u00e4dt wieder zu seinen beliebten Flohm\u00e4rkten auf dem Parkplatz der Deutsche Rentenversicherung in der&hellip;\n","protected":false},"author":2,"featured_media":1085211,"comment_status":"","ping_status":"","sticky":false,"template":"","format":"standard","meta":{"footnotes":"","_share_on_mastodon":"0"},"categories":[1827],"tags":[1582,772,29,8513,30,1268,6534],"class_list":["post-1085210","post","type-post","status-publish","format-standard","has-post-thumbnail","category-muenchen","tag-allgemein","tag-bayern","tag-deutschland","tag-flohmarkt","tag-germany","tag-muenchen","tag-neuperlach"],"share_on_mastodon":{"url":"https:\/\/pubeurope.com\/@de\/116728780996059601","error":""},"_links":{"self":[{"href":"https:\/\/www.europesays.com\/de\/wp-json\/wp\/v2\/posts\/1085210","targetHints":{"allow":["GET"]}}],"collection":[{"href":"https:\/\/www.europesays.com\/de\/wp-json\/wp\/v2\/posts"}],"about":[{"href":"https:\/\/www.europesays.com\/de\/wp-json\/wp\/v2\/types\/post"}],"author":[{"embeddable":true,"href":"https:\/\/www.europesays.com\/de\/wp-json\/wp\/v2\/users\/2"}],"replies":[{"embeddable":true,"href":"https:\/\/www.europesays.com\/de\/wp-json\/wp\/v2\/comments?post=1085210"}],"version-history":[{"count":0,"href":"https:\/\/www.europesays.com\/de\/wp-json\/wp\/v2\/posts\/1085210\/revisions"}],"wp:featuredmedia":[{"embeddable":true,"href":"https:\/\/www.europesays.com\/de\/wp-json\/wp\/v2\/media\/1085211"}],"wp:attachment":[{"href":"https:\/\/www.europesays.com\/de\/wp-json\/wp\/v2\/media?parent=1085210"}],"wp:term":[{"taxonomy":"category","embeddable":true,"href":"https:\/\/www.europesays.com\/de\/wp-json\/wp\/v2\/categories?post=1085210"},{"taxonomy":"post_tag","embeddable":true,"href":"https:\/\/www.europesays.com\/de\/wp-json\/wp\/v2\/tags?post=1085210"}],"curies":[{"name":"wp","href":"https:\/\/api.w.org\/{rel}","templated":true}]}}