{"id":1085230,"date":"2026-06-11T01:16:31","date_gmt":"2026-06-11T01:16:31","guid":{"rendered":"https:\/\/www.europesays.com\/de\/1085230\/"},"modified":"2026-06-11T01:16:31","modified_gmt":"2026-06-11T01:16:31","slug":"haan-kuenstlerinnen-laden-zu-malerei-in-digitaler-zeit","status":"publish","type":"post","link":"https:\/\/www.europesays.com\/de\/1085230\/","title":{"rendered":"Haan: K\u00fcnstlerinnen laden zu \u201eMalerei in digitaler Zeit\u201c"},"content":{"rendered":"<p class=\"text_ohne_einzug richtext text-em-55 !leading-serif mx-6 desktop:mx-0\">  Das neue Projekt \u201emitte.haan\u201c der Wirtschaftsf\u00f6rderung Haan belebt seit Anfang des Jahres mit verschiedenen Aktionen unterschiedlicher Nutzer die Innenstadt. Jetzt laden die K\u00fcnstlerinnen Monika Hampe aus Haan und Dagmar Hebestreit, Dozentin an der Volkshochschule Hilden-Haan, zur Er\u00f6ffnung ihrer gemeinsamen Ausstellung \u201eMalerei in digitaler Zeit\u201c am Mittwoch, 17. Juni, um 15 Uhr in \u201emitte.haan\u201c am Neuen Markt 14-16 ein.<\/p>\n<p class=\"richtext text-em-55 !leading-serif mx-6 desktop:mx-0\">W\u00e4hrend Hampe Werke in \u00d6l, Kohle und Radierungen zeigt, stellt Hebestreit ihre Aquarellarbeiten, die oft auf Reisen entstehen, sowie ihre kolorierten Urban Sketching Bilder aus. Die Besucher k\u00f6nnen auf eine vielseitige Ausstellung gespannt sein. Die K\u00fcnstler freuen sich \u00fcber pers\u00f6nliche Begegnungen und anregende Gespr\u00e4che. Sie sind auch beide Mitglieder im Haus Hildener K\u00fcnstler (H6) an der Hofstra\u00dfe 6 in <a href=\"https:\/\/rp-online.de\/thema\/hilden\/\" rel=\"nofollow noopener\" target=\"_blank\">Hilden<\/a>.<\/p>\n<p class=\"richtext text-em-55 !leading-serif mx-6 desktop:mx-0\">Paul Schmitz, Stipendiat der Musikschule Haan, wird die Vernissage mit seiner Gitarre musikalisch begleiten. Die Ausstellung kann von Mittwoch, 17. Juni, bis Samstag, 20. Juni, jeweils von 15 bis 18 Uhr besucht werden.<\/p>\n<p class=\"richtext text-em-55 !leading-serif mx-6 desktop:mx-0\">Es finden zudem im Rahmen der Ausstellung verschiedene Aktionen zum Thema Malen statt. Am Donnerstag, 18. Juni, gibt es die \u201eZeichnen Vorf\u00fchrung\u201c von 15 bis 18 Uhr. Am Freitag, 19. Juni, findet von 15 bis 18 Uhr \u201eUrban Sketching\u201c mit der K\u00fcnstlerin Dagmar Hebestreit statt und am Samstag, 20. Juni, wird von 15 bis 18 Uhr \u201eZeichnen und Aquarellmalen\u201c f\u00fcr G\u00e4ste angeboten.<\/p>\n","protected":false},"excerpt":{"rendered":"Das neue Projekt \u201emitte.haan\u201c der Wirtschaftsf\u00f6rderung Haan belebt seit Anfang des Jahres mit verschiedenen Aktionen unterschiedlicher Nutzer die&hellip;\n","protected":false},"author":2,"featured_media":1085231,"comment_status":"","ping_status":"","sticky":false,"template":"","format":"standard","meta":{"footnotes":"","_share_on_mastodon":"0"},"categories":[1775],"tags":[1793,2076,29,27225,214,30,23696,1794,4815,15033,2705,215],"class_list":["post-1085230","post","type-post","status-publish","format-standard","has-post-thumbnail","category-kunst-und-design","tag-art-and-design","tag-ausstellung","tag-deutschland","tag-digitaler","tag-entertainment","tag-germany","tag-haan","tag-kunst-und-design","tag-kuenstlerinnen","tag-laden","tag-malerei","tag-unterhaltung"],"share_on_mastodon":{"url":"https:\/\/pubeurope.com\/@de\/116728836051324109","error":""},"_links":{"self":[{"href":"https:\/\/www.europesays.com\/de\/wp-json\/wp\/v2\/posts\/1085230","targetHints":{"allow":["GET"]}}],"collection":[{"href":"https:\/\/www.europesays.com\/de\/wp-json\/wp\/v2\/posts"}],"about":[{"href":"https:\/\/www.europesays.com\/de\/wp-json\/wp\/v2\/types\/post"}],"author":[{"embeddable":true,"href":"https:\/\/www.europesays.com\/de\/wp-json\/wp\/v2\/users\/2"}],"replies":[{"embeddable":true,"href":"https:\/\/www.europesays.com\/de\/wp-json\/wp\/v2\/comments?post=1085230"}],"version-history":[{"count":0,"href":"https:\/\/www.europesays.com\/de\/wp-json\/wp\/v2\/posts\/1085230\/revisions"}],"wp:featuredmedia":[{"embeddable":true,"href":"https:\/\/www.europesays.com\/de\/wp-json\/wp\/v2\/media\/1085231"}],"wp:attachment":[{"href":"https:\/\/www.europesays.com\/de\/wp-json\/wp\/v2\/media?parent=1085230"}],"wp:term":[{"taxonomy":"category","embeddable":true,"href":"https:\/\/www.europesays.com\/de\/wp-json\/wp\/v2\/categories?post=1085230"},{"taxonomy":"post_tag","embeddable":true,"href":"https:\/\/www.europesays.com\/de\/wp-json\/wp\/v2\/tags?post=1085230"}],"curies":[{"name":"wp","href":"https:\/\/api.w.org\/{rel}","templated":true}]}}