{"id":1085355,"date":"2026-06-11T02:28:25","date_gmt":"2026-06-11T02:28:25","guid":{"rendered":"https:\/\/www.europesays.com\/de\/1085355\/"},"modified":"2026-06-11T02:28:25","modified_gmt":"2026-06-11T02:28:25","slug":"wetzlar-bei-frankfurt-historische-altstadt-ueberzeugt-mit-viel-fachwerk","status":"publish","type":"post","link":"https:\/\/www.europesays.com\/de\/1085355\/","title":{"rendered":"Wetzlar bei Frankfurt: Historische Altstadt \u00fcberzeugt mit viel Fachwerk"},"content":{"rendered":"<p>Ausflug in Hessen <\/p>\n<p>Fachwerk-Juwel bei Frankfurt: In Wetzlar wartet ein Dom-R\u00e4tsel<\/p>\n<p>Aktualisiert am 11.06.2026 &#8211; 03:37 UhrLesedauer: 2 Min.<\/p>\n<p><a href=\"#focus-0\" class=\"transition-colors duration-200 block text-current relative\" data-sctrack=\"FocusGalleryImage.Reference\"><img fetchpriority=\"high\" data-testid=\"Opener.Image\"   loading=\"eager\" src=\"https:\/\/www.europesays.com\/de\/wp-content\/uploads\/2026\/06\/fachwerkhaeuser-in-der-historischen-altstadt-von-wetzlar-hessen-deutschland-in-der-altstadt-von-wetz.jpeg\" alt=\"imago images 0779323471\" title=\"imago images 0779323471\" width=\"4000\" height=\"2250\" class=\"bg-[url:var(--lqipURL)] bg-cover bg-center flex h-full w-full max-w-full\" style=\"--lqipURL:url('https:\/\/images.t-online.de\/2026\/04\/8fRbcdLme7HG\/0x210:4000x2250\/fit-in\/150x0\/filters:blur(25)\/fachwerkhaeuser-in-der-historischen-altstadt-von-wetzlar-hessen-deutschland-in-der-altstadt-von-wetzlar-half-timbered-houses-in-the-historic-old-town-of-wetzlar-hesse-germany-in-the-old-town-of-wetzlar.jpg')\" decoding=\"async\"\/><img loading=\"lazy\" src=\"https:\/\/frankfurt.t-online.de\/s\/paper\/_next\/static\/media\/zoom-in.f7dae02f.svg\" alt=\"Vergr\u00f6\u00dfern des Bildes\" title=\"Vergr\u00f6\u00dfern des Bildes\" class=\"block h-[calc(var(--height)_\/_16_*_1rem)] w-[calc(var(--width)_\/_16_*_1rem)] max-w-none absolute bottom-8 right-8 rounded-4 bg-snow p-8\" style=\"--width:32;--height:32\" decoding=\"async\"\/><\/a><\/p>\n<p>Fachwerkh\u00e4user in der historischen Altstadt von Wetzlar (Archivbild): Das \u00e4lteste Geb\u00e4ude in dem Baustil stammt aus dem 14. Jahrhundert. (Quelle: IMAGO\/bruno kickner\/imago)<\/p>\n<p><img loading=\"lazy\" src=\"https:\/\/frankfurt.t-online.de\/s\/paper\/_next\/static\/media\/audio-volume.6689034c.svg\" alt=\"\" title=\"\" class=\"block h-[calc(var(--height)_\/_16_*_1rem)] w-[calc(var(--width)_\/_16_*_1rem)] max-w-none group-hover:brightness-0 group-hover:invert\" style=\"--width:16;--height:16\" decoding=\"async\"\/>Vorlesen<\/p>\n<p>Aktuelle Zeit:0:00Gesamtdauer:0:00<\/p>\n<p>1x<\/p>\n<p class=\"text-center\">Jetzt neu bei t-online:<\/p>\n<p class=\"text-center\">Schriftgr\u00f6\u00dfe anpassen!<\/p>\n<p><img loading=\"lazy\" src=\"https:\/\/frankfurt.t-online.de\/s\/paper\/_next\/static\/media\/font-sizes.32942e33.svg\" alt=\"\" title=\"\" class=\"block h-[calc(var(--height)_\/_16_*_1rem)] w-[calc(var(--width)_\/_16_*_1rem)] max-w-none group-hover:hidden group-aria-expanded:hidden\" style=\"--width:16;--height:16\" decoding=\"async\"\/><img loading=\"lazy\" src=\"https:\/\/frankfurt.t-online.de\/s\/paper\/_next\/static\/media\/font-sizes-dark-mode.e382645c.svg\" alt=\"\" title=\"\" class=\"block h-[calc(var(--height)_\/_16_*_1rem)] w-[calc(var(--width)_\/_16_*_1rem)] max-w-none hidden group-hover:block group-aria-expanded:block\" style=\"--width:16;--height:16\" decoding=\"async\"\/><img loading=\"lazy\" src=\"https:\/\/frankfurt.t-online.de\/s\/paper\/_next\/static\/media\/sharing-menu-icon.1eb71368.svg\" alt=\"\" title=\"\" class=\"block h-[calc(var(--height)_\/_16_*_1rem)] w-[calc(var(--width)_\/_16_*_1rem)] max-w-none group-hover:brightness-0 group-hover:invert\" style=\"--width:16;--height:16\" decoding=\"async\"\/>Artikel teilen<\/p>\n<p class=\"font-bold text-18 leading-17 user-text-lg:text-22 user-text-xl:text-24\">Wetzlar \u00fcberrascht unweit von Frankfurt mit verwinkelten Gassen und schiefem Fachwerk. Im Zentrum steht ein Dom, dessen Baugeschichte bis heute Spuren hinterl\u00e4sst.<\/p>\n<p class=\"text-18 leading-17 user-text-lg:text-22 user-text-xl:text-24\">Die Altstadt von Wetzlar wirkt auf den ersten Blick wie ein gew\u00f6hnliches historisches Stadtbild \u2013 doch wer genauer hinschaut, entdeckt ihren wahren Charme. Verwinkelte Gassen, schiefe Fachwerkh\u00e4user und idyllische Pl\u00e4tze machen die Stadt zu etwas Besonderem.<\/p>\n<p class=\"text-18 leading-17 user-text-lg:text-22 user-text-xl:text-24\">Rund um Kornmarkt, Fischmarkt und Eisenmarkt liegen die Sehensw\u00fcrdigkeiten dicht beieinander. In diesem Teil der Altstadt zeigt sich das historische Zentrum besonders kompakt: Vieles ist fu\u00dfl\u00e4ufig erreichbar, die Orientierung f\u00e4llt leicht \u2013 und die Altstadt l\u00e4sst sich bestens zu Fu\u00df erkunden.<\/p>\n<p class=\"text-18 leading-17 user-text-lg:text-22 user-text-xl:text-24\">Fachwerk, Barock und ein imposanter Dom: In der Architektur der Stadt spiegeln sich verschiedene Epochen wider. Besonders die Altstadt wei\u00df zu begeistern \u2013 ihre \u00fcberschaubare Struktur wirkt trotz der vielf\u00e4ltigen Baustile harmonisch und keineswegs \u00fcberladen.<\/p>\n<ul class=\"text-18 leading-17 block pl-24 *:pb-16 *:before:inline-block *:before:size-8 *:before:bg-magenta *:before:-ml-[20px] *:before:mb-2 *:before:mr-12 *:before:mt-0\">\n<li><strong class=\"font-bold\">Ausflugstipp in Hessen:<\/strong> <a class=\"transition-colors duration-200 cursor-pointer text-inherit no-underline text-salemsfur md:hover:text-magenta md:hover:border-magenta md:focus:text-magenta border-current border-b border-solid break-words\" data-tracking=\"{&quot;action&quot;:&quot;click&quot;,&quot;category&quot;:&quot;intextLink&quot;,&quot;label&quot;:&quot;\/region\/frankfurt-am-main\/id_101162774\/marburg-fachwerk-schloss-und-gassen-ein-ausflug-lohnt-sich.html&quot;}\" href=\"https:\/\/frankfurt.t-online.de\/region\/frankfurt-am-main\/id_101162774\/marburg-fachwerk-schloss-und-gassen-ein-ausflug-lohnt-sich.html\" data-sctrack=\"BodyAnchor\" rel=\"nofollow noopener\" target=\"_blank\">Diese Stadt besticht mit mehr als 700 antiken H\u00e4usern<\/a><\/li>\n<li><strong class=\"font-bold\">Wein, Fachwerk, Rhein:<\/strong> <a class=\"transition-colors duration-200 cursor-pointer text-inherit no-underline text-salemsfur md:hover:text-magenta md:hover:border-magenta md:focus:text-magenta border-current border-b border-solid break-words\" data-tracking=\"{&quot;action&quot;:&quot;click&quot;,&quot;category&quot;:&quot;intextLink&quot;,&quot;label&quot;:&quot;\/region\/frankfurt-am-main\/id_101207112\/bacharach-am-rhein-ausflug-zu-burg-stahleck-und-fachwerk-altstadt.html&quot;}\" href=\"https:\/\/frankfurt.t-online.de\/region\/frankfurt-am-main\/id_101207112\/bacharach-am-rhein-ausflug-zu-burg-stahleck-und-fachwerk-altstadt.html\" data-sctrack=\"BodyAnchor\" rel=\"nofollow noopener\" target=\"_blank\">Dieser Tagesausflug \u00fcberzeugt<\/a><\/li>\n<\/ul>\n<p>Ein Dom mit langer Baugeschichte<\/p>\n<p><a href=\"#focus-1\" class=\"transition-colors duration-200 block text-current relative\" data-sctrack=\"FocusGalleryImage.Reference\"><img   loading=\"lazy\" src=\"https:\/\/www.europesays.com\/de\/wp-content\/uploads\/2026\/06\/lahn-river-in-the-old-town-wetzlar-germany-28-102020-copyright-xphilipusx-panthermedia10148767.jpg\" alt=\"imago145580724\" title=\"imago145580724\" width=\"4000\" height=\"2250\" class=\"h-full w-full max-w-full rounded-8\" decoding=\"async\"\/><img loading=\"lazy\" src=\"https:\/\/frankfurt.t-online.de\/s\/paper\/_next\/static\/media\/zoom-in.f7dae02f.svg\" alt=\"Vergr\u00f6\u00dfern des Bildes\" title=\"Vergr\u00f6\u00dfern des Bildes\" class=\"block h-[calc(var(--height)_\/_16_*_1rem)] w-[calc(var(--width)_\/_16_*_1rem)] max-w-none absolute bottom-8 right-8 rounded-4 bg-snow p-8\" style=\"--width:32;--height:32\" decoding=\"async\"\/>Blick auf Wetzlar (Archivbild): Im Vordergrund die Lahn, der Dom \u00fcber der Stadt. (Quelle: philipus via imago-images.de\/imago)<\/a><\/p>\n<p class=\"text-18 leading-17 user-text-lg:text-22 user-text-xl:text-24\">Im Zentrum steht der Wetzlarer Dom, dessen Erscheinungsbild ungew\u00f6hnlich ist. Romanische, gotische und barocke Bauteile treffen hier aufeinander und ergeben ein pr\u00e4gnantes Gesamtbild. Der Bau zog sich \u00fcber Jahrhunderte hin und wurde mehrfach unterbrochen.<\/p>\n<p class=\"text-18 leading-17 user-text-lg:text-22 user-text-xl:text-24\">Bis heute ist der Dom in Teilen unvollendet geblieben. Gr\u00fcnde daf\u00fcr waren unter anderem finanzielle Engp\u00e4sse und bauliche Schwierigkeiten im Verlauf der langen Baugeschichte. Gerade dieser unfertige Zustand macht den Bau heute zu einem markanten Wahrzeichen.<\/p>\n<p class=\"text-18 leading-17 user-text-lg:text-22 user-text-xl:text-24\">Der Domplatz bildet den zentralen Ausgangspunkt f\u00fcr Rundg\u00e4nge. Von hier aus verzweigen sich die Wege in die Altstadt. Viele der wichtigsten Stationen lassen sich von dort aus direkt erreichen.<\/p>\n<p>Goethe und der &#8222;Werther&#8220;<\/p>\n<p><a href=\"#focus-2\" class=\"transition-colors duration-200 block text-current relative\" data-sctrack=\"FocusGalleryImage.Reference\"><img   loading=\"lazy\" src=\"https:\/\/www.europesays.com\/de\/wp-content\/uploads\/2026\/06\/fachwerkhaeuser-am-eisenmarkt-aufgenommen-vom-leica-fotopunkt-altstadt-wetzlar-hessen-deutschland-ha.jpeg\" alt=\"imago images 0791870556\" title=\"imago images 0791870556\" width=\"4000\" height=\"2250\" class=\"h-full w-full max-w-full rounded-8\" decoding=\"async\"\/><img loading=\"lazy\" src=\"https:\/\/frankfurt.t-online.de\/s\/paper\/_next\/static\/media\/zoom-in.f7dae02f.svg\" alt=\"Vergr\u00f6\u00dfern des Bildes\" title=\"Vergr\u00f6\u00dfern des Bildes\" class=\"block h-[calc(var(--height)_\/_16_*_1rem)] w-[calc(var(--width)_\/_16_*_1rem)] max-w-none absolute bottom-8 right-8 rounded-4 bg-snow p-8\" style=\"--width:32;--height:32\" decoding=\"async\"\/>Fachwerkh\u00e4user am Eisenmarkt (Archivbild) in der Altstadt von Wetzlar. (Quelle: IMAGO\/Joko\/imago)<\/a><\/p>\n<p class=\"text-18 leading-17 user-text-lg:text-22 user-text-xl:text-24\">Der Name Wetzlar ist eng mit Johann Wolfgang von Goethe verbunden. W\u00e4hrend seines Aufenthalts im Jahr 1772 sammelte er hier Eindr\u00fccke aus seinem Umfeld. Diese verarbeitete er sp\u00e4ter in &#8222;Die Leiden des jungen Werthers&#8220;. Das Lottehaus ist heute ein Goethe-Gedenkort.<\/p>\n<p class=\"text-18 leading-17 user-text-lg:text-22 user-text-xl:text-24\">Auch das Goethehaus am Kornmarkt kn\u00fcpft daran an und erg\u00e4nzt das Thema im Stadtraum. Der Goetheweg in und um Wetzlar greift den Aufenthalt Goethes auf und f\u00fchrt durch verschiedene Bereiche mit Bezug zur Geschichte.<\/p>\n","protected":false},"excerpt":{"rendered":"Ausflug in Hessen Fachwerk-Juwel bei Frankfurt: In Wetzlar wartet ein Dom-R\u00e4tsel Aktualisiert am 11.06.2026 &#8211; 03:37 UhrLesedauer: 2&hellip;\n","protected":false},"author":2,"featured_media":1085356,"comment_status":"","ping_status":"","sticky":false,"template":"","format":"standard","meta":{"footnotes":"","_share_on_mastodon":"0"},"categories":[1829],"tags":[2201,522,3092,44655,230502,29,88559,45993,2050,2051,30,2052,14511,5206,16560,6715,12978],"class_list":["post-1085355","post","type-post","status-publish","format-standard","has-post-thumbnail","category-frankfurt-am-main","tag-2201","tag-522","tag-3092","tag-baugeschichte","tag-baustil","tag-deutschland","tag-ernst-leitz","tag-fachwerkhaus","tag-frankfurt","tag-frankfurt-am-main","tag-germany","tag-hessen","tag-johann-wolfgang-von-goethe","tag-rhein","tag-wein","tag-werther","tag-wetzlar"],"share_on_mastodon":{"url":"https:\/\/pubeurope.com\/@de\/116729120343707168","error":""},"_links":{"self":[{"href":"https:\/\/www.europesays.com\/de\/wp-json\/wp\/v2\/posts\/1085355","targetHints":{"allow":["GET"]}}],"collection":[{"href":"https:\/\/www.europesays.com\/de\/wp-json\/wp\/v2\/posts"}],"about":[{"href":"https:\/\/www.europesays.com\/de\/wp-json\/wp\/v2\/types\/post"}],"author":[{"embeddable":true,"href":"https:\/\/www.europesays.com\/de\/wp-json\/wp\/v2\/users\/2"}],"replies":[{"embeddable":true,"href":"https:\/\/www.europesays.com\/de\/wp-json\/wp\/v2\/comments?post=1085355"}],"version-history":[{"count":0,"href":"https:\/\/www.europesays.com\/de\/wp-json\/wp\/v2\/posts\/1085355\/revisions"}],"wp:featuredmedia":[{"embeddable":true,"href":"https:\/\/www.europesays.com\/de\/wp-json\/wp\/v2\/media\/1085356"}],"wp:attachment":[{"href":"https:\/\/www.europesays.com\/de\/wp-json\/wp\/v2\/media?parent=1085355"}],"wp:term":[{"taxonomy":"category","embeddable":true,"href":"https:\/\/www.europesays.com\/de\/wp-json\/wp\/v2\/categories?post=1085355"},{"taxonomy":"post_tag","embeddable":true,"href":"https:\/\/www.europesays.com\/de\/wp-json\/wp\/v2\/tags?post=1085355"}],"curies":[{"name":"wp","href":"https:\/\/api.w.org\/{rel}","templated":true}]}}