{"id":108551,"date":"2025-05-13T23:35:12","date_gmt":"2025-05-13T23:35:12","guid":{"rendered":"https:\/\/www.europesays.com\/de\/108551\/"},"modified":"2025-05-13T23:35:12","modified_gmt":"2025-05-13T23:35:12","slug":"bremen-flughafen-erweitert-griechenland-fluege-deutlich","status":"publish","type":"post","link":"https:\/\/www.europesays.com\/de\/108551\/","title":{"rendered":"Bremen: Flughafen erweitert Griechenland-Fl\u00fcge deutlich"},"content":{"rendered":"<p>Sommerurlaub <\/p>\n<p>Flughafen Bremen baut Griechenland-Angebot massiv aus<\/p>\n<p>14.05.2025 &#8211; 01:13 UhrLesedauer: 1 Min.<\/p>\n<p><a href=\"#focus-0\" class=\"transition-colors duration-200 focus-within:text-magenta block text-current relative\" data-sctrack=\"FocusGalleryImage.Reference\"><img fetchpriority=\"high\" data-testid=\"Opener.Image\" style=\"--lqipURL:url('https:\/\/images.t-online.de\/2025\/05\/-vpiVYI4tuk4\/0x111:4000x2250\/fit-in\/150x0\/filters:blur(25)\/ein-a320neo-von-aegean-airlines-archivbild-ab-dem-25-mai-fliegt-zusaetzlich-zum-sundair-angebot-aegean-airlines-jeden-sonntag-von-bremen-nach-kreta.jpg')\"   loading=\"eager\" src=\"https:\/\/www.europesays.com\/de\/wp-content\/uploads\/2025\/05\/ein-a320neo-von-aegean-airlines-archivbild-ab-dem-25-mai-fliegt-zusaetzlich-zum-sundair-angebot-aege.jpeg\" alt=\"Ein A320neo von Aegean Airlines (Archivbild): Ab dem 25. Mai fliegt \u2013 zus\u00e4tzlich zum Sundair-Angebot \u2013 Aegean Airlines jeden Sonntag von Bremen nach Kreta.\" title=\"Ein A320neo von Aegean Airlines (Archivbild): Ab dem 25. Mai fliegt \u2013 zus\u00e4tzlich zum Sundair-Angebot \u2013 Aegean Airlines jeden Sonntag von Bremen nach Kreta.\" width=\"4000\" height=\"2250\" class=\"bg-[url:var(--lqipURL)] bg-cover bg-center flex w-full max-w-full h-full\" decoding=\"async\"\/><img style=\"--width:32;--height:32\" loading=\"lazy\" src=\"https:\/\/www.europesays.com\/de\/wp-content\/uploads\/2025\/03\/zoom-in.f7dae02f.svg.svg+xml\" alt=\"Vergr\u00f6\u00dfern des Bildes\" title=\"Vergr\u00f6\u00dfern des Bildes\" class=\"&#10;        block&#10;        h-[calc(var(--height)_\/_16_*_1rem)]&#10;        w-[calc(var(--width)_\/_16_*_1rem)]&#10;        max-w-none&#10;        absolute bottom-8 right-8 rounded-4 bg-snow p-8\" decoding=\"async\"\/><\/a><\/p>\n<p>Ein A320neo von Aegean Airlines (Archivbild): Ab dem 25. Mai fliegt \u2013 zus\u00e4tzlich zum Sundair-Angebot \u2013 Aegean Airlines jeden Sonntag von Bremen nach Kreta. (Quelle: IMAGO\/Andreas Haas\/imago-images-bilder)<\/p>\n<p class=\"font-bold text-18 leading-17\"><strong class=\"font-bold\">Sonne satt ab Bremen: Wer nach Griechenland m\u00f6chte, hat bald die Qual der Wahl.<\/strong> Eine bekannte Airline startet mit gleich drei neuen Verbindungen.<\/p>\n<p class=\"text-18 leading-17\">Der <a class=\"transition-colors duration-200 cursor-pointer text-inherit no-underline text-salemsfur md:hover:text-magenta md:hover:border-magenta md:focus:text-magenta border-current border-b border-solid break-words\" href=\"https:\/\/www.t-online.de\/themen\/flughafen\/\" data-sctrack=\"BodyAnchor\" target=\"_blank\" rel=\"noopener\">Flughafen<\/a> <a class=\"transition-colors duration-200 cursor-pointer text-inherit no-underline text-salemsfur md:hover:text-magenta md:hover:border-magenta md:focus:text-magenta border-current border-b border-solid break-words\" href=\"https:\/\/www.t-online.de\/region\/bremen\/\" data-sctrack=\"BodyAnchor\" target=\"_blank\" rel=\"noopener\">Bremen<\/a> baut sein Angebot f\u00fcr Griechenland-Reisende massiv aus. Urlauber aus dem Nordwesten haben bisher viermal in der Woche die Gelegenheit, mit Sundair von Bremen in die Sonne Griechenlands zu fliegen. Das soll sich nun \u00e4ndern.<\/p>\n<p class=\"text-18 leading-17\">Nach <a class=\"transition-colors duration-200 cursor-pointer text-inherit no-underline text-salemsfur md:hover:text-magenta md:hover:border-magenta md:focus:text-magenta border-current border-b border-solid break-words\" href=\"https:\/\/www.t-online.de\/themen\/rhodos\/\" data-sctrack=\"BodyAnchor\" target=\"_blank\" rel=\"noopener\">Rhodos<\/a> geht es immer mittwochs und sonntags. Die meisten Verbindungen gibt es perspektivisch aber auf die gr\u00f6\u00dfte griechische Insel: Kreta wird aktuell donnerstags und samstags angeflogen. Die Anzahl der Fl\u00fcge nach Heraklion auf Kreta wird mit Blick auf den Sommer aber Schritt f\u00fcr Schritt erh\u00f6ht.<\/p>\n<p class=\"text-18 leading-17\">Ab dem 25. Mai fliegt \u2013 zus\u00e4tzlich zum Sundair-Angebot \u2013 Aegean <a class=\"transition-colors duration-200 cursor-pointer text-inherit no-underline text-salemsfur md:hover:text-magenta md:hover:border-magenta md:focus:text-magenta border-current border-b border-solid break-words\" href=\"https:\/\/www.t-online.de\/themen\/airlines\/\" data-sctrack=\"BodyAnchor\" target=\"_blank\" rel=\"noopener\">Airlines<\/a> jeden Sonntag von Bremen nach Kreta. Zwei Wochen sp\u00e4ter wird die Insel dann auch freitags und ab Anfang Juli zus\u00e4tzlich mittwochs angeflogen.<\/p>\n<p class=\"text-18 leading-17\">\u201eDank Sundair und Aegean Airlines geht es also bis in den Oktober hinein jede Woche gleich sieben Mal von der Weser an das \u00c4g\u00e4ische Meer&#8220;, sagt Dr. Marc Cezanne, Gesch\u00e4ftsf\u00fchrer am Flughafen Bremen.<\/p>\n","protected":false},"excerpt":{"rendered":"Sommerurlaub Flughafen Bremen baut Griechenland-Angebot massiv aus 14.05.2025 &#8211; 01:13 UhrLesedauer: 1 Min. Ein A320neo von Aegean Airlines&hellip;\n","protected":false},"author":2,"featured_media":108552,"comment_status":"","ping_status":"","sticky":false,"template":"","format":"standard","meta":{"footnotes":""},"categories":[1824],"tags":[3176,42629,3091,2420,3364,29,2109,30,1565,42628,42601,27357],"class_list":{"0":"post-108551","1":"post","2":"type-post","3":"status-publish","4":"format-standard","5":"has-post-thumbnail","7":"category-bremen","8":"tag-3176","9":"tag-aegean-airlines","10":"tag-airline","11":"tag-bremen","12":"tag-de","13":"tag-deutschland","14":"tag-flughafen","15":"tag-germany","16":"tag-griechenland","17":"tag-kreta","18":"tag-rhodos","19":"tag-sommerurlaub"},"share_on_mastodon":{"url":"https:\/\/pubeurope.com\/@de\/114503151052238118","error":""},"_links":{"self":[{"href":"https:\/\/www.europesays.com\/de\/wp-json\/wp\/v2\/posts\/108551","targetHints":{"allow":["GET"]}}],"collection":[{"href":"https:\/\/www.europesays.com\/de\/wp-json\/wp\/v2\/posts"}],"about":[{"href":"https:\/\/www.europesays.com\/de\/wp-json\/wp\/v2\/types\/post"}],"author":[{"embeddable":true,"href":"https:\/\/www.europesays.com\/de\/wp-json\/wp\/v2\/users\/2"}],"replies":[{"embeddable":true,"href":"https:\/\/www.europesays.com\/de\/wp-json\/wp\/v2\/comments?post=108551"}],"version-history":[{"count":0,"href":"https:\/\/www.europesays.com\/de\/wp-json\/wp\/v2\/posts\/108551\/revisions"}],"wp:featuredmedia":[{"embeddable":true,"href":"https:\/\/www.europesays.com\/de\/wp-json\/wp\/v2\/media\/108552"}],"wp:attachment":[{"href":"https:\/\/www.europesays.com\/de\/wp-json\/wp\/v2\/media?parent=108551"}],"wp:term":[{"taxonomy":"category","embeddable":true,"href":"https:\/\/www.europesays.com\/de\/wp-json\/wp\/v2\/categories?post=108551"},{"taxonomy":"post_tag","embeddable":true,"href":"https:\/\/www.europesays.com\/de\/wp-json\/wp\/v2\/tags?post=108551"}],"curies":[{"name":"wp","href":"https:\/\/api.w.org\/{rel}","templated":true}]}}