{"id":1085564,"date":"2026-06-11T04:35:15","date_gmt":"2026-06-11T04:35:15","guid":{"rendered":"https:\/\/www.europesays.com\/de\/1085564\/"},"modified":"2026-06-11T04:35:15","modified_gmt":"2026-06-11T04:35:15","slug":"vfr-mannheim-feiert-beim-fk-pirmasens-fussball","status":"publish","type":"post","link":"https:\/\/www.europesays.com\/de\/1085564\/","title":{"rendered":"VfR Mannheim feiert beim FK Pirmasens &#8211; Fu\u00dfball"},"content":{"rendered":"<p class=\"rhp-dpa-teaser\"><b>Das Wunder von der Husterh\u00f6he schien f\u00fcr einen Moment m\u00f6glich, geschah aber nicht.<\/b><\/p>\n<p>Der <a class=\"rtr-entity\" data-rtr-entity=\"FK Pirmasens\" data-rtr-id=\"71b6f11bb7fd71314376b8e82d0706fb52065bed\" data-rtr-score=\"59.87588652482269\" data-rtr-etype=\"organisation\" data-rtr-index=\"11\" href=\"https:\/\/www.rheinpfalz.de\/themen\/fk-pirmasens\" rel=\"nofollow noopener\" target=\"_blank\">FK Pirmasens<\/a> scheiterte am Mittwochabend beim Versuch, mit einem hohen Sieg gegen den <a class=\"rtr-entity\" data-rtr-entity=\"VfR Mannheim\" data-rtr-id=\"8a794eb2c41072d4928bca91228a296b359a7875\" data-rtr-score=\"58.35106382978723\" data-rtr-etype=\"organisation\" data-rtr-index=\"10\" href=\"https:\/\/www.rheinpfalz.de\/themen\/vfr-mannheim\" rel=\"nofollow noopener\" target=\"_blank\">VfR Mannheim<\/a> noch in die Regionalliga aufzusteigen. Die Pirmasenser verloren  mit 0:1 (0:0) gegen den Vizemeister der Oberliga <a class=\"rtr-entity\" data-rtr-entity=\"Baden-W\u00fcrttemberg\" data-rtr-id=\"0fdc2cc0d57adcb40e552e04b6df79fc5a962279\" data-rtr-score=\"7.01241134751773\" data-rtr-etype=\"location\" data-rtr-index=\"2\" href=\"https:\/\/www.rheinpfalz.de\/themen\/baden-wuerttemberg\" rel=\"nofollow noopener\" target=\"_blank\">Baden-W\u00fcrttemberg<\/a>, der damit die Dreier-Aufstiegsrunde auf Platz eins beendete. Der FKP bleibt in der Oberliga <a class=\"rtr-entity\" data-rtr-entity=\"Rheinland-Pfalz\" data-rtr-id=\"592c89cea2c38a673e1ef01e37ba8a1a22000196\" data-rtr-score=\"6.766400709219858\" data-rtr-etype=\"location\" data-rtr-index=\"7\" href=\"https:\/\/www.rheinpfalz.de\/rheinland-pfalz.html\" rel=\"nofollow noopener\" target=\"_blank\">Rheinland-Pfalz<\/a>\/Saar, der FC Eddersheim in der Hessenliga.<\/p>\n<p>Wohl jeder der 1745 Zuschauer im<\/p>\n<p class=\"rhp-teaser\"><b>Das Wunder von der Husterh\u00f6he schien f\u00fcr einen Moment m\u00f6glich, geschah aber nicht.<\/b><\/p>\n","protected":false},"excerpt":{"rendered":"Das Wunder von der Husterh\u00f6he schien f\u00fcr einen Moment m\u00f6glich, geschah aber nicht. Der FK Pirmasens scheiterte am&hellip;\n","protected":false},"author":2,"featured_media":1085565,"comment_status":"","ping_status":"","sticky":false,"template":"","format":"standard","meta":{"footnotes":"","_share_on_mastodon":"0"},"categories":[1845],"tags":[1634,227903,230536,3364,230537,29,227904,548,663,3934,19944,70225,30,13,230535,4060,230533,2096,14,15,230534,35608,1756,12,265,21037],"class_list":["post-1085564","post","type-post","status-publish","format-standard","has-post-thumbnail","category-mannheim","tag-baden-wuerttemberg","tag-daniel-paulus","tag-david-nreca-bisinger","tag-de","tag-dennis-krob","tag-deutschland","tag-eddersheim","tag-eu","tag-europa","tag-europe","tag-fc-eddersheim","tag-fk-pirmasens","tag-germany","tag-headlines","tag-husterhoehe","tag-lokal","tag-luka-dimitrijevic","tag-mannheim","tag-nachrichten","tag-news","tag-oskar-prokopchuk","tag-pirmasens","tag-rheinland-pfalz","tag-schlagzeilen","tag-sport","tag-vfr-mannheim"],"share_on_mastodon":{"url":"https:\/\/pubeurope.com\/@de\/116729618452115359","error":""},"_links":{"self":[{"href":"https:\/\/www.europesays.com\/de\/wp-json\/wp\/v2\/posts\/1085564","targetHints":{"allow":["GET"]}}],"collection":[{"href":"https:\/\/www.europesays.com\/de\/wp-json\/wp\/v2\/posts"}],"about":[{"href":"https:\/\/www.europesays.com\/de\/wp-json\/wp\/v2\/types\/post"}],"author":[{"embeddable":true,"href":"https:\/\/www.europesays.com\/de\/wp-json\/wp\/v2\/users\/2"}],"replies":[{"embeddable":true,"href":"https:\/\/www.europesays.com\/de\/wp-json\/wp\/v2\/comments?post=1085564"}],"version-history":[{"count":0,"href":"https:\/\/www.europesays.com\/de\/wp-json\/wp\/v2\/posts\/1085564\/revisions"}],"wp:featuredmedia":[{"embeddable":true,"href":"https:\/\/www.europesays.com\/de\/wp-json\/wp\/v2\/media\/1085565"}],"wp:attachment":[{"href":"https:\/\/www.europesays.com\/de\/wp-json\/wp\/v2\/media?parent=1085564"}],"wp:term":[{"taxonomy":"category","embeddable":true,"href":"https:\/\/www.europesays.com\/de\/wp-json\/wp\/v2\/categories?post=1085564"},{"taxonomy":"post_tag","embeddable":true,"href":"https:\/\/www.europesays.com\/de\/wp-json\/wp\/v2\/tags?post=1085564"}],"curies":[{"name":"wp","href":"https:\/\/api.w.org\/{rel}","templated":true}]}}