{"id":1085704,"date":"2026-06-11T05:59:16","date_gmt":"2026-06-11T05:59:16","guid":{"rendered":"https:\/\/www.europesays.com\/de\/1085704\/"},"modified":"2026-06-11T05:59:16","modified_gmt":"2026-06-11T05:59:16","slug":"auch-in-augsburg-bayerische-krankenhaeuser-planen-symbolische-schliessung","status":"publish","type":"post","link":"https:\/\/www.europesays.com\/de\/1085704\/","title":{"rendered":"Auch in Augsburg: Bayerische Krankenh\u00e4user planen symbolische Schlie\u00dfung"},"content":{"rendered":"<p class=\"mb-6 text-xs-varying md:text-m lg:text-l font-serif group-[.font-sans]:font-sans \">\n    Zur Stabilisierung der Krankenkassen-Beitr\u00e4ge will die Bundesregierung <a href=\"https:\/\/www.augsburger-allgemeine.de\/politik\/das-bedeutet-die-gesundheitsreform-fuer-sie-zahnersatz-tabak-alkohol-114091610\" target=\"_self\" class=\"underline \" rel=\"nofollow noopener\">umfassende Sparma\u00dfnahmen im Gesundheitsbereich<\/a> auf den Weg bringen \u2013 zum \u00c4rger vieler Krankenh\u00e4user. \u201eFast im gesamten Gesundheits- und Sozialwesen soll mit dem Rasenm\u00e4her auf Kosten der Besch\u00e4ftigten gespart werden. Die Folgen f\u00fcr alle Menschen, die nicht privat versichert sind: Noch l\u00e4ngere Wartezeiten, h\u00f6here Zuzahlungen, schlechtere Versorgungsqualit\u00e4t\u201c, argumentiert Verdi in einer Ank\u00fcndigung f\u00fcr eine Kundgebung in <a href=\"https:\/\/www.augsburger-allgemeine.de\/augsburg\/\" target=\"_self\" class=\"underline \" rel=\"nofollow noopener\">Augsburg<\/a>.\n  <\/p>\n<p class=\"mb-6 text-xs-varying md:text-m lg:text-l font-serif group-[.font-sans]:font-sans \">\n    Dort wurde bereits am Dienstag (9. Juni 2026) gegen die geplanten Ma\u00dfnahmen protestiert. Am Mittwoch (10. Juni) folgten Proteste in N\u00fcrnberg, <a href=\"https:\/\/www.mainpost.de\/wuerzburg\" target=\"_self\" class=\"underline \" rel=\"nofollow noopener\">W\u00fcrzburg<\/a>, <a href=\"https:\/\/www.allgaeuer-zeitung.de\/kempten\" target=\"_self\" class=\"underline \" rel=\"nofollow noopener\">Kempten<\/a> und Deggendorf. Da im Bundestag am Freitag auch erstmals \u00fcber das GKV-Beitragssatzstabilisierungsgesetz von Bundesgesundheitsministerin Nina Warken (CDU) diskutiert wird, sollen an diesem Tag einige Krankenh\u00e4user symbolisch geschlossen werden. Das Josefinum in Augsburg beteiligt sich an der Aktion.\n  <\/p>\n<p>            Kliniken schlie\u00dfen aus Protest symbolisch \u2013 auch Augsburg macht mit<\/p>\n<p class=\"mb-6 text-xs-varying md:text-m lg:text-l font-serif group-[.font-sans]:font-sans \">\n    Verdi betont: \u201eGesundheit ist Daseinsvorsorge. Sie darf nicht kaputtgespart werden.\u201c Das sieht die Bayerische Krankenhausgesellschaft (BKG) \u00e4hnlich und rief daher gemeinsam mit der Baden-W\u00fcrttembergischen Krankenhausgesellschaft (BWKG) zahlreiche Krankenh\u00e4user auf, ihre Haupteing\u00e4nge zur Mittagszeit zwei Stunden zu schlie\u00dfen. Auf Patientinnen und Patienten soll das jedoch keinen Einfluss haben: Die Kliniken bleiben \u00fcber die Nebeneing\u00e4nge erreichbar.\n  <\/p>\n<p class=\"mb-6 text-xs-varying md:text-m lg:text-l font-serif group-[.font-sans]:font-sans \">\n    \u201eWir gehen davon aus, dass die H\u00e4lfte aller Krankenh\u00e4user in Bayern und Baden-W\u00fcrttemberg mitmacht\u201c, erkl\u00e4rt Sprecherin Amelie Szameit auf Nachfrage unserer Redaktion. Einige h\u00e4tten sich bereits angemeldet \u2013 darunter auch das <a href=\"https:\/\/www.augsburger-allgemeine.de\/augsburg\/trotz-dauerbaustelle-das-josefinum-ist-ein-gluecksfall-fuer-oberhausen-114316586\" target=\"_self\" class=\"underline \" rel=\"nofollow noopener\">Josefinum in Augsburg<\/a>. Die Kliniken in Memmingen, Kaufbeuren und Ingolstadt k\u00fcndigten ebenfalls bereits an, sich beteiligen zu wollen.\n  <\/p>\n<p>            Reform der gesetzlichen Krankenversicherung: Das plant die Bundesregierung<\/p>\n<p class=\"mb-6 text-xs-varying md:text-m lg:text-l font-serif group-[.font-sans]:font-sans \">\n    \u201eEs geht darum, auf die Auswirkungen f\u00fcr die Krankenh\u00e4user aufmerksam zu machen\u201c, betont Szameit. Aktuell gilt: Mehrausgaben, die durch Tarifsteigerungen f\u00fcr das Personal entstehen, \u00fcbernehmen die Krankenkassen. Mit dem neuen Gesetz w\u00fcrde sich das laut der Deutschen Presse-Agentur (dpa) \u00e4ndern. Hinzu kommen Einschnitte beim Pflegebudget. Das sieht der Gesetzesentwurf laut dem Bundestag vor:\n  <\/p>\n<ul rel=\"\" class=\"[&amp;&gt;li]:relative list-none  [&amp;&gt;li]:pl-[1.2em] [&amp;&gt;li]:marker:text-[0] [&amp;&gt;li]:relative [&amp;&gt;li]:before:absolute [&amp;&gt;li]:before:w-3 [&amp;&gt;li]:before:h-3 [&amp;&gt;li]:before:bg-brand [&amp;&gt;li]:before:left-0 [&amp;&gt;li]:before:top-[8px] [&amp;&gt;li]:before:rounded-full  my-5\">\n<li class=\" mb-3 text-xs md:text-m lg:text-l\">Begrenzung der Verg\u00fctungsanstiege<\/li>\n<li class=\" mb-3 text-xs md:text-m lg:text-l\">Streichung von Zusatzverg\u00fctungen<\/li>\n<li class=\" mb-3 text-xs md:text-m lg:text-l\">H\u00f6herer Apothekenabschlag<\/li>\n<li class=\" mb-3 text-xs md:text-m lg:text-l\">Abschl\u00e4ge bei der Familienversicherung<\/li>\n<li class=\" mb-3 text-xs md:text-m lg:text-l\">Einf\u00fchrung von Teilkrankschreibung und Teilkrankengeld<\/li>\n<li class=\" mb-3 text-xs md:text-m lg:text-l\">Deckelung der Verwaltungsausgaben von Krankenh\u00e4usern<\/li>\n<\/ul>\n","protected":false},"excerpt":{"rendered":"Zur Stabilisierung der Krankenkassen-Beitr\u00e4ge will die Bundesregierung umfassende Sparma\u00dfnahmen im Gesundheitsbereich auf den Weg bringen \u2013 zum \u00c4rger&hellip;\n","protected":false},"author":2,"featured_media":1085705,"comment_status":"","ping_status":"","sticky":false,"template":"","format":"standard","meta":{"footnotes":"","_share_on_mastodon":"0"},"categories":[1846],"tags":[680,1634,772,1173,1180,3364,29,548,663,3934,30,184475,13,14,15,3783,14963,12,8011,15156],"class_list":["post-1085704","post","type-post","status-publish","format-standard","has-post-thumbnail","category-augsburg","tag-augsburg","tag-baden-wuerttemberg","tag-bayern","tag-bundesregierung","tag-bundestag","tag-de","tag-deutschland","tag-eu","tag-europa","tag-europe","tag-germany","tag-gesundheitsbereich","tag-headlines","tag-nachrichten","tag-news","tag-nuernberg","tag-protestaktion","tag-schlagzeilen","tag-sparmassnahme","tag-vereinte-dienstleistungsgewerkschaft"],"share_on_mastodon":{"url":"https:\/\/pubeurope.com\/@de\/116729948601642507","error":""},"_links":{"self":[{"href":"https:\/\/www.europesays.com\/de\/wp-json\/wp\/v2\/posts\/1085704","targetHints":{"allow":["GET"]}}],"collection":[{"href":"https:\/\/www.europesays.com\/de\/wp-json\/wp\/v2\/posts"}],"about":[{"href":"https:\/\/www.europesays.com\/de\/wp-json\/wp\/v2\/types\/post"}],"author":[{"embeddable":true,"href":"https:\/\/www.europesays.com\/de\/wp-json\/wp\/v2\/users\/2"}],"replies":[{"embeddable":true,"href":"https:\/\/www.europesays.com\/de\/wp-json\/wp\/v2\/comments?post=1085704"}],"version-history":[{"count":0,"href":"https:\/\/www.europesays.com\/de\/wp-json\/wp\/v2\/posts\/1085704\/revisions"}],"wp:featuredmedia":[{"embeddable":true,"href":"https:\/\/www.europesays.com\/de\/wp-json\/wp\/v2\/media\/1085705"}],"wp:attachment":[{"href":"https:\/\/www.europesays.com\/de\/wp-json\/wp\/v2\/media?parent=1085704"}],"wp:term":[{"taxonomy":"category","embeddable":true,"href":"https:\/\/www.europesays.com\/de\/wp-json\/wp\/v2\/categories?post=1085704"},{"taxonomy":"post_tag","embeddable":true,"href":"https:\/\/www.europesays.com\/de\/wp-json\/wp\/v2\/tags?post=1085704"}],"curies":[{"name":"wp","href":"https:\/\/api.w.org\/{rel}","templated":true}]}}