{"id":1085729,"date":"2026-06-11T06:15:21","date_gmt":"2026-06-11T06:15:21","guid":{"rendered":"https:\/\/www.europesays.com\/de\/1085729\/"},"modified":"2026-06-11T06:15:21","modified_gmt":"2026-06-11T06:15:21","slug":"patrick-bruel-vergewaltigungsvorwuerfe-in-frankreich","status":"publish","type":"post","link":"https:\/\/www.europesays.com\/de\/1085729\/","title":{"rendered":"Patrick Bruel: Vergewaltigungsvorw\u00fcrfe in Frankreich"},"content":{"rendered":"<p class=\"text_ohne_einzug richtext text-em-55 !leading-serif mx-6 desktop:mx-0\">Der franz\u00f6sische S\u00e4nger und Schauspieler Patrick Bruel ist von der Justiz offiziell der Vergewaltigung beschuldigt worden. Au\u00dferdem w\u00fcrden dem 67-J\u00e4hrigen versuchte Vergewaltigung, sexuelle \u00dcbergriffe und sexuelle Bel\u00e4stigung vorgeworfen, erkl\u00e4rte am Mittwochabend der zust\u00e4ndige Richter in Nanterre bei Paris. Dem in <a href=\"https:\/\/rp-online.de\/thema\/frankreich\/\" rel=\"nofollow noopener\" target=\"_blank\">Frankreich<\/a> als Star geltenden K\u00fcnstler wird von fast zwei dutzend Frauen sexuelle Gewalt vorgeworfen.<\/p>\n<p class=\"richtext text-em-55 !leading-serif mx-6 desktop:mx-0\">Die Staatsanwaltschaft hatte im Vorfeld auch gefordert, dass Bruel in Untersuchungshaft genommen wird. Diesem Antrag kam der Richter nach Angaben einer Anw\u00e4ltin des S\u00e4ngers nicht nach. Bruel bleibe unter Aufsicht der Justiz auf freien Fu\u00df.<\/p>\n<p class=\"richtext text-em-55 !leading-serif mx-6 desktop:mx-0\">Der 67-J\u00e4hrige weist alle Vorw\u00fcrfe zur\u00fcck. Er \u201ehabe niemals eine Frau gezwungen\u201c, erkl\u00e4rte Bruel im vergangenen Monat auf Instagram. Zugleich sagte er alle bis September geplanten Konzerte ab.<\/p>\n","protected":false},"excerpt":{"rendered":"Der franz\u00f6sische S\u00e4nger und Schauspieler Patrick Bruel ist von der Justiz offiziell der Vergewaltigung beschuldigt worden. Au\u00dferdem w\u00fcrden&hellip;\n","protected":false},"author":2,"featured_media":1085730,"comment_status":"","ping_status":"","sticky":false,"template":"","format":"standard","meta":{"footnotes":"","_share_on_mastodon":"0"},"categories":[3974],"tags":[331,332,184557,56498,548,663,3934,3980,156,1000,13,14,15,26191,230578,1998,935,12,43860,15108,1921],"class_list":["post-1085729","post","type-post","status-publish","format-standard","has-post-thumbnail","category-frankreich","tag-aktuelle-nachrichten","tag-aktuelle-news","tag-beschuldigt","tag-dutzend","tag-eu","tag-europa","tag-europe","tag-france","tag-frankreich","tag-gewalt","tag-headlines","tag-nachrichten","tag-news","tag-offiziell","tag-patrick-bruel","tag-richter","tag-schauspieler","tag-schlagzeilen","tag-sexuelle","tag-star","tag-vergewaltigung"],"share_on_mastodon":{"url":"https:\/\/pubeurope.com\/@de\/116730012139542463","error":""},"_links":{"self":[{"href":"https:\/\/www.europesays.com\/de\/wp-json\/wp\/v2\/posts\/1085729","targetHints":{"allow":["GET"]}}],"collection":[{"href":"https:\/\/www.europesays.com\/de\/wp-json\/wp\/v2\/posts"}],"about":[{"href":"https:\/\/www.europesays.com\/de\/wp-json\/wp\/v2\/types\/post"}],"author":[{"embeddable":true,"href":"https:\/\/www.europesays.com\/de\/wp-json\/wp\/v2\/users\/2"}],"replies":[{"embeddable":true,"href":"https:\/\/www.europesays.com\/de\/wp-json\/wp\/v2\/comments?post=1085729"}],"version-history":[{"count":0,"href":"https:\/\/www.europesays.com\/de\/wp-json\/wp\/v2\/posts\/1085729\/revisions"}],"wp:featuredmedia":[{"embeddable":true,"href":"https:\/\/www.europesays.com\/de\/wp-json\/wp\/v2\/media\/1085730"}],"wp:attachment":[{"href":"https:\/\/www.europesays.com\/de\/wp-json\/wp\/v2\/media?parent=1085729"}],"wp:term":[{"taxonomy":"category","embeddable":true,"href":"https:\/\/www.europesays.com\/de\/wp-json\/wp\/v2\/categories?post=1085729"},{"taxonomy":"post_tag","embeddable":true,"href":"https:\/\/www.europesays.com\/de\/wp-json\/wp\/v2\/tags?post=1085729"}],"curies":[{"name":"wp","href":"https:\/\/api.w.org\/{rel}","templated":true}]}}