{"id":1085859,"date":"2026-06-11T07:28:17","date_gmt":"2026-06-11T07:28:17","guid":{"rendered":"https:\/\/www.europesays.com\/de\/1085859\/"},"modified":"2026-06-11T07:28:17","modified_gmt":"2026-06-11T07:28:17","slug":"dfb-pokal-ksc-startet-gegen-drittligist-preussen-muenster-in-die-neue-saison","status":"publish","type":"post","link":"https:\/\/www.europesays.com\/de\/1085859\/","title":{"rendered":"DFB-Pokal: KSC startet gegen Drittligist Preu\u00dfen M\u00fcnster in die neue Saison"},"content":{"rendered":"<p class=\"mb-6 text-xs-varying md:text-m lg:text-l font-serif group-[.font-sans]:font-sans \">\n    Kaum ist die alte Saison zu Ende, wirft die neue ihre Schatten voraus. Wenn Ende August 2026 die erste Runde im <a href=\"https:\/\/www.ka-news.de\/promis\/profi-fussball-gabriel-zarrella-gewinnt-dfb-pokal-der-junioren-mit-dem-vfb-stuttgart-27-5-26-114304656\" target=\"_self\" class=\"underline \" rel=\"nofollow noopener\">DFB-Pokal<\/a> ruft, muss sich der <a href=\"https:\/\/www.ka-news.de\/ksc\/wm-aus-louey-ben-farhat-entscheidet-sich-fuer-regeneration-nach-verletzungen-10-6-26-114384717\" target=\"_self\" class=\"underline \" rel=\"nofollow noopener\">KSC<\/a> auf eine recht lange Reise gefasst machen. Der SC Preu\u00dfen M\u00fcnster wird f\u00fcr die Badener der erste richtige Pr\u00fcfstein der neuen Runde sein. Dies ergab die hei\u00df erwartete Auslosung am Abend des 6. Juni in der <a href=\"https:\/\/www.ka-news.de\/deutschland-welt\/tatort-kolumne-neuer-tatort-aus-hamburg-alles-andere-als-goettlich-17-05-114251799\" target=\"_self\" class=\"underline \" rel=\"nofollow noopener\">ARD<\/a>.\n  <\/p>\n<p class=\"mb-6 text-xs-varying md:text-m lg:text-l font-serif group-[.font-sans]:font-sans \">\n    Die <a href=\"https:\/\/www.ka-news.de\/karlsruhe\/freizeit-und-veranstaltungen\/buntes-fahnenmeer-in-karlsruhe-15-000-feiern-csd-bei-bestem-wetter-114385675\" target=\"_self\" class=\"underline \" rel=\"nofollow noopener\">Karlsruher<\/a> bekamen von \u201eLosfee\u201c und Schiedsrichter-Ikone Deniz Aytekin<strong class=\"font-bold\">\u00a0<\/strong>den Absteiger aus der letztj\u00e4hrigen 2. Bundesliga zugelost, der als k\u00fcnftiger Drittligist und damit \u201eAmateurklub\u201c Heimrecht genie\u00dft. Die Mannschaft um Neu-Coach <a href=\"https:\/\/www.ka-news.de\/ksc\/ksc-trainerteam-stellt-sich-neu-auf-senft-bringt-vertraute-aus-ried-mit-06-06-6-114380827\" target=\"_self\" class=\"underline \" rel=\"nofollow noopener\">Maximilian Senft<\/a> trifft damit auf eine kleine sportliche Wundert\u00fcte, da sich die Preu\u00dfen nach dem bitteren Abstieg in einer Umbruchphase befinden.\n  <\/p>\n<p>            KSC-Coach Senft schon motiviert<\/p>\n<p class=\"mb-6 text-xs-varying md:text-m lg:text-l font-serif group-[.font-sans]:font-sans \">\n    \u201eWir blicken motiviert auf die kommende Pokal-Saison und wollen unseren Fans auch in diesem Wettbewerb viele sch\u00f6ne Momente bescheren. Gleichzeitig ist uns bewusst, dass die Leistungsdichte im deutschen Fu\u00dfball h\u00f6her ist als in anderen L\u00e4ndern und wir direkt ab der ersten Runde auf der Hut sein m\u00fcssen\u201c, fand der neue starke Mann an der Seitenlinie erste Worte zur Auslosung.\n  <\/p>\n<p>    <img decoding=\"async\" src=\"https:\/\/images.mgpd.de\/img\/114288510\/crop\/c16_9-w100\/28579945\/679262020\/csmkscdigitale-bewerbung1500x1000d312029cd0.png\" alt=\"Maximilian Senft wird Ende August sein KSC-Deb\u00fct im DFB-Pokal gegen Preu\u00dfen M\u00fcnster feiern.\" title=\"Maximilian Senft wird Ende August sein KSC-Deb\u00fct im DFB-Pokal gegen Preu\u00dfen M\u00fcnster feiern.\" loading=\"lazy\" class=\"h-full w-full object-cover\"\/><\/p>\n<p>      Icon vergr\u00f6\u00dfern<\/p>\n<p>    Maximilian Senft wird Ende August sein KSC-Deb\u00fct im DFB-Pokal gegen Preu\u00dfen M\u00fcnster feiern.<br \/>\n    Foto: KSC<\/p>\n<p>        Schlie\u00dfen <\/p>\n<p>      Icon Schlie\u00dfen<\/p>\n<p>        Icon vergr\u00f6\u00dfern<\/p>\n<p>        Icon verkleinern<\/p>\n<p>      Icon Pfeil bewegen<\/p>\n<p>    Maximilian Senft wird Ende August sein KSC-Deb\u00fct im DFB-Pokal gegen Preu\u00dfen M\u00fcnster feiern.<br \/>\n    Foto: KSC<\/p>\n<p class=\"mb-6 text-xs-varying md:text-m lg:text-l font-serif group-[.font-sans]:font-sans \">\n    Klar und allseits bekannt ist, dass der DFB-Pokal seine eigenen Gesetze schreibt und eine Klassenzugeh\u00f6rigkeit nur peripher eine entscheidende Rolle im Kampf um die n\u00e4chste Runde spielt. Gerade zu Beginn einer neuen Saison wissen die Teams nie genau, wo sie stehen, und ein erster Gradmesser unter gleich wichtigen Wettkampfbedingungen endet nicht selten in einer (b\u00f6sen) \u00dcberraschung f\u00fcr den Klassenh\u00f6heren.\n  <\/p>\n<p>            Trainingsauftakt Ende Juni<\/p>\n<p class=\"mb-6 text-xs-varying md:text-m lg:text-l font-serif group-[.font-sans]:font-sans \">\n    Die <strong class=\"font-bold\">erste Hauptrunde des DFB-Pokal ist gr\u00f6\u00dftenteils f\u00fcr den 21. bis 24. August angesetzt.<\/strong> Hierbei trifft jeweils ein Profiteam auf eine Mannschaft aus dem \u201eAmateurtopf\u201c. Daf\u00fcr gab es zwei Lost\u00f6pfe mit jeweils 32 Mannschaften. Bevor sich die F\u00e4cherst\u00e4dter mit den\u00a0Adlern\u00a0messen, wird beim <a href=\"https:\/\/www.ka-news.de\/ksc\" target=\"_self\" class=\"underline \" rel=\"nofollow noopener\">KSC<\/a> mit dem<a href=\"https:\/\/www.ka-news.de\/ksc\/ksc-sommerfahrplan-2026-alle-aktuellen-informationen-zu-trainingslager-und-saisonstart-11-6-26-114412163\" target=\"_self\" class=\"underline \" rel=\"nofollow noopener\"> Trainingsauftakt am 28. Juni (11 Uhr) die Vorbereitung auf die neue Saison<\/a> offiziell eingel\u00e4utet.\u00a0\n  <\/p>\n<p class=\"mb-6 text-xs-varying md:text-m lg:text-l font-serif group-[.font-sans]:font-sans \">\n    Der <strong class=\"font-bold\">Dress der Blau-Wei\u00dfen soll laut eigener Aussage auf der Homepage in Anlehnung an die beiden DFB-Pokalsiege 1955 und 1956 auch in der kommenden Saison in den speziellen Farben nostalgisch ausfallen<\/strong>. Das Trikot ist weiterhin in der FanWelt sowie im\u00a0Onlineshop\u00a0erh\u00e4ltlich.\u00a0\n  <\/p>\n","protected":false},"excerpt":{"rendered":"Kaum ist die alte Saison zu Ende, wirft die neue ihre Schatten voraus. Wenn Ende August 2026 die&hellip;\n","protected":false},"author":2,"featured_media":1085860,"comment_status":"","ping_status":"","sticky":false,"template":"","format":"standard","meta":{"footnotes":"","_share_on_mastodon":"0"},"categories":[1843],"tags":[34566,3364,29,481,30,3850,56037,221799,8970,1209,73727,67863,4562,30058],"class_list":["post-1085859","post","type-post","status-publish","format-standard","has-post-thumbnail","category-muenster","tag-absteiger","tag-de","tag-deutschland","tag-dfb","tag-germany","tag-karlsruher-sc","tag-kraeftemesse","tag-maximilian-senft","tag-muenster","tag-nordrhein-westfalen","tag-pokalauslosung","tag-pokalduell","tag-reise","tag-sc-preussen-06-e-v-muenster"],"share_on_mastodon":{"url":"https:\/\/pubeurope.com\/@de\/116730300196442103","error":""},"_links":{"self":[{"href":"https:\/\/www.europesays.com\/de\/wp-json\/wp\/v2\/posts\/1085859","targetHints":{"allow":["GET"]}}],"collection":[{"href":"https:\/\/www.europesays.com\/de\/wp-json\/wp\/v2\/posts"}],"about":[{"href":"https:\/\/www.europesays.com\/de\/wp-json\/wp\/v2\/types\/post"}],"author":[{"embeddable":true,"href":"https:\/\/www.europesays.com\/de\/wp-json\/wp\/v2\/users\/2"}],"replies":[{"embeddable":true,"href":"https:\/\/www.europesays.com\/de\/wp-json\/wp\/v2\/comments?post=1085859"}],"version-history":[{"count":0,"href":"https:\/\/www.europesays.com\/de\/wp-json\/wp\/v2\/posts\/1085859\/revisions"}],"wp:featuredmedia":[{"embeddable":true,"href":"https:\/\/www.europesays.com\/de\/wp-json\/wp\/v2\/media\/1085860"}],"wp:attachment":[{"href":"https:\/\/www.europesays.com\/de\/wp-json\/wp\/v2\/media?parent=1085859"}],"wp:term":[{"taxonomy":"category","embeddable":true,"href":"https:\/\/www.europesays.com\/de\/wp-json\/wp\/v2\/categories?post=1085859"},{"taxonomy":"post_tag","embeddable":true,"href":"https:\/\/www.europesays.com\/de\/wp-json\/wp\/v2\/tags?post=1085859"}],"curies":[{"name":"wp","href":"https:\/\/api.w.org\/{rel}","templated":true}]}}