{"id":1085885,"date":"2026-06-11T07:41:19","date_gmt":"2026-06-11T07:41:19","guid":{"rendered":"https:\/\/www.europesays.com\/de\/1085885\/"},"modified":"2026-06-11T07:41:19","modified_gmt":"2026-06-11T07:41:19","slug":"of-mice-men-sagen-saemtliche-sommer-shows-in-europa-ab","status":"publish","type":"post","link":"https:\/\/www.europesays.com\/de\/1085885\/","title":{"rendered":"Of Mice &#038; Men sagen s\u00e4mtliche Sommer-Shows in Europa ab"},"content":{"rendered":"<p><img loading=\"lazy\" decoding=\"async\" src=\"https:\/\/www.europesays.com\/de\/wp-content\/uploads\/2026\/06\/f397b3ba75c54f4b9c68b13ac308bdaa.gif\" alt=\"\" width=\"1\" height=\"1\"\/>Eigentlich hatten <a href=\"https:\/\/www.metal-hammer.de\/artists\/of-mice-men\/\" rel=\"nofollow noopener\" target=\"_blank\">Of Mice &amp; Men<\/a> in den kommenden Wochen mehrere Konzerte in Europa geplant, doch j\u00fcngst haben die Kalifornier alles abgesagt. Nebst ausgew\u00e4hlten Headlinershows stand unter anderem auch ein Auftritt beim diesj\u00e4hrigen <a href=\"https:\/\/www.metal-hammer.de\/wacken-open-air-2026-alle-informationen-headliner-tickets-preise-lineup-bands-wettervorhersage-livestream-internet-tv-spielplan-timetable-anreise-748699\/\" rel=\"nofollow noopener\" target=\"_blank\">Wacken Open Air<\/a> auf dem Plan. Nun m\u00fcssen die Veranstalter kurzfristig umplanen.<\/p>\n<p>In den Sozialen Medien fasst sich die Band kurz, richtet sich aber direkt an die europ\u00e4ischen Fans und Festival-Verantwortlichen. \u201eAufgrund von Umst\u00e4nden, auf die wir keinen Einfluss haben, k\u00f6nnen wir diesen Sommer leider nicht wie geplant nach Europa kommen. Wir bitten alle Fans, Festivals und Veranstalter, f\u00fcr die wir gerne gespielt h\u00e4tten, um Entschuldigung.\u201c<\/p>\n<p>Was mag da los sein?<\/p>\n<p>Da bislang keine weiterf\u00fchrende Erkl\u00e4rung zu besagten Umst\u00e4nden erfolgt ist, gibt es nat\u00fcrlich zahlreiche Sepkulationen. Manche Fans sorgen sich, ob dies gesundheitliche Hintergr\u00fcnde haben k\u00f6nnte. Das ist allerdings recht unwahrscheinlich, denn die geplanten Auftritte in Washington DC (am 14. Juni), Montreal (am 22. August) und Mexico City (am 12. September) sollen stattfinden.<\/p>\n<p>Wahrscheinlicher ist es, dass der Kostenfaktor ein Problem ist. Auch das bemerken einige User in den Kommentaren, wo regelrechte Diskussionen ausbrechen. Einige Fans sind entsprechend entt\u00e4uscht oder sauer, da bei ihnen beispielsweise Hotelbuchungen oder Zug-Tickets nicht erstattet werden. Einerseits ist Privates privat, andererseits sind Fragen nach den Gr\u00fcnden f\u00fcr die pl\u00f6tzliche Absage auch allzu verst\u00e4ndlich.<\/p>\n<p>An dieser Stelle findest du Inhalte aus Instagram<\/p>\n<p>Um mit Inhalten aus Sozialen Netzwerken zu interagieren oder diese darzustellen, brauchen wir deine Zustimmung.<\/p>\n<p>\tSoziale Netzwerke aktivieren<\/p>\n<p>Of Mice &amp; Men waren erst vergangenen November und Dezember in europ\u00e4ischen Gefilden unterwegs, um ihr aktuelles Album <a href=\"https:\/\/www.metal-hammer.de\/reviews\/of-mice-men-another-miracle\/\" rel=\"nofollow noopener\" target=\"_blank\">ANOTHER MIRACLE<\/a> zu bewerben. Bei den anstehenden Shows w\u00e4ren jedoch auch andere Ecken des Kontinents dabei gewesen. Somit m\u00fcssen unter anderem Rum\u00e4nien, Spanien und Bulgarien vorerst auf Aaron Pauley und Co. verzichten.<\/p>\n<p>Empfehlungen der Redaktion<\/p>\n<p>Hierzulande wurden au\u00dfer den Auftritten beim W.O.A. und dem Reload Festival auch die Konzerte (bei denen Vended und Unearth als Support fungieren sollten) in Stuttgart und Frankfurt am Main abgesagt, au\u00dferdem noch die Gigs in Z\u00fcrich und Salzburg. Die beiden Bands haben sich noch nicht zu den abgesagten Terminen ge\u00e4u\u00dfert.<\/p>\n<p>\u2014<br \/>Bestens informiert \u00fcber dieses und alle weiteren wichtigen Themen im Metal bleibt ihr au\u00dferdem mit unserem Newsletter. Einmal pro Woche flattert euch \u00fcbersichtlich sortiert ein Update ins Postfach. <a href=\"https:\/\/www.metal-hammer.de\/news\/newsletter\/\" target=\"_blank\" rel=\"noopener noreferrer nofollow\"><strong>Einfach anmelden<\/strong><\/a>, damit euch auch sicher nichts entgeht.<\/p>\n","protected":false},"excerpt":{"rendered":"Eigentlich hatten Of Mice &amp; Men in den kommenden Wochen mehrere Konzerte in Europa geplant, doch j\u00fcngst haben&hellip;\n","protected":false},"author":2,"featured_media":1085886,"comment_status":"","ping_status":"","sticky":false,"template":"","format":"standard","meta":{"footnotes":"","_share_on_mastodon":"0"},"categories":[3933],"tags":[8815,331,332,52353,548,663,158,3934,3935,13,2315,14,15,230594,230595,12,230596,230597,78403],"class_list":["post-1085885","post","type-post","status-publish","format-standard","has-post-thumbnail","category-eu","tag-absage","tag-aktuelle-nachrichten","tag-aktuelle-news","tag-auftritte","tag-eu","tag-europa","tag-europaeische-union","tag-europe","tag-european-union","tag-headlines","tag-konzerte","tag-nachrichten","tag-news","tag-of-mice-and-men","tag-reload-festival","tag-schlagzeilen","tag-unearth","tag-vended","tag-wacken"],"share_on_mastodon":{"url":"https:\/\/pubeurope.com\/@de\/116730351266615781","error":""},"_links":{"self":[{"href":"https:\/\/www.europesays.com\/de\/wp-json\/wp\/v2\/posts\/1085885","targetHints":{"allow":["GET"]}}],"collection":[{"href":"https:\/\/www.europesays.com\/de\/wp-json\/wp\/v2\/posts"}],"about":[{"href":"https:\/\/www.europesays.com\/de\/wp-json\/wp\/v2\/types\/post"}],"author":[{"embeddable":true,"href":"https:\/\/www.europesays.com\/de\/wp-json\/wp\/v2\/users\/2"}],"replies":[{"embeddable":true,"href":"https:\/\/www.europesays.com\/de\/wp-json\/wp\/v2\/comments?post=1085885"}],"version-history":[{"count":0,"href":"https:\/\/www.europesays.com\/de\/wp-json\/wp\/v2\/posts\/1085885\/revisions"}],"wp:featuredmedia":[{"embeddable":true,"href":"https:\/\/www.europesays.com\/de\/wp-json\/wp\/v2\/media\/1085886"}],"wp:attachment":[{"href":"https:\/\/www.europesays.com\/de\/wp-json\/wp\/v2\/media?parent=1085885"}],"wp:term":[{"taxonomy":"category","embeddable":true,"href":"https:\/\/www.europesays.com\/de\/wp-json\/wp\/v2\/categories?post=1085885"},{"taxonomy":"post_tag","embeddable":true,"href":"https:\/\/www.europesays.com\/de\/wp-json\/wp\/v2\/tags?post=1085885"}],"curies":[{"name":"wp","href":"https:\/\/api.w.org\/{rel}","templated":true}]}}