{"id":1085905,"date":"2026-06-11T07:52:18","date_gmt":"2026-06-11T07:52:18","guid":{"rendered":"https:\/\/www.europesays.com\/de\/1085905\/"},"modified":"2026-06-11T07:52:18","modified_gmt":"2026-06-11T07:52:18","slug":"oberleitungsstoerung-s51-entfaellt-zwischen-hameln-und-springe","status":"publish","type":"post","link":"https:\/\/www.europesays.com\/de\/1085905\/","title":{"rendered":"Oberleitungsst\u00f6rung: S51 entf\u00e4llt zwischen Hameln und Springe"},"content":{"rendered":"<p>\n                Stand: 11.06.2026 09:05 Uhr<\/p>\n<p>                    <a href=\"https:\/\/www.europesays.com\/de\/wp-content\/uploads\/2026\/04\/sbahn742.webp.webp\" class=\"zoomimage\" title=\"Bild vergr\u00f6\u00dfern\"><\/p>\n<p>        <img decoding=\"async\" src=\"https:\/\/www.europesays.com\/de\/wp-content\/uploads\/2026\/04\/sbahn742.webp.webp\" alt=\"Eine S-Bahn steht in einem Bahnhof in Hannover.\" title=\"Die Oberleitungsst\u00f6rung betrifft die S5 und S51. (Themenbild) | NDR, Isabel Schneider\" class=\"responsive\" loading=\"lazy\"\/><\/p>\n<p>                    <\/a><\/p>\n<p>                    Die Oberleitungsst\u00f6rung betrifft die S5 und S51. (Themenbild)<\/p>\n<p class=\"\">Bei der S-Bahn Hannover kommt es wegen einer Oberleitungsst\u00f6rung zwischen Hameln und Springe (Region Hannover) zu Problemen. Die Linie S51 f\u00e4llt auf dem betroffenen Abschnitt komplett aus, wie der Betreiber Transdev mitteilte. Zwischen Hameln und Springe fahren den Angaben nach ersatzweise vier Busse. Au\u00dferdem gibt es laut Transdev auf der Linie S5 Versp\u00e4tungen und Teilausf\u00e4lle. Wann die St\u00f6rung behoben sein wird, k\u00f6nne man noch nicht sagen, so der Betreiber weiter. Fahrg\u00e4ste sollen sich vor Fahrtantritt <a href=\"https:\/\/www.ndr.de\/nachrichten\/niedersachsen\/hannover_weser-leinegebiet\/textlink-320380~splash.html\" title=\"Informationen von Transdev zur Oberleitungsst\u00f6rung\" data-url=\"https:\/\/www.sbahn-hannover.de\/de\/neuigkeiten\/oberleitungsstoerung-zwischen-hameln-und-springe\" class=\"extlink-preface\" data-type=\"external\" rel=\"nofollow noopener\" target=\"_blank\">online informieren<\/a>, ob und wie die Z\u00fcge genau fahren.<\/p>\n<p>Dieses Thema im Programm:<\/p>\n<p>                NDR 1 Niedersachsen | Regional Hannover | 11.06.2026 | 08:30 Uhr<\/p>\n","protected":false},"excerpt":{"rendered":"Stand: 11.06.2026 09:05 Uhr Die Oberleitungsst\u00f6rung betrifft die S5 und S51. (Themenbild) Bei der S-Bahn Hannover kommt es&hellip;\n","protected":false},"author":2,"featured_media":1028454,"comment_status":"","ping_status":"","sticky":false,"template":"","format":"standard","meta":{"footnotes":"","_share_on_mastodon":"0"},"categories":[1836],"tags":[590,3364,29,30,18489,205983,46,14,15,1411,2896,1949,104807],"class_list":["post-1085905","post","type-post","status-publish","format-standard","has-post-thumbnail","category-hannover","tag-aktuell","tag-de","tag-deutschland","tag-germany","tag-hameln","tag-hannnover","tag-hannover","tag-nachrichten","tag-news","tag-niedersachsen","tag-oberleitungsstoerung","tag-s-bahn","tag-springe"],"share_on_mastodon":{"url":"https:\/\/pubeurope.com\/@de\/116730393387905366","error":""},"_links":{"self":[{"href":"https:\/\/www.europesays.com\/de\/wp-json\/wp\/v2\/posts\/1085905","targetHints":{"allow":["GET"]}}],"collection":[{"href":"https:\/\/www.europesays.com\/de\/wp-json\/wp\/v2\/posts"}],"about":[{"href":"https:\/\/www.europesays.com\/de\/wp-json\/wp\/v2\/types\/post"}],"author":[{"embeddable":true,"href":"https:\/\/www.europesays.com\/de\/wp-json\/wp\/v2\/users\/2"}],"replies":[{"embeddable":true,"href":"https:\/\/www.europesays.com\/de\/wp-json\/wp\/v2\/comments?post=1085905"}],"version-history":[{"count":0,"href":"https:\/\/www.europesays.com\/de\/wp-json\/wp\/v2\/posts\/1085905\/revisions"}],"wp:featuredmedia":[{"embeddable":true,"href":"https:\/\/www.europesays.com\/de\/wp-json\/wp\/v2\/media\/1028454"}],"wp:attachment":[{"href":"https:\/\/www.europesays.com\/de\/wp-json\/wp\/v2\/media?parent=1085905"}],"wp:term":[{"taxonomy":"category","embeddable":true,"href":"https:\/\/www.europesays.com\/de\/wp-json\/wp\/v2\/categories?post=1085905"},{"taxonomy":"post_tag","embeddable":true,"href":"https:\/\/www.europesays.com\/de\/wp-json\/wp\/v2\/tags?post=1085905"}],"curies":[{"name":"wp","href":"https:\/\/api.w.org\/{rel}","templated":true}]}}