{"id":1085999,"date":"2026-06-11T08:45:16","date_gmt":"2026-06-11T08:45:16","guid":{"rendered":"https:\/\/www.europesays.com\/de\/1085999\/"},"modified":"2026-06-11T08:45:16","modified_gmt":"2026-06-11T08:45:16","slug":"globale-musik-zum-mittanzen-rahmentrommel-und-langhalslaute-am-20-juni-auf-parkinsel-ludwigshafen","status":"publish","type":"post","link":"https:\/\/www.europesays.com\/de\/1085999\/","title":{"rendered":"Globale Musik zum Mittanzen: Rahmentrommel und Langhalslaute am 20. Juni auf Parkinsel &#8211; Ludwigshafen"},"content":{"rendered":"<p class=\"rhp-dpa-teaser\"><b>Fr\u00f6hliche Weltmusik: Das wollen Yaschar Coskun und Azad \u00c7i\u00e7ek beim  Inselsommer spielen.  Der Name Coskun ist jedoch aus anderen Gr\u00fcnden bereits in der Szene bekannt.<\/b><\/p>\n<p>Die beiden Musiker Yaschar Coskun und Azad \u00c7i\u00e7ek haben sich in <a class=\"rtr-entity\" data-rtr-entity=\"Mannheim\" data-rtr-id=\"8e39f98d121d00ffdaf4f78a2ae2e7dea2653ba7\" data-rtr-score=\"14.691203992514037\" data-rtr-etype=\"location\" data-rtr-index=\"18\" href=\"http:\/\/rheinpfalz.de\/lokal\/mannheim.html\" rel=\"nofollow noopener\" target=\"_blank\">Mannheim<\/a> an der Popakademie im Studiengang \u201eGlobal Music\u201c kennengelernt. Seit 2023 spielen sie zusammen: Coskun an der Rahmentrommel, \u00c7i\u00e7ek an der Baglama, einer orientalischen Laute. Sie verbinden in ihren Konzerten die musikalischen Wurzeln aus Anatolien mit zeitgen\u00f6ssischer Klangsprache. Traditionelle Lieder aus der <a class=\"rtr-entity\" data-rtr-entity=\"T\u00fcrkei\" data-rtr-id=\"459e6ab333c1d94d4d39d9cf11a4e7ceb17dc0e2\" data-rtr-score=\"6.594666250779787\" data-rtr-etype=\"location\" data-rtr-index=\"25\" href=\"https:\/\/www.rheinpfalz.de\/themen\/tuerkei\" rel=\"nofollow noopener\" target=\"_blank\">T\u00fcrkei<\/a><\/p>\n<p>, dem Balkan und Georgien treffen auf Eigenkompositionen und kreative<\/p>\n<p class=\"rhp-teaser\"><b>Fr\u00f6hliche Weltmusik: Das wollen Yaschar Coskun und Azad \u00c7i\u00e7ek beim  Inselsommer spielen.  Der Name Coskun ist jedoch aus anderen Gr\u00fcnden bereits in der Szene bekannt.<\/b><\/p>\n","protected":false},"excerpt":{"rendered":"Fr\u00f6hliche Weltmusik: Das wollen Yaschar Coskun und Azad \u00c7i\u00e7ek beim Inselsommer spielen. Der Name Coskun ist jedoch aus&hellip;\n","protected":false},"author":2,"featured_media":1086000,"comment_status":"","ping_status":"","sticky":false,"template":"","format":"standard","meta":{"footnotes":"","_share_on_mastodon":"0"},"categories":[1845],"tags":[230614,1634,15513,3364,29,548,663,3934,295,13538,30,13,4060,2096,230615,14,15,230612,12,1319,143,230613],"class_list":["post-1085999","post","type-post","status-publish","format-standard","has-post-thumbnail","category-mannheim","tag-anatolien","tag-baden-wuerttemberg","tag-balkan","tag-de","tag-deutschland","tag-eu","tag-europa","tag-europe","tag-freiburg","tag-georgien","tag-germany","tag-headlines","tag-lokal","tag-mannheim","tag-murat-coskun","tag-nachrichten","tag-news","tag-rahmentrommel","tag-schlagzeilen","tag-schweden","tag-tuerkei","tag-yaschar-coskun"],"share_on_mastodon":{"url":"https:\/\/pubeurope.com\/@de\/116730601753618075","error":""},"_links":{"self":[{"href":"https:\/\/www.europesays.com\/de\/wp-json\/wp\/v2\/posts\/1085999","targetHints":{"allow":["GET"]}}],"collection":[{"href":"https:\/\/www.europesays.com\/de\/wp-json\/wp\/v2\/posts"}],"about":[{"href":"https:\/\/www.europesays.com\/de\/wp-json\/wp\/v2\/types\/post"}],"author":[{"embeddable":true,"href":"https:\/\/www.europesays.com\/de\/wp-json\/wp\/v2\/users\/2"}],"replies":[{"embeddable":true,"href":"https:\/\/www.europesays.com\/de\/wp-json\/wp\/v2\/comments?post=1085999"}],"version-history":[{"count":0,"href":"https:\/\/www.europesays.com\/de\/wp-json\/wp\/v2\/posts\/1085999\/revisions"}],"wp:featuredmedia":[{"embeddable":true,"href":"https:\/\/www.europesays.com\/de\/wp-json\/wp\/v2\/media\/1086000"}],"wp:attachment":[{"href":"https:\/\/www.europesays.com\/de\/wp-json\/wp\/v2\/media?parent=1085999"}],"wp:term":[{"taxonomy":"category","embeddable":true,"href":"https:\/\/www.europesays.com\/de\/wp-json\/wp\/v2\/categories?post=1085999"},{"taxonomy":"post_tag","embeddable":true,"href":"https:\/\/www.europesays.com\/de\/wp-json\/wp\/v2\/tags?post=1085999"}],"curies":[{"name":"wp","href":"https:\/\/api.w.org\/{rel}","templated":true}]}}