{"id":1086003,"date":"2026-06-11T08:47:15","date_gmt":"2026-06-11T08:47:15","guid":{"rendered":"https:\/\/www.europesays.com\/de\/1086003\/"},"modified":"2026-06-11T08:47:15","modified_gmt":"2026-06-11T08:47:15","slug":"studienangebote-live-erleben-paedagogische-hochschule-karlsruhe-story","status":"publish","type":"post","link":"https:\/\/www.europesays.com\/de\/1086003\/","title":{"rendered":"Studienangebote live erleben, P\u00e4dagogische Hochschule Karlsruhe, Story"},"content":{"rendered":"<p>Wie f\u00fchlt sich Studieren an und welcher Studiengang passt zu mir? Antworten auf diese Fragen gibt der gemeinsame Campustag der Hochschule Karlsruhe (HKA) und der P\u00e4dagogischen Hochschule Karlsruhe (PHKA) am Samstag, 13. Juni, von 10 bis 14 Uhr. Sch\u00fcler:innen und andere Studieninteressierte k\u00f6nnen an diesem Tag das Studienspektrum beider Hochschulen auf dem gemeinsamen Campus links und rechts der Moltkestra\u00dfe kennenlernen, in Vortr\u00e4ge reinschnuppern, bei Mitmachstationen aktiv werden und direkt mit Lehrenden und Studierenden ins Gespr\u00e4ch kommen.<\/p>\n<p><b>Campustag der P\u00e4dagogischen Hochschule Karlsruhe<\/b><\/p>\n<p>Lust auf Lehramt oder andere bildungsbezogene Studieng\u00e4nge? Die P\u00e4dagogische Hochschule Karlsruhe (PHKA) bietet sowohl Lehramtsstudieng\u00e4nge f\u00fcr Grundschule und Sekundarstufe I an als auch viele nichtlehramtsbezogene Bachelor- und Masterstudieng\u00e4nge. Beispielsweise Sport-Gesundheit-Freizeitbildung (BA) oder die Masterstudieng\u00e4nge Biodiversit\u00e4t und \u00d6kologische Bildung, Migration, Bildung und Demokratie sowie Erwachsenenbildung (berufsbegleitend). Au\u00dferdem einen Dualen Masterstudiengang f\u00fcr die Sekundarstufe I und einen Masterstudiengang f\u00fcr das H\u00f6here Lehramt an beruflichen Schulen.<\/p>\n<p>Ganz neu ist der Masterstudiengang Digitale Bildung: Psychologie, Kognition, Gestaltung. Er geht zum Wintersemester 2026\/27 an den Start und ist interessant f\u00fcr alle, die sp\u00e4ter an und mit digitalen Lernmedien arbeiten wollen.<\/p>\n<p>Beim Campustag am 13. Juni haben Studieninteressierte Gelegenheit, sich \u00fcber das gesamte Studienspektrum der bildungswissenschaftlichen Hochschule zu informieren, direkt mit Lehrenden und Studierenden ins Gespr\u00e4ch zu kommen und sich pers\u00f6nlich beraten zu lassen. Es gibt Vortr\u00e4ge, Infost\u00e4nde und jede Menge Mitmachangebote. Nahezu alle PHKA-Lehramtsstudienf\u00e4cher sind dabei: Von Deutsch \u00fcber Islamische Theologie bis hin zu Musik oder Sachunterricht.<\/p>\n<p>Infos zum Programm des Campustags der PHKA gibt es auf <a href=\"https:\/\/www.ph-ka.de\/campustag\" class=\"bbcode_url\" target=\"_blank\" rel=\"nofollow noopener\">https:\/\/www.ph-ka.de\/campustag<\/a>.<\/p>\n<p><b>Campustag an der Hochschule Karlsruhe (HKA)<\/b><\/p>\n<p>An der Hochschule Karlsruhe erwartet die Besucher:innen ein buntes Programm aus Technik, Wirtschaft, Medien und Informatik. In kurzen Vortr\u00e4gen stellt die HKA ihre Studieng\u00e4nge vor, darunter auch die neuen Angebote Quantencomputing und Automotive\/Aerospace Engineering. Au\u00dferdem gibt es Infos zu internationalen Studienvarianten, kooperativen Studienmodellen sowie zu Bewerbung, Finanzierung und Unterst\u00fctzungsprogrammen f\u00fcr Studierende.<\/p>\n<p>Vom Rennwagen bis zur autonom fahrenden Bierkiste<\/p>\n<p>Wer lieber selbst aktiv wird, kann an zahlreichen Mitmachstationen ausprobieren, wie Studium in echt aussieht. Eine autonom fahrende Bierkiste, ein selbst gebauter Roboter, der an R2D2 erinnert, ein Tetris-Videospiel, balancierende Roboter und W\u00fcrfel oder interaktive VR-Lernspiele (VR = Virtual Reality) warten auf die Besucher:innen. Studierende zeigen au\u00dferdem ihre selbst entwickelten und gebauten Rennwagen wie den F-120, fliegende Segelboote und ultra-energieeffiziente Fahrzeuge mit Wasserstoffantrieb.<\/p>\n<p>Labore und Werkst\u00e4tten ge\u00f6ffnet<\/p>\n<p>Gef\u00fchrte Rundg\u00e4nge geben Einblicke in Labore und Werkst\u00e4tten, etwa in die Architekturwerkstatt, das Hochspannungslabor, die K\u00e4lte-Klimakammer oder auf einen Rollenpr\u00fcfstand. Zus\u00e4tzlich sorgt ein abwechslungsreiches Programm auf der Au\u00dfenb\u00fchne f\u00fcr Abwechslung. In kurzen Slots berichten Studierende von besonderen Exkursionen, aus ihrem Studienalltag oder von Auslandsaufenthalten und stellen spannende Projektarbeiten vor.<\/p>\n<p>Chillen in der Kulturgrube<\/p>\n<p>Um 14 Uhr ist an der HKA noch nicht Schluss, sondern es geht in der Kulturgrube weiter. Der AStA l\u00e4dt zum Chillen, Austauschen und Feiern auf der zentralen Wiese des Campus ein, wo ein DJ auflegt und Bar- bzw. Bierwagen kalte Getr\u00e4nke anbieten.<\/p>\n<p>Weitere Informationen zum Campustag der Hochschule Karlsruhe gibt es unter <a href=\"https:\/\/www.h-ka.de\/campustag\" class=\"bbcode_url\" target=\"_blank\" rel=\"nofollow noopener\">https:\/\/www.h-ka.de\/campustag<\/a>.<\/p>\n<p>\u00a0<\/p>\n","protected":false},"excerpt":{"rendered":"Wie f\u00fchlt sich Studieren an und welcher Studiengang passt zu mir? Antworten auf diese Fragen gibt der gemeinsame&hellip;\n","protected":false},"author":2,"featured_media":1086004,"comment_status":"","ping_status":"","sticky":false,"template":"","format":"standard","meta":{"footnotes":"","_share_on_mastodon":"0"},"categories":[1844],"tags":[11620,1634,230616,3364,29,30,230617,8903,25318,168516,145977,190217,190219,230618],"class_list":["post-1086003","post","type-post","status-publish","format-standard","has-post-thumbnail","category-karlsruhe","tag-studieren","tag-baden-wuerttemberg","tag-campustag","tag-de","tag-deutschland","tag-germany","tag-hka","tag-karlsruhe","tag-lehramt","tag-phka","tag-studiengaenge","tag-studienorientierung","tag-studienwahl","tag-studienwahlberatung"],"share_on_mastodon":{"url":"https:\/\/pubeurope.com\/@de\/116730609230643824","error":""},"_links":{"self":[{"href":"https:\/\/www.europesays.com\/de\/wp-json\/wp\/v2\/posts\/1086003","targetHints":{"allow":["GET"]}}],"collection":[{"href":"https:\/\/www.europesays.com\/de\/wp-json\/wp\/v2\/posts"}],"about":[{"href":"https:\/\/www.europesays.com\/de\/wp-json\/wp\/v2\/types\/post"}],"author":[{"embeddable":true,"href":"https:\/\/www.europesays.com\/de\/wp-json\/wp\/v2\/users\/2"}],"replies":[{"embeddable":true,"href":"https:\/\/www.europesays.com\/de\/wp-json\/wp\/v2\/comments?post=1086003"}],"version-history":[{"count":0,"href":"https:\/\/www.europesays.com\/de\/wp-json\/wp\/v2\/posts\/1086003\/revisions"}],"wp:featuredmedia":[{"embeddable":true,"href":"https:\/\/www.europesays.com\/de\/wp-json\/wp\/v2\/media\/1086004"}],"wp:attachment":[{"href":"https:\/\/www.europesays.com\/de\/wp-json\/wp\/v2\/media?parent=1086003"}],"wp:term":[{"taxonomy":"category","embeddable":true,"href":"https:\/\/www.europesays.com\/de\/wp-json\/wp\/v2\/categories?post=1086003"},{"taxonomy":"post_tag","embeddable":true,"href":"https:\/\/www.europesays.com\/de\/wp-json\/wp\/v2\/tags?post=1086003"}],"curies":[{"name":"wp","href":"https:\/\/api.w.org\/{rel}","templated":true}]}}