{"id":1086048,"date":"2026-06-11T09:15:17","date_gmt":"2026-06-11T09:15:17","guid":{"rendered":"https:\/\/www.europesays.com\/de\/1086048\/"},"modified":"2026-06-11T09:15:17","modified_gmt":"2026-06-11T09:15:17","slug":"unfall-in-hannover-fahrer-verliert-kontrolle-ueber-sein-auto","status":"publish","type":"post","link":"https:\/\/www.europesays.com\/de\/1086048\/","title":{"rendered":"Unfall in Hannover: Fahrer verliert Kontrolle \u00fcber sein Auto"},"content":{"rendered":"<p>\n                Stand: 11.06.2026 11:02 Uhr<\/p>\n<p>                    <a href=\"https:\/\/www.europesays.com\/de\/wp-content\/uploads\/2026\/06\/hannover-1052.webp\" class=\"zoomimage\" title=\"Bild vergr\u00f6\u00dfern\"><\/p>\n<p>        <img decoding=\"async\" src=\"https:\/\/www.europesays.com\/de\/wp-content\/uploads\/2026\/06\/hannover-1052.webp\" alt=\"Ein Auto liegt nach einem Unfall in Hannover-Bemerorde auf dem Dach.\" title=\"Mehrere Fahrzeuge wurden bei dem Unfall besch\u00e4digt. | Nord-West-Media\" class=\"responsive\" loading=\"lazy\"\/><\/p>\n<p>                    <\/a><\/p>\n<p>                    Mehrere Fahrzeuge wurden bei dem Unfall besch\u00e4digt.<\/p>\n<p class=\"\">Bei einem Unfall sind am Mittwochabend in Hannover-Bemerode mehrere Fahrzeuge besch\u00e4digt worden. Wie die Polizei mitteilte, verlor ein Mann die Kontrolle \u00fcber sein Auto, touchierte mit dem Wagen einen Gr\u00fcnstreifen und fuhr anschlie\u00dfend \u00fcber mehrere Fahrradb\u00fcgel. Dann sei das Auto gegen das Heck eines andere Fahrzeuges geprallt. Dieses wurde den Angaben nach durch den Aufprall auf den Gehweg geschoben und erheblich besch\u00e4digt. Das Unfallfahrzeug \u00fcberschlug sich, kolldierte mit einem weiteren Auto und blieb laut Polizei auf dem Dach liegen. Der Fahrer musste von der der Feuerwehr befreit werden. Er wurde den Beamten zufolge leicht verletzt und kam ins Krankenhaus. Zudem sei eine weitere Person vor Ort medizinisch versorgt worden. Die Polizei ermittelt zur Unfallursache.<\/p>\n<p>Dieses Thema im Programm:<\/p>\n<p>                NDR 1 Niedersachsen | Regional Hannover | 11.06.2026 | 09:30 Uhr<\/p>\n","protected":false},"excerpt":{"rendered":"Stand: 11.06.2026 11:02 Uhr Mehrere Fahrzeuge wurden bei dem Unfall besch\u00e4digt. Bei einem Unfall sind am Mittwochabend in&hellip;\n","protected":false},"author":2,"featured_media":1086049,"comment_status":"","ping_status":"","sticky":false,"template":"","format":"standard","meta":{"footnotes":"","_share_on_mastodon":"0"},"categories":[1836],"tags":[590,4904,3364,29,30,46,13358,14,15,1411,99867,1284],"class_list":["post-1086048","post","type-post","status-publish","format-standard","has-post-thumbnail","category-hannover","tag-aktuell","tag-autounfall","tag-de","tag-deutschland","tag-germany","tag-hannover","tag-leicht-verletzt","tag-nachrichten","tag-news","tag-niedersachsen","tag-truemmerteile","tag-unfall"],"share_on_mastodon":{"url":"https:\/\/pubeurope.com\/@de\/116730721109283786","error":""},"_links":{"self":[{"href":"https:\/\/www.europesays.com\/de\/wp-json\/wp\/v2\/posts\/1086048","targetHints":{"allow":["GET"]}}],"collection":[{"href":"https:\/\/www.europesays.com\/de\/wp-json\/wp\/v2\/posts"}],"about":[{"href":"https:\/\/www.europesays.com\/de\/wp-json\/wp\/v2\/types\/post"}],"author":[{"embeddable":true,"href":"https:\/\/www.europesays.com\/de\/wp-json\/wp\/v2\/users\/2"}],"replies":[{"embeddable":true,"href":"https:\/\/www.europesays.com\/de\/wp-json\/wp\/v2\/comments?post=1086048"}],"version-history":[{"count":0,"href":"https:\/\/www.europesays.com\/de\/wp-json\/wp\/v2\/posts\/1086048\/revisions"}],"wp:featuredmedia":[{"embeddable":true,"href":"https:\/\/www.europesays.com\/de\/wp-json\/wp\/v2\/media\/1086049"}],"wp:attachment":[{"href":"https:\/\/www.europesays.com\/de\/wp-json\/wp\/v2\/media?parent=1086048"}],"wp:term":[{"taxonomy":"category","embeddable":true,"href":"https:\/\/www.europesays.com\/de\/wp-json\/wp\/v2\/categories?post=1086048"},{"taxonomy":"post_tag","embeddable":true,"href":"https:\/\/www.europesays.com\/de\/wp-json\/wp\/v2\/tags?post=1086048"}],"curies":[{"name":"wp","href":"https:\/\/api.w.org\/{rel}","templated":true}]}}