{"id":1086074,"date":"2026-06-11T09:31:11","date_gmt":"2026-06-11T09:31:11","guid":{"rendered":"https:\/\/www.europesays.com\/de\/1086074\/"},"modified":"2026-06-11T09:31:11","modified_gmt":"2026-06-11T09:31:11","slug":"flughafen-stuttgart-reisende-versuchen-100-000-zigaretten-zu-schmuggeln-nachrichten-aus-stuttgart","status":"publish","type":"post","link":"https:\/\/www.europesays.com\/de\/1086074\/","title":{"rendered":"Flughafen Stuttgart: Reisende versuchen 100.000 Zigaretten zu schmuggeln &#8211; Nachrichten aus Stuttgart"},"content":{"rendered":"<p><strong>Stuttgart. <\/strong> Am Wochenende (6.\/7.06.) haben Zollbeamte am  Stuttgarter Flughafen drei Reisende gestoppt, die mehr als 107.000 St\u00fcck unversteuerte Zigaretten schmuggeln wollten. Wie das Hauptzollamt mitteilt, f\u00fchrten die aus der T\u00fcrkei reisenden Personen insgesamt sechs Koffer ausschlie\u00dflich gef\u00fcllt mit Zigaretten mit sich. Die Ware wurde sichergestellt und ein Steuerstrafverfahren eingeleitet.<\/p>\n<p>Insgesamt sechs Koffer mit 536 Stangen Zigaretten\ufeff<\/p>\n<p>Der Mann sowie<\/p>\n","protected":false},"excerpt":{"rendered":"Stuttgart. Am Wochenende (6.\/7.06.) haben Zollbeamte am Stuttgarter Flughafen drei Reisende gestoppt, die mehr als 107.000 St\u00fcck unversteuerte&hellip;\n","protected":false},"author":2,"featured_media":1086075,"comment_status":"","ping_status":"","sticky":false,"template":"","format":"standard","meta":{"footnotes":"","_share_on_mastodon":"0"},"categories":[1830],"tags":[1634,3364,29,30,1347,1441,190824,5875,615],"class_list":["post-1086074","post","type-post","status-publish","format-standard","has-post-thumbnail","category-stuttgart","tag-baden-wuerttemberg","tag-de","tag-deutschland","tag-germany","tag-schmuggel","tag-stuttgart","tag-un_kein-userneed","tag-zigaretten","tag-zoll"],"share_on_mastodon":{"url":"https:\/\/pubeurope.com\/@de\/116730782525845817","error":""},"_links":{"self":[{"href":"https:\/\/www.europesays.com\/de\/wp-json\/wp\/v2\/posts\/1086074","targetHints":{"allow":["GET"]}}],"collection":[{"href":"https:\/\/www.europesays.com\/de\/wp-json\/wp\/v2\/posts"}],"about":[{"href":"https:\/\/www.europesays.com\/de\/wp-json\/wp\/v2\/types\/post"}],"author":[{"embeddable":true,"href":"https:\/\/www.europesays.com\/de\/wp-json\/wp\/v2\/users\/2"}],"replies":[{"embeddable":true,"href":"https:\/\/www.europesays.com\/de\/wp-json\/wp\/v2\/comments?post=1086074"}],"version-history":[{"count":0,"href":"https:\/\/www.europesays.com\/de\/wp-json\/wp\/v2\/posts\/1086074\/revisions"}],"wp:featuredmedia":[{"embeddable":true,"href":"https:\/\/www.europesays.com\/de\/wp-json\/wp\/v2\/media\/1086075"}],"wp:attachment":[{"href":"https:\/\/www.europesays.com\/de\/wp-json\/wp\/v2\/media?parent=1086074"}],"wp:term":[{"taxonomy":"category","embeddable":true,"href":"https:\/\/www.europesays.com\/de\/wp-json\/wp\/v2\/categories?post=1086074"},{"taxonomy":"post_tag","embeddable":true,"href":"https:\/\/www.europesays.com\/de\/wp-json\/wp\/v2\/tags?post=1086074"}],"curies":[{"name":"wp","href":"https:\/\/api.w.org\/{rel}","templated":true}]}}