{"id":1086140,"date":"2026-06-11T10:09:16","date_gmt":"2026-06-11T10:09:16","guid":{"rendered":"https:\/\/www.europesays.com\/de\/1086140\/"},"modified":"2026-06-11T10:09:16","modified_gmt":"2026-06-11T10:09:16","slug":"grosser-polizeieinsatz-an-schule-in-goeggingen","status":"publish","type":"post","link":"https:\/\/www.europesays.com\/de\/1086140\/","title":{"rendered":"Gro\u00dfer Polizeieinsatz an Schule in G\u00f6ggingen"},"content":{"rendered":"<p class=\"mb-6 text-xs-varying md:text-m lg:text-l font-serif group-[.font-sans]:font-sans \">\n    In der Friedrich-Ebert-Stra\u00dfe in <a href=\"https:\/\/www.augsburger-allgemeine.de\/augsburg\/ort\/goeggingen\" target=\"_self\" class=\"underline \" rel=\"nofollow noopener\">G\u00f6ggingen<\/a> l\u00e4uft aktuell ein gro\u00dfer Polizeieinsatz. Seit etwa 11 Uhr sei eine Vielzahl von Polizeibeamten vor Ort, so ein Sprecher der Polizei. Zu den Hintergr\u00fcnden des Einsatzes \u00e4u\u00dfert sich die Polizei bislang nicht. Bekannt ist lediglich, dass es sich um einen Einsatz an der dortigen Grund- oder Mittelschule handelt. (diba)\n  <\/p>\n","protected":false},"excerpt":{"rendered":"In der Friedrich-Ebert-Stra\u00dfe in G\u00f6ggingen l\u00e4uft aktuell ein gro\u00dfer Polizeieinsatz. Seit etwa 11 Uhr sei eine Vielzahl von&hellip;\n","protected":false},"author":2,"featured_media":1086141,"comment_status":"","ping_status":"","sticky":false,"template":"","format":"standard","meta":{"footnotes":"","_share_on_mastodon":"0"},"categories":[1846],"tags":[680,772,3364,29,548,663,3934,11471,30,146678,13,14,15,121,4908,32096,12,966],"class_list":["post-1086140","post","type-post","status-publish","format-standard","has-post-thumbnail","category-augsburg","tag-augsburg","tag-bayern","tag-de","tag-deutschland","tag-eu","tag-europa","tag-europe","tag-friedrich-ebert-strasse","tag-germany","tag-goeggingen","tag-headlines","tag-nachrichten","tag-news","tag-polizei","tag-polizeieinsatz","tag-polizeikraft","tag-schlagzeilen","tag-schule"],"share_on_mastodon":{"url":"https:\/\/pubeurope.com\/@de\/116730932018930018","error":""},"_links":{"self":[{"href":"https:\/\/www.europesays.com\/de\/wp-json\/wp\/v2\/posts\/1086140","targetHints":{"allow":["GET"]}}],"collection":[{"href":"https:\/\/www.europesays.com\/de\/wp-json\/wp\/v2\/posts"}],"about":[{"href":"https:\/\/www.europesays.com\/de\/wp-json\/wp\/v2\/types\/post"}],"author":[{"embeddable":true,"href":"https:\/\/www.europesays.com\/de\/wp-json\/wp\/v2\/users\/2"}],"replies":[{"embeddable":true,"href":"https:\/\/www.europesays.com\/de\/wp-json\/wp\/v2\/comments?post=1086140"}],"version-history":[{"count":0,"href":"https:\/\/www.europesays.com\/de\/wp-json\/wp\/v2\/posts\/1086140\/revisions"}],"wp:featuredmedia":[{"embeddable":true,"href":"https:\/\/www.europesays.com\/de\/wp-json\/wp\/v2\/media\/1086141"}],"wp:attachment":[{"href":"https:\/\/www.europesays.com\/de\/wp-json\/wp\/v2\/media?parent=1086140"}],"wp:term":[{"taxonomy":"category","embeddable":true,"href":"https:\/\/www.europesays.com\/de\/wp-json\/wp\/v2\/categories?post=1086140"},{"taxonomy":"post_tag","embeddable":true,"href":"https:\/\/www.europesays.com\/de\/wp-json\/wp\/v2\/tags?post=1086140"}],"curies":[{"name":"wp","href":"https:\/\/api.w.org\/{rel}","templated":true}]}}