{"id":1086155,"date":"2026-06-11T10:18:22","date_gmt":"2026-06-11T10:18:22","guid":{"rendered":"https:\/\/www.europesays.com\/de\/1086155\/"},"modified":"2026-06-11T10:18:22","modified_gmt":"2026-06-11T10:18:22","slug":"wer-aus-wuppertals-cdu-in-den-landtag-will","status":"publish","type":"post","link":"https:\/\/www.europesays.com\/de\/1086155\/","title":{"rendered":"Wer aus Wuppertals CDU in den Landtag will"},"content":{"rendered":"<p class=\"text_ohne_einzug richtext text-em-55 !leading-serif mx-6 desktop:mx-0\">Die CDU in Wuppertal sortiert ihre Reihen f\u00fcr die Landtagswahl 2027. Am 25. April 2027 wird der neue nordrhein-westf\u00e4lische Landtag gew\u00e4hlt. Am kommenden Freitag schon wollen die Christdemokraten ihre Aufstellungsversammlung f\u00fcr den Wahlkreis Wuppertal 1 (Wahlkreis 32) abhalten \u2013 und haben daf\u00fcr die Wahl zwischen zwei Kandidaten: Der B\u00fcrgermeister Rainer Spiecker (64), der bereits von 2012 bis 2017 und von 2021 bis 2022 Abgeordneter im NRW-Landtag Abgeordneter war, kandidiert dann erneut.<\/p>\n","protected":false},"excerpt":{"rendered":"Die CDU in Wuppertal sortiert ihre Reihen f\u00fcr die Landtagswahl 2027. Am 25. April 2027 wird der neue&hellip;\n","protected":false},"author":2,"featured_media":1086156,"comment_status":"","ping_status":"","sticky":false,"template":"","format":"standard","meta":{"footnotes":"","_share_on_mastodon":"0"},"categories":[1840],"tags":[1914,31,3364,29,230633,30,45727,1985,19399,1209,20156,184,2534,4672,34255,4418,6226],"class_list":["post-1086155","post","type-post","status-publish","format-standard","has-post-thumbnail","category-wuppertal","tag-1914","tag-cdu","tag-de","tag-deutschland","tag-gereci","tag-germany","tag-kandidat","tag-landtag","tag-landtagswahl","tag-nordrhein-westfalen","tag-rainer-spiecker","tag-spd","tag-wahl","tag-wahlen","tag-wahlkreis","tag-wuppertal","tag-wuppertaler"],"share_on_mastodon":{"url":"https:\/\/pubeurope.com\/@de\/116730967479394713","error":""},"_links":{"self":[{"href":"https:\/\/www.europesays.com\/de\/wp-json\/wp\/v2\/posts\/1086155","targetHints":{"allow":["GET"]}}],"collection":[{"href":"https:\/\/www.europesays.com\/de\/wp-json\/wp\/v2\/posts"}],"about":[{"href":"https:\/\/www.europesays.com\/de\/wp-json\/wp\/v2\/types\/post"}],"author":[{"embeddable":true,"href":"https:\/\/www.europesays.com\/de\/wp-json\/wp\/v2\/users\/2"}],"replies":[{"embeddable":true,"href":"https:\/\/www.europesays.com\/de\/wp-json\/wp\/v2\/comments?post=1086155"}],"version-history":[{"count":0,"href":"https:\/\/www.europesays.com\/de\/wp-json\/wp\/v2\/posts\/1086155\/revisions"}],"wp:featuredmedia":[{"embeddable":true,"href":"https:\/\/www.europesays.com\/de\/wp-json\/wp\/v2\/media\/1086156"}],"wp:attachment":[{"href":"https:\/\/www.europesays.com\/de\/wp-json\/wp\/v2\/media?parent=1086155"}],"wp:term":[{"taxonomy":"category","embeddable":true,"href":"https:\/\/www.europesays.com\/de\/wp-json\/wp\/v2\/categories?post=1086155"},{"taxonomy":"post_tag","embeddable":true,"href":"https:\/\/www.europesays.com\/de\/wp-json\/wp\/v2\/tags?post=1086155"}],"curies":[{"name":"wp","href":"https:\/\/api.w.org\/{rel}","templated":true}]}}