{"id":1086176,"date":"2026-06-11T10:29:18","date_gmt":"2026-06-11T10:29:18","guid":{"rendered":"https:\/\/www.europesays.com\/de\/1086176\/"},"modified":"2026-06-11T10:29:18","modified_gmt":"2026-06-11T10:29:18","slug":"muenchen-grundschueler-stirbt-bei-bus-unfall-bei-dachau-verletzte-ausser-lebensgefahr-dachau","status":"publish","type":"post","link":"https:\/\/www.europesays.com\/de\/1086176\/","title":{"rendered":"M\u00fcnchen: Grundsch\u00fcler stirbt bei Bus-Unfall bei Dachau \u2013 Verletzte au\u00dfer Lebensgefahr &#8211; Dachau"},"content":{"rendered":"<p data-manual=\"paragraph\" data-schema-org-speakable=\"true\" class=\"css-1eosz7k\">Nachdem am Mittwochmittag ein Zweitkl\u00e4ssler bei einem Zusammensto\u00df zweier Busse im <a href=\"https:\/\/www.sueddeutsche.de\/thema\/Landkreis_Dachau\" rel=\"nofollow noopener\" target=\"_blank\">Landkreis Dachau<\/a> ums Leben gekommen ist, schwebt nach Polizeiangaben keiner der teils schwer verletzten 28 Sch\u00fcler sowie zwei Busfahrer und eine Lehrerin in akuter Lebensgefahr. Bayerns Ministerpr\u00e4sident Markus S\u00f6der (CSU) schrieb auf der Plattform X: \u201eUnsere Gedanken sind bei den Angeh\u00f6rigen der Opfer und wir beten f\u00fcr die Genesung der Verletzten.\u201c Er danke den Rettungskr\u00e4ften und der Polizei, die schnell geholfen h\u00e4tten. \u201eDas ist alles andere als selbstverst\u00e4ndlich. Danke auch allen \u00c4rzten und Pflegekr\u00e4ften in den Krankenh\u00e4usern, die jetzt ihr Bestes geben.\u201c<\/p>\n<p data-manual=\"paragraph\" data-schema-org-speakable=\"true\" class=\"css-1eosz7k\">Die\u00a0Sch\u00fclerinnen und Sch\u00fcler kamen aus der zweiten und dritten Klasse der Grundschule Haimhausen. Dort findet an diesem Donnerstagvormittag ein Treffen zwischen Kriseninterventionsteam und lokalen Vertretern von Politik und Rettungskr\u00e4ften statt, um das weitere Vorgehen zu besprechen, wie die SZ aus dem Rathaus erfuhr. Der Haimhauser B\u00fcrgermeister Stefan J\u00e4nicke-Spicker,\u00a0der auch Feuerwehrkommandant seiner Gemeinde ist, bewertet den Einsatz am Morgen nach dem Unfall als den \u201eschlimmsten seiner Laufbahn\u201c.<\/p>\n<p data-manual=\"paragraph\" data-schema-org-speakable=\"true\" class=\"css-1eosz7k\">Als er gegen Mittag als einer der Ersten am Unfallort eingetroffen sei, habe sich ihm \u201eein schrecklicher Anblick\u201c geboten. \u201eAuf so einen Einsatz kann man sich nicht vorbereiten.\u201c Er ringt um Fassung beim Sprechen am Morgen nach dem Unfalltag und sagt: \u201eEs geht um Kinder und wir sind alle nur Menschen.\u201c Stefan J\u00e4nicke-Spicker ist seit 28 Jahren bei der Freiwilligen Feuerwehr Haimhausen. Seit sechs Wochen ist der B\u00fcrgermeister von Haimhausen. Der 10. Juni 2026 markiert f\u00fcr ihn den schlimmsten Einsatz seines Lebens.<\/p>\n<p data-manual=\"paragraph\" data-schema-org-speakable=\"true\" class=\"css-1eosz7k\">Die Sch\u00fclerinnen und Sch\u00fcler waren mit einem angemieteten Reisebus auf einem Schulausflug unterwegs. Nach bisherigen Erkenntnissen war der mit Schulkindern besetzte Reisebus gegen 12.30 Uhr in einer Kurve seitlich mit einem Linienbus kollidiert. In dem befand sich nach Polizeiangaben aber nur der Fahrer, keine Fahrg\u00e4ste. Die Unfallstelle liegt in der Gemeinde <a href=\"https:\/\/www.sueddeutsche.de\/thema\/Hebertshausen\" rel=\"nofollow noopener\" target=\"_blank\">Hebertshausen<\/a> zwischen Ampermoching und Ottershausen auf der Staatsstra\u00dfe 2339 im Bereich einer Kurve.<\/p>\n<p><img decoding=\"async\" src=\"https:\/\/www.europesays.com\/de\/wp-content\/uploads\/2026\/06\/a2a7246b-a69c-4bf4-9b9d-27ad82a95480.jpg\"   alt=\"Der Zusammensto\u00df ereignete sich auf der Amperbr\u00fccke am Ortsausgang von Ampermoching.\" loading=\"lazy\" class=\"css-8atqhb\"\/>Der Zusammensto\u00df ereignete sich auf der Amperbr\u00fccke am Ortsausgang von Ampermoching. Niels P. J\u00f8rgensen<\/p>\n<p data-manual=\"paragraph\" data-schema-org-speakable=\"true\" class=\"css-1eosz7k\">Man habe alles Menschenm\u00f6gliche versucht, um den Jungen zu reanimieren, beschreibt Dennis Behrendt, Einsatzleiter des Rettungsdienstes, das Ringen um das Leben des Kindes. Auch ein Hubschrauber stand schon bereit, um den Bub in eine Klinik zu fliegen. Doch der Notarzt habe ihn dann vor Ort noch f\u00fcr tot erkl\u00e4ren m\u00fcssen, so Behrendt.<\/p>\n<p data-manual=\"paragraph\" data-schema-org-speakable=\"true\" class=\"css-1eosz7k\">Der Dachauer Landrat Stefan L\u00f6wl (CSU) zeigte sich tief bewegt. Er sei in Gedanken bei der Familie des verstorbenen Kindes, aber auch bei den Verletzten. \u201eAls Vater von drei Kindern, die auch schulpflichtig sind, die auch mit dem Bus gefahren sind, wei\u00df man erst mal, was passiert, wenn man morgens sein Kind auf einen Schulausflug schickt und es dann abends nicht mehr zur\u00fcckerh\u00e4lt. F\u00fcr mich ein ganz, ganz schwieriger Tag.\u201c<\/p>\n<p data-manual=\"paragraph\" data-schema-org-speakable=\"true\" class=\"css-1eosz7k\">Wie es zu der Kollision kam, ist derzeit noch unklar. Die Staatsanwaltschaft <a href=\"https:\/\/www.sueddeutsche.de\/thema\/M%C3%BCnchen\" rel=\"nofollow noopener\" target=\"_blank\">M\u00fcnchen<\/a> II hat einen Gutachter beauftragt, das Geschehen zu untersuchen. Mit einem Ergebnis sei in den kommenden Tagen allerdings nicht zu rechnen, sagte ein Polizeisprecher. Sicher ist, dass in der sehr engen Kurve Tempolimits gelten, einmal 60, einmal 50 Kilometer pro Stunde.<br \/>Eines kann die Polizei schon mal weitgehend ausschlie\u00dfen: Alkohol. Die Busfahrer h\u00e4tten freiwillig Atemalkoholtests gemacht. Das Ergebnis in beiden F\u00e4llen: Null Promille.<\/p>\n<p>Vier Rettungshubschrauber, 15 Rettungswagen und acht Not\u00e4rzte eilten zur Unfallstelle<\/p>\n<p data-manual=\"paragraph\" data-schema-org-speakable=\"true\" class=\"css-1eosz7k\">Stundenlang liefen am Mittwoch umfangreiche Rettungs- und Bergungsma\u00dfnahmen am Unfallort. Vier Rettungshubschrauber seien im Einsatz, sagte ein Sprecher der Leitstelle in F\u00fcrstenfeldbruck, sowie etwa 15 Rettungswagen und acht Not\u00e4rzte. Mehrere Verletzte seien in Krankenh\u00e4user gebracht worden. Am Einsatz waren laut Polizei insgesamt an die 100 Kr\u00e4fte beteiligt. F\u00fcr Betroffene wurde ein B\u00fcrgertelefon eingerichtet.<\/p>\n<p data-manual=\"paragraph\" data-schema-org-speakable=\"true\" class=\"css-1eosz7k\">An der Freiwilligen Feuerwehr Ampermoching wurde eine Sammelstelle eingerichtet. Der Parkplatz reicht am Nachmittag f\u00fcr die vielen Rettungsfahrzeuge nicht aus, sie stehen auch auf dem benachbarten Supermarktgel\u00e4nde und entlang der Stra\u00dfe. Immer wieder treffen Angeh\u00f6rige ein, manche weinend, manche ganz still. Eine Frau in fliederfarbener Jacke steht am Flatterband, hinter dem sich breitbeinig uniformierte Beamte postiert haben. \u201eHallo\u201c, sagt sie. \u201eIch bin gekommen, um meinen Sohn abzuholen.\u201c<\/p>\n<p data-manual=\"paragraph\" data-schema-org-speakable=\"true\" class=\"css-1eosz7k\">Kurz zuvor ist eine Mutter mit ihrer kleinen Tochter abgezogen, sie tr\u00e4gt noch die goldene Rettungsfolie unter dem Arm, die man dem Kind vermutlich zuvor umgelegt hat. Mit der Presse sprechen will hier keiner. Wenn nicht gerade wieder ein Fahrzeug mit Blaulicht losprescht, herrscht Stille. Ampermoching ist abgeriegelt, zumindest dieser Teil des kleinen Orts.<\/p>\n<p><img decoding=\"async\" src=\"https:\/\/www.europesays.com\/de\/wp-content\/uploads\/2026\/06\/54c6fb4a-1645-403b-9e03-24579a4ecc6e.jpg\"   alt=\"Der Schaden am Linienbus zeigt, wie schwer die Kollision gewesen sein muss.\" loading=\"lazy\" class=\"css-8atqhb\"\/>Der Schaden am Linienbus zeigt, wie schwer die Kollision gewesen sein muss. Niels P. J\u00f8rgensen<\/p>\n<p data-manual=\"paragraph\" data-schema-org-speakable=\"true\" class=\"css-1eosz7k\">Die Unfallstelle wurde gro\u00dfr\u00e4umig abgeriegelt, auch Pressevertreter l\u00e4sst die Polizei lange nicht an die Unfallstelle, damit keine Bilder von der Versorgung verletzter Kinder ver\u00f6ffentlicht werden k\u00f6nnen. Man habe bisher nicht alle Eltern informieren k\u00f6nnen, erkl\u00e4rt eine Polizeisprecherin. Den Einsatzkr\u00e4ften habe sich anfangs ein \u201esehr schlimmes Bild\u201c geboten. Auch f\u00fcr sie ist es kein einfacher Job. \u201eEin Einsatz mit Kindern ist immer ergreifend\u201c, sagt die Polizeisprecherin. Die Betreuungsgruppe an Ort und Stelle k\u00fcmmere sich sowohl um Eltern als auch um die Einsatzkr\u00e4fte.<\/p>\n<p data-manual=\"paragraph\" data-schema-org-speakable=\"true\" class=\"css-1eosz7k\">An die 40 Menschen, darunter auch Eltern mit Kindern, haben sich am Mittwoch um 18 Uhr in der Haimhausener Kirche versammelt, Kerzen angez\u00fcndet und gemeinsam getrauert. \u201eDas war das Wichtigste, einfach in Stille zusammen zu sein. Die Leute standen unter Schock\u201c, berichtet tags darauf Gemeindereferentin Mandy Adam. Auch die evangelische Pfarrerin sei dabei gewesen, B\u00fcrgermeister und Landrat. Zuletzt habe man noch ein gemeinsames Vaterunser gebetet.<\/p>\n<p data-manual=\"paragraph\" data-schema-org-speakable=\"true\" class=\"css-1eosz7k\">F\u00fcr die gesamte Schule werde es Angebote geben, k\u00fcndigte Landrat L\u00f6wl an. Die Notfallseelsorge stehe bereit f\u00fcr jeden, der Bedarf habe, auch in den kommenden Tagen. In der Gemeindeverwaltung sei zudem ein B\u00fcrgertelefon eingerichtet worden, erkl\u00e4rt B\u00fcrgermeister\u00a0 J\u00e4nicke-Spicker.<\/p>\n","protected":false},"excerpt":{"rendered":"Nachdem am Mittwochmittag ein Zweitkl\u00e4ssler bei einem Zusammensto\u00df zweier Busse im Landkreis Dachau ums Leben gekommen ist, schwebt&hellip;\n","protected":false},"author":2,"featured_media":1086177,"comment_status":"","ping_status":"","sticky":false,"template":"","format":"standard","meta":{"footnotes":"","_share_on_mastodon":"0"},"categories":[5],"tags":[331,332,772,24213,3364,29,30,13,230274,11424,1268,14,15,2339,11336,3093,12,149],"class_list":["post-1086176","post","type-post","status-publish","format-standard","has-post-thumbnail","category-nachrichten","tag-aktuelle-nachrichten","tag-aktuelle-news","tag-bayern","tag-dachau","tag-de","tag-deutschland","tag-germany","tag-headlines","tag-hebertshausen","tag-landkreis-dachau","tag-muenchen","tag-nachrichten","tag-news","tag-oberbayern","tag-polizei-und-feuerwehr-in-bayern","tag-polizei-und-feuerwehr-in-muenchen","tag-schlagzeilen","tag-sueddeutsche-zeitung"],"share_on_mastodon":{"url":"https:\/\/pubeurope.com\/@de\/116731012213842931","error":""},"_links":{"self":[{"href":"https:\/\/www.europesays.com\/de\/wp-json\/wp\/v2\/posts\/1086176","targetHints":{"allow":["GET"]}}],"collection":[{"href":"https:\/\/www.europesays.com\/de\/wp-json\/wp\/v2\/posts"}],"about":[{"href":"https:\/\/www.europesays.com\/de\/wp-json\/wp\/v2\/types\/post"}],"author":[{"embeddable":true,"href":"https:\/\/www.europesays.com\/de\/wp-json\/wp\/v2\/users\/2"}],"replies":[{"embeddable":true,"href":"https:\/\/www.europesays.com\/de\/wp-json\/wp\/v2\/comments?post=1086176"}],"version-history":[{"count":0,"href":"https:\/\/www.europesays.com\/de\/wp-json\/wp\/v2\/posts\/1086176\/revisions"}],"wp:featuredmedia":[{"embeddable":true,"href":"https:\/\/www.europesays.com\/de\/wp-json\/wp\/v2\/media\/1086177"}],"wp:attachment":[{"href":"https:\/\/www.europesays.com\/de\/wp-json\/wp\/v2\/media?parent=1086176"}],"wp:term":[{"taxonomy":"category","embeddable":true,"href":"https:\/\/www.europesays.com\/de\/wp-json\/wp\/v2\/categories?post=1086176"},{"taxonomy":"post_tag","embeddable":true,"href":"https:\/\/www.europesays.com\/de\/wp-json\/wp\/v2\/tags?post=1086176"}],"curies":[{"name":"wp","href":"https:\/\/api.w.org\/{rel}","templated":true}]}}