{"id":1086195,"date":"2026-06-11T10:40:22","date_gmt":"2026-06-11T10:40:22","guid":{"rendered":"https:\/\/www.europesays.com\/de\/1086195\/"},"modified":"2026-06-11T10:40:22","modified_gmt":"2026-06-11T10:40:22","slug":"helene-fischer-in-dresden-saengerin-holt-fan-auf-die-buehne","status":"publish","type":"post","link":"https:\/\/www.europesays.com\/de\/1086195\/","title":{"rendered":"Helene Fischer in Dresden: S\u00e4ngerin holt Fan auf die B\u00fchne"},"content":{"rendered":"<p>Besonderer Fan-Moment in Dresden <\/p>\n<p>Helene Fischer holt jungen Fan auf die B\u00fchne<\/p>\n<p>Aktualisiert am 11.06.2026 &#8211; 12:29 UhrLesedauer: 1 Min.<\/p>\n<p><a href=\"#focus-0\" class=\"transition-colors duration-200 block text-current relative\" data-sctrack=\"FocusGalleryImage.Reference\"><img fetchpriority=\"high\" data-testid=\"Opener.Image\"   loading=\"eager\" src=\"https:\/\/www.europesays.com\/de\/wp-content\/uploads\/2026\/06\/ie-saengerin-helene-fischer-tritt-im-rudolf-harbig-stadion-beim-auftakt-ihrer-360-stadion-tour-2026..jpeg\" alt=\"ie S\u00e4ngerin Helene Fischer tritt im Rudolf-Harbig-Stadion beim Auftakt ihrer &quot;360\u00b0 Stadion Tour 2026&quot;:\" title=\"ie S\u00e4ngerin Helene Fischer tritt im Rudolf-Harbig-Stadion beim Auftakt ihrer &quot;360\u00b0 Stadion Tour 2026&quot;:\" width=\"1365\" height=\"768\" class=\"bg-[url:var(--lqipURL)] bg-cover bg-center flex h-full w-full max-w-full\" style=\"--lqipURL:url('https:\/\/images.t-online.de\/2026\/06\/Ln8I4s9uCVor\/0x743:1365x768\/fit-in\/150x0\/filters:blur(25)\/ie-saengerin-helene-fischer-tritt-im-rudolf-harbig-stadion-beim-auftakt-ihrer-360-stadion-tour-2026.jpg')\" decoding=\"async\"\/><img loading=\"lazy\" src=\"https:\/\/dresden.t-online.de\/s\/paper\/_next\/static\/media\/zoom-in.f7dae02f.svg\" alt=\"Vergr\u00f6\u00dfern des Bildes\" title=\"Vergr\u00f6\u00dfern des Bildes\" class=\"block h-[calc(var(--height)_\/_16_*_1rem)] w-[calc(var(--width)_\/_16_*_1rem)] max-w-none absolute bottom-8 right-8 rounded-4 bg-snow p-8\" style=\"--width:32;--height:32\" decoding=\"async\"\/><\/a><\/p>\n<p>Helene Fischer beim Touraufakt in Dresden: Die S\u00e4ngerin machte ein Foto mit einem Fan, las Fanbotschaften vor und schwebte auf Kranarmen \u00fcber die K\u00f6pfe der Zuschauer. (Quelle: Robert Michael\/dpa)<\/p>\n<p><img loading=\"lazy\" src=\"https:\/\/dresden.t-online.de\/s\/paper\/_next\/static\/media\/audio-volume.6689034c.svg\" alt=\"\" title=\"\" class=\"block h-[calc(var(--height)_\/_16_*_1rem)] w-[calc(var(--width)_\/_16_*_1rem)] max-w-none group-hover:brightness-0 group-hover:invert\" style=\"--width:16;--height:16\" decoding=\"async\"\/>Vorlesen<\/p>\n<p>Aktuelle Zeit:0:00Gesamtdauer:0:00<\/p>\n<p>1x<\/p>\n<p class=\"text-center\">Jetzt neu bei t-online:<\/p>\n<p class=\"text-center\">Schriftgr\u00f6\u00dfe anpassen!<\/p>\n<p><img loading=\"lazy\" src=\"https:\/\/dresden.t-online.de\/s\/paper\/_next\/static\/media\/font-sizes.32942e33.svg\" alt=\"\" title=\"\" class=\"block h-[calc(var(--height)_\/_16_*_1rem)] w-[calc(var(--width)_\/_16_*_1rem)] max-w-none group-hover:hidden group-aria-expanded:hidden\" style=\"--width:16;--height:16\" decoding=\"async\"\/><img loading=\"lazy\" src=\"https:\/\/dresden.t-online.de\/s\/paper\/_next\/static\/media\/font-sizes-dark-mode.e382645c.svg\" alt=\"\" title=\"\" class=\"block h-[calc(var(--height)_\/_16_*_1rem)] w-[calc(var(--width)_\/_16_*_1rem)] max-w-none hidden group-hover:block group-aria-expanded:block\" style=\"--width:16;--height:16\" decoding=\"async\"\/><img loading=\"lazy\" src=\"https:\/\/dresden.t-online.de\/s\/paper\/_next\/static\/media\/sharing-menu-icon.1eb71368.svg\" alt=\"\" title=\"\" class=\"block h-[calc(var(--height)_\/_16_*_1rem)] w-[calc(var(--width)_\/_16_*_1rem)] max-w-none group-hover:brightness-0 group-hover:invert\" style=\"--width:16;--height:16\" decoding=\"async\"\/>Artikel teilen<\/p>\n<p class=\"font-bold text-18 leading-17 user-text-lg:text-22 user-text-xl:text-24\">Beim Tourauftakt im Rudolf-Harbig-Stadion r\u00fchrt ein Plakat die S\u00e4ngerin sichtlich. Also bittet der Schlagerstar kurzerhand das Publikum um Hilfe.<\/p>\n<p class=\"text-18 leading-17 user-text-lg:text-22 user-text-xl:text-24\">Tagelang <a class=\"transition-colors duration-200 cursor-pointer text-inherit no-underline text-salemsfur md:hover:text-magenta md:hover:border-magenta md:focus:text-magenta border-current border-b border-solid break-words\" data-tracking=\"{&quot;action&quot;:&quot;click&quot;,&quot;category&quot;:&quot;intextLink&quot;,&quot;label&quot;:&quot;\/region\/dresden\/id_101286560\/tourstart-in-dresden-helene-fischer-zeigt-einblicke-in-die-proben.html&quot;}\" href=\"https:\/\/dresden.t-online.de\/region\/dresden\/id_101286560\/tourstart-in-dresden-helene-fischer-zeigt-einblicke-in-die-proben.html\" data-sctrack=\"BodyAnchor\" rel=\"nofollow noopener\" target=\"_blank\">probte Helene Fischer im Rudolf-Harbig-Stadion<\/a>, damit zum Auftakt ihrer Stadion-Tour alles nach Plan l\u00e4uft. Doch am Mittwochabend \u00fcberraschte die 41-J\u00e4hrige mit einem Moment, der nicht einstudiert wirkte.<\/p>\n<p class=\"text-18 leading-17 user-text-lg:text-22 user-text-xl:text-24\">In der ersten Reihe hielt eine junge Frau ein Plakat hoch, das Fischer kaum \u00fcbersehen konnte: &#8222;Mit dir aufgewachsen \u2013 ein Foto w\u00e4re toll.&#8220; Fischer sprach sie an und fragte nach ihrem Alter. 21 Jahre. &#8222;Oh Gott, ich begleite euch wirklich schon lange&#8220;, sagte sie sp\u00e4ter sichtlich ger\u00fchrt.<\/p>\n<p>Empfohlener externer InhaltYoutube<\/p>\n<p class=\"text-14 leading-15\">Wir ben\u00f6tigen Ihre Einwilligung, um den von unserer Redaktion eingebundenen Youtube-Inhalt anzuzeigen. Sie k\u00f6nnen diesen (und damit auch alle weiteren Youtube-Inhalte auf t-online.de) mit einem Klick anzeigen lassen und auch wieder deaktivieren.<\/p>\n<p>Youtube-Inhalte immer anzeigen<\/p>\n<p>Ich bin damit einverstanden, dass mir externe Inhalte angezeigt werden. Damit k\u00f6nnen personenbezogene Daten an Drittplattformen \u00fcbermittelt werden. <a target=\"_blank\" class=\"transition-colors duration-200 cursor-pointer text-inherit no-underline text-magenta\" href=\"https:\/\/www.t-online.de\/datenschutz\/id_88397036\/index#17-externe-inhalte\" rel=\"nofollow noopener\">Mehr dazu in unseren Datenschutzhinweisen<\/a>.<\/p>\n<p class=\"text-18 leading-17 user-text-lg:text-22 user-text-xl:text-24\">&#8222;Ich seh schon, du m\u00f6chtest ein Foto mit mir&#8220;, sagte Fischer \u2013 und schluckte kurz. Denn zwischen B\u00fchne und Fan lag ein gro\u00dfer H\u00f6henunterschied.<\/p>\n<p class=\"text-18 leading-17 user-text-lg:text-22 user-text-xl:text-24\">Also wand sich Fischer ans Publikum: &#8222;K\u00f6nnt ihr helfen?&#8220; Die Fans jubelten. Schlie\u00dflich halfen die Stewards der jungen Frau \u00fcber die Wellenbrecher auf die B\u00fchne.<\/p>\n<p><a href=\"#focus-1\" class=\"transition-colors duration-200 block text-current relative\" data-sctrack=\"FocusGalleryImage.Reference\"><img   loading=\"lazy\" src=\"https:\/\/www.europesays.com\/de\/wp-content\/uploads\/2026\/06\/ein-fan-hat-diesen-besonderen-moment-in-einem-handyvideo-festgehalten.png\" alt=\"Ein Fan hat diesen besonderen Moment in einem Handyvideo festgehalten.\" title=\"Ein Fan hat diesen besonderen Moment in einem Handyvideo festgehalten.\" width=\"1782\" height=\"1002\" class=\"h-full w-full max-w-full rounded-8\" decoding=\"async\"\/><img loading=\"lazy\" src=\"https:\/\/dresden.t-online.de\/s\/paper\/_next\/static\/media\/zoom-in.f7dae02f.svg\" alt=\"Vergr\u00f6\u00dfern des Bildes\" title=\"Vergr\u00f6\u00dfern des Bildes\" class=\"block h-[calc(var(--height)_\/_16_*_1rem)] w-[calc(var(--width)_\/_16_*_1rem)] max-w-none absolute bottom-8 right-8 rounded-4 bg-snow p-8\" style=\"--width:32;--height:32\" decoding=\"async\"\/>Ein Fan hat diesen besonderen Moment in einem Handyvideo festgehalten. (Quelle: Screenshot\/Youtube\/smilingboy80)<\/a><\/p>\n<p class=\"text-18 leading-17 user-text-lg:text-22 user-text-xl:text-24\">Fischer nahm es anschlie\u00dfend mit Humor: &#8222;Da hab ich was angefangen, jetzt bekomme ich die n\u00e4chsten Konzerte nur noch solche Fotow\u00fcnsche.&#8220;<\/p>\n<p>Nah dran trotz riesiger B\u00fchne?<\/p>\n<p class=\"text-18 leading-17 user-text-lg:text-22 user-text-xl:text-24\">Die Foto-Aktion war nicht der einzige Moment, in dem Fischer die Distanz zum Publikum schrumpfen lie\u00df. Sie las Fanbotschaften vor, lief \u00fcber Laufstege weit in den Zuschauerraum und schwebte auf Kranarmen \u00fcber die K\u00f6pfe der Zuschauer. <a class=\"transition-colors duration-200 cursor-pointer text-inherit no-underline text-salemsfur md:hover:text-magenta md:hover:border-magenta md:focus:text-magenta border-current border-b border-solid break-words\" data-tracking=\"{&quot;action&quot;:&quot;click&quot;,&quot;category&quot;:&quot;intextLink&quot;,&quot;label&quot;:&quot;\/region\/dresden\/id_101291868\/dresden-helene-fischer-startet-stadion-tour-vor-35000-fans.html&quot;}\" href=\"https:\/\/dresden.t-online.de\/region\/dresden\/id_101291868\/dresden-helene-fischer-startet-stadion-tour-vor-35000-fans.html\" data-sctrack=\"BodyAnchor\" rel=\"nofollow noopener\" target=\"_blank\">Hier k\u00f6nnen Sie alle H\u00f6hepunkte des Konzerts nachlesen.<\/a><\/p>\n<p class=\"text-18 leading-17 user-text-lg:text-22 user-text-xl:text-24\">Bis zum 17. Juli spielt Fischer in Stadien in Deutschland, \u00d6sterreich und der Schweiz. Mit der Tour feiert sie ihr 20-j\u00e4hriges B\u00fchnenjubil\u00e4um.<\/p>\n","protected":false},"excerpt":{"rendered":"Besonderer Fan-Moment in Dresden Helene Fischer holt jungen Fan auf die B\u00fchne Aktualisiert am 11.06.2026 &#8211; 12:29 UhrLesedauer:&hellip;\n","protected":false},"author":2,"featured_media":1086196,"comment_status":"","ping_status":"","sticky":false,"template":"","format":"standard","meta":{"footnotes":"","_share_on_mastodon":"0"},"categories":[1835],"tags":[3364,29,2386,230639,30,24608,7438,3797,859,230638,14352],"class_list":["post-1086195","post","type-post","status-publish","format-standard","has-post-thumbnail","category-dresden","tag-de","tag-deutschland","tag-dresden","tag-fanbotschaft","tag-germany","tag-helene-fischer","tag-plakat","tag-rudolf-harbig-stadion","tag-sachsen","tag-touraufakt","tag-tourauftakt"],"share_on_mastodon":{"url":"https:\/\/pubeurope.com\/@de\/116731055757576564","error":""},"_links":{"self":[{"href":"https:\/\/www.europesays.com\/de\/wp-json\/wp\/v2\/posts\/1086195","targetHints":{"allow":["GET"]}}],"collection":[{"href":"https:\/\/www.europesays.com\/de\/wp-json\/wp\/v2\/posts"}],"about":[{"href":"https:\/\/www.europesays.com\/de\/wp-json\/wp\/v2\/types\/post"}],"author":[{"embeddable":true,"href":"https:\/\/www.europesays.com\/de\/wp-json\/wp\/v2\/users\/2"}],"replies":[{"embeddable":true,"href":"https:\/\/www.europesays.com\/de\/wp-json\/wp\/v2\/comments?post=1086195"}],"version-history":[{"count":0,"href":"https:\/\/www.europesays.com\/de\/wp-json\/wp\/v2\/posts\/1086195\/revisions"}],"wp:featuredmedia":[{"embeddable":true,"href":"https:\/\/www.europesays.com\/de\/wp-json\/wp\/v2\/media\/1086196"}],"wp:attachment":[{"href":"https:\/\/www.europesays.com\/de\/wp-json\/wp\/v2\/media?parent=1086195"}],"wp:term":[{"taxonomy":"category","embeddable":true,"href":"https:\/\/www.europesays.com\/de\/wp-json\/wp\/v2\/categories?post=1086195"},{"taxonomy":"post_tag","embeddable":true,"href":"https:\/\/www.europesays.com\/de\/wp-json\/wp\/v2\/tags?post=1086195"}],"curies":[{"name":"wp","href":"https:\/\/api.w.org\/{rel}","templated":true}]}}