{"id":1086284,"date":"2026-06-11T11:32:22","date_gmt":"2026-06-11T11:32:22","guid":{"rendered":"https:\/\/www.europesays.com\/de\/1086284\/"},"modified":"2026-06-11T11:32:22","modified_gmt":"2026-06-11T11:32:22","slug":"sparkassen-coup-von-gelsenkirchen-opfer-koennen-keine-sammelklage-einreichen-regional","status":"publish","type":"post","link":"https:\/\/www.europesays.com\/de\/1086284\/","title":{"rendered":"Sparkassen-Coup von Gelsenkirchen: Opfer k\u00f6nnen keine Sammelklage einreichen | Regional"},"content":{"rendered":"<p><a class=\"skip-content skip-content--link\" href=\"#in-content-skip-link-target-v-0-0\">TTS-Player \u00fcberspringen\u21b5<\/a><a id=\"in-content-skip-link-target-v-0-0\" class=\"skip-content--target-link-hidden skip-content skip-content--target-link\" href=\"#in-content-skip-link-target-v-0-0\">Artikel weiterlesen<\/a><\/p>\n<p data-780e759e=\"0-1018\">Gelsenkirchen\/Essen (NRW) \u2013 <b>Nach dem Multi-Millionen-Coup wenige Tage vor dem Jahreswechsel 2025\/26 in Gelsenkirchen-Buer beginnen am Donnerstag die ersten Prozesse gegen die Sparkasse. Der Anwalt der Gesch\u00e4digten ist davon \u00fcberzeugt, dass der Tresorraum nicht ausreichend gesichert war. Er und seine beiden Mandanten fordern Schadenersatz. Eine Sammelklage ist in dem spektakul\u00e4ren und in dieser Dimension einzigartigen Fall nicht m\u00f6glich gewesen.<\/b><\/p>\n<p data-780e759e=\"0-1018\">Geld, Gold, Erbst\u00fccke aus mehr als 3000 Schlie\u00dff\u00e4chern \u2013 alles weg. Der Gesamtschaden wurde zuletzt auf bis zu einer halben Milliarde Euro gesch\u00e4tzt. Und von der Beute und den T\u00e4tern fehlt auch nach knapp sechs Monaten jede Spur. Daniel Kuhlmann vertritt nach eigenen Angaben 650 Opfer des <a href=\"https:\/\/www.bild.de\/regional\/nordrhein-westfalen\/spektakulaerer-coup-einbrecher-bohren-loch-in-tresorraum-von-sparkasse-695233d7ba368aa0126a5ae1\" class=\"text-link\" rel=\"nofollow noopener\" target=\"_blank\">dreisten Einbruchdiebstahls in die Sparkasse<\/a>. Der Anwalt will mit detaillierten Listen die Schlie\u00dffach-Inhalte nachweisen. Allein bei seinem Mandanten kommt er so auf eine Schadensh\u00f6he von 51,5 Millionen Euro.<\/p>\n<p>Tresorraum nicht ausreichend gesichert?<\/p>\n<p data-780e759e=\"0-1018\">Kuhlmann wirft der <a href=\"https:\/\/www.bild.de\/themen\/organisationen\/sparkasse\/organisation-news-fotos-videos-19932968.bild.html\" class=\"text-link\" rel=\"nofollow noopener\" target=\"_blank\">Sparkasse<\/a> schwere Vers\u00e4umnisse bei der Sicherung des Tresorraums vor. Dabei beruft er sich auf das Gutachten eines Sachverst\u00e4ndigen. \u201eDie Sparkasse hat \u00fcberhaupt kein Alarmsystem im Tresorraum, sondern nur im allgemeinen Bankgeb\u00e4ude\u201c, sagt er zu BILD. Zudem h\u00e4tte die Bank laut \u201ebranchen\u00fcblicher Standards\u201c unter anderem auch die W\u00e4nde und Decken des Geb\u00e4udes in Gelsenkirchen-Buer (<a href=\"https:\/\/www.bild.de\/regional\/nordrhein-westfalen\/home-npIP0qL0giWP1ZFIOHn2\" class=\"text-link\" rel=\"nofollow noopener\" target=\"_blank\">Nordrhein-Westfalen<\/a>) \u00fcberwachen m\u00fcssen. Die Sparkasse wies bislang alle Vorw\u00fcrfe zur\u00fcck. <\/p>\n<p><img decoding=\"async\" width=\"992\" height=\"661\" alt=\"\u00dcber 3100 Schlie\u00dff\u00e4cher haben die Tresor-Gangster aufgebrochen und gesch\u00e4tzt bis zu 500 Millionen erbeutet\" src=\"https:\/\/www.europesays.com\/de\/wp-content\/uploads\/2026\/06\/58ea08375e4b44fe6f66b51fbf83405a,a43e1145.jpeg\"   class=\"dynamic\" loading=\"lazy\"\/><\/p>\n<p class=\"fig__caption__text\">\u00dcber 3100 Schlie\u00dff\u00e4cher haben die Tresor-Gangster aufgebrochen und gesch\u00e4tzt bis zu 500 Millionen Euro erbeutet<\/p>\n<p>Foto: Polizei Gelsenkirchen\/dpa<\/p>\n<p data-780e759e=\"1019-2036\">Der Anwalt k\u00e4mpft jetzt f\u00fcr Joachim Alfred Wagner (63) und einen weiteren Kunden bei dem <a href=\"https:\/\/www.bild.de\/themen\/ereignisse\/prozess\/news-fotos-videos-17024714.bild.html\" class=\"text-link\" rel=\"nofollow noopener\" target=\"_blank\">Prozess<\/a> vor dem Essener Landgericht um Entsch\u00e4digung. Der 63-J\u00e4hrige hat seine Altersvorsorge und nicht ersetzbare Erbst\u00fccke verloren.<\/p>\n<p>Jedes Opfer muss selbst klagen<\/p>\n<p data-780e759e=\"1019-2036\">Warum die Gesch\u00e4digten keine Sammelklage einreichen konnten, erkl\u00e4rt Hans Reinhardt (66). Seine Kanzlei im benachbarten Marl vertritt auch \u00fcber 200 Opfer des Coups. \u201eJeder Gesch\u00e4digte muss selber klagen, das Rechtsmittel einer Sammelklage in der Form gibt es in Deutschland nicht. Au\u00dferdem ist hier jeder Fall anders gelagert. Jedes Opfer hatte etwas anderes im Schlie\u00dffach, jeder Gesch\u00e4digte hat andere Beweismittel\u201c, so der Rechtsanwalt zu BILD. Manche h\u00e4tten Zeugen, um nachzuweisen, was bei ihnen im Schlie\u00dffach lag. Andere h\u00e4tten Fotos, Inventarlisten oder Belege \u00fcber Kontobewegungen. <\/p>\n<p><img decoding=\"async\" width=\"992\" height=\"558\" alt=\"W\u00fctende Schlie\u00dffach-Kunden demonstrieren vord er Sparkasse, bis heute haben die Diebstahls-Opfer keine Entsch\u00e4digung bekommen\" src=\"https:\/\/www.europesays.com\/de\/wp-content\/uploads\/2026\/06\/bb5fd6138e54f5114eaf973a5d64aed8,58a42d5d.jpeg\"   class=\"landscape\" loading=\"lazy\"\/><\/p>\n<p class=\"fig__caption__text\">W\u00fctende Kunden hatten nach Bekanntwerden des Coups vor der Sparkasse demonstriert<\/p>\n<p>Foto: Christoph Reichwein\/dpa<\/p>\n<p data-780e759e=\"2037-3086\">Reinhardt weiter: \u201eAu\u00dferdem hat jeder zu einem anderen Zeitpunkt einen Vertrag mit der Sparkasse abgeschlossen und deshalb auch ein individuelles Gesch\u00e4ftsverh\u00e4ltnis, worauf sich die Klage um Entsch\u00e4digung dann st\u00fctzt.\u201c Sammelklagen gebe es nur im Verbraucherschutzrecht. Da k\u00f6nnten sich Menschen anschlie\u00dfen, wenn etwa eine Verbraucherschutzorganisation gegen ein gro\u00dfes Unternehmen klagt. Als Beispiel f\u00fchrt er den Dieselbetrug an.<\/p>\n<p>Coup in Gelsenkirchen: Sparkassen-Einbrecher erbeuten halbe Milliarde<a class=\"anchor video-teaser__anchor\" href=\"https:\/\/www.bild.de\/regional\/ruhrgebiet\/coup-in-gelsenkirchen-einbrecher-erbeuten-in-der-sparkasse-eine-halbe-milliarde-696a69a06b40895ba7f70492\" rel=\"nofollow noopener\" target=\"_blank\"><img decoding=\"async\" width=\"992\" height=\"558\" alt=\"Coup in Gelsenkirchen: Einbrecher erbeuten in der Sparkasse eine halbe Milliarde\" src=\"https:\/\/www.europesays.com\/de\/wp-content\/uploads\/2026\/01\/5db69204018377393e3879a3830bfaf3,1df9dbb8.jpeg\"   class=\"landscape teaser__image\" loading=\"lazy\"\/><\/a><\/p>\n<p>Quelle: BILD11.06.2026<\/p>\n<p data-780e759e=\"2037-3086\">F\u00fcr die ersten zwei Zivilprozesse ist jetzt jeweils zun\u00e4chst ein erster Termin f\u00fcr die G\u00fcteverhandlung und einen m\u00f6glichen Vergleich angesetzt worden. Die genaue Gesamtzahl der Prozesstage steht noch nicht fest, da die Verfahren wegen der Komplexit\u00e4t voraussichtlich Monate oder sogar Jahre dauern k\u00f6nnten.<\/p>\n","protected":false},"excerpt":{"rendered":"TTS-Player \u00fcberspringen\u21b5Artikel weiterlesen Gelsenkirchen\/Essen (NRW) \u2013 Nach dem Multi-Millionen-Coup wenige Tage vor dem Jahreswechsel 2025\/26 in Gelsenkirchen-Buer beginnen&hellip;\n","protected":false},"author":2,"featured_media":1086285,"comment_status":"","ping_status":"","sticky":false,"template":"","format":"standard","meta":{"footnotes":"","_share_on_mastodon":"0"},"categories":[1848],"tags":[27954,3364,29,1686,2819,13373,548,663,3934,3658,30,13,1789,14,15,1209,121,1269,12,4787,138370],"class_list":["post-1086284","post","type-post","status-publish","format-standard","has-post-thumbnail","category-gelsenkirchen","tag-landgericht-essen","tag-de","tag-deutschland","tag-diebstahl","tag-einbruch","tag-entschaedigung","tag-eu","tag-europa","tag-europe","tag-gelsenkirchen","tag-germany","tag-headlines","tag-klage","tag-nachrichten","tag-news","tag-nordrhein-westfalen","tag-polizei","tag-prozess","tag-schlagzeilen","tag-sparkasse","tag-team-first"],"share_on_mastodon":{"url":"https:\/\/pubeurope.com\/@de\/116731259189866060","error":""},"_links":{"self":[{"href":"https:\/\/www.europesays.com\/de\/wp-json\/wp\/v2\/posts\/1086284","targetHints":{"allow":["GET"]}}],"collection":[{"href":"https:\/\/www.europesays.com\/de\/wp-json\/wp\/v2\/posts"}],"about":[{"href":"https:\/\/www.europesays.com\/de\/wp-json\/wp\/v2\/types\/post"}],"author":[{"embeddable":true,"href":"https:\/\/www.europesays.com\/de\/wp-json\/wp\/v2\/users\/2"}],"replies":[{"embeddable":true,"href":"https:\/\/www.europesays.com\/de\/wp-json\/wp\/v2\/comments?post=1086284"}],"version-history":[{"count":0,"href":"https:\/\/www.europesays.com\/de\/wp-json\/wp\/v2\/posts\/1086284\/revisions"}],"wp:featuredmedia":[{"embeddable":true,"href":"https:\/\/www.europesays.com\/de\/wp-json\/wp\/v2\/media\/1086285"}],"wp:attachment":[{"href":"https:\/\/www.europesays.com\/de\/wp-json\/wp\/v2\/media?parent=1086284"}],"wp:term":[{"taxonomy":"category","embeddable":true,"href":"https:\/\/www.europesays.com\/de\/wp-json\/wp\/v2\/categories?post=1086284"},{"taxonomy":"post_tag","embeddable":true,"href":"https:\/\/www.europesays.com\/de\/wp-json\/wp\/v2\/tags?post=1086284"}],"curies":[{"name":"wp","href":"https:\/\/api.w.org\/{rel}","templated":true}]}}