{"id":1086288,"date":"2026-06-11T11:34:18","date_gmt":"2026-06-11T11:34:18","guid":{"rendered":"https:\/\/www.europesays.com\/de\/1086288\/"},"modified":"2026-06-11T11:34:18","modified_gmt":"2026-06-11T11:34:18","slug":"kanu-weltcup-2026-die-spannung-steigt-am-augsburger-eiskanal","status":"publish","type":"post","link":"https:\/\/www.europesays.com\/de\/1086288\/","title":{"rendered":"Kanu-Weltcup 2026: Die Spannung steigt am Augsburger Eiskanal"},"content":{"rendered":"<p class=\"mb-6 text-xs-varying md:text-m lg:text-l font-serif group-[.font-sans]:font-sans \">\n    Am Augsburger <a href=\"https:\/\/www.augsburger-allgemeine.de\/orte\/aa-eiskanal-augsburg\" target=\"_self\" class=\"underline \" rel=\"nofollow noopener\">Eiskanal<\/a> scheint alles bereit f\u00fcr den<a href=\"https:\/\/www.augsburger-allgemeine.de\/sport\/kanuslalom-weltcup-2026-in-augsburg-deutsche-kanuten-hoffen-auf-den-heimvorteil-114408574\" target=\"_self\" class=\"underline \" rel=\"nofollow noopener\"> Weltcup<\/a>. Noch schie\u00dfen die Kajaks nur zum Training durch das kalte Wasser. Aber lange warten m\u00fcssen die Kanuten nicht mehr. Von Freitag bis Sonntag wird die Olympiastrecke von 1972 wieder einmal zur B\u00fchne der internationalen Kanuslalom-Elite. Mehr als 200 Athletinnen und Athleten aus rund 40 Nationen starten beim Weltcup 2026 in <a href=\"https:\/\/www.augsburger-allgemeine.de\/augsburg\/\" target=\"_self\" class=\"underline \" rel=\"nofollow noopener\">Augsburg<\/a>.\n  <\/p>\n<p>            Kanu-Weltcup 2026: Augsburg ist bereit<\/p>\n<p class=\"mb-6 text-xs-varying md:text-m lg:text-l font-serif group-[.font-sans]:font-sans \">\n    Bei den Organisatoren laufen die letzten Vorbereitungen. \u201eDer Druck ist schon auf dem Kessel\u201c, sagt Michael Neumann aus dem Vorstand der Kanu Schwaben Augsburg. Rund 150 Helferinnen und Helfer sind im Einsatz, dazu kommt viel Technik entlang der Strecke. Insgesamt sei man gut vorbereitet, sagt Neumann. Eine gewisse Anspannung bleibe kurz vor dem Start aber immer.\n  <\/p>\n<p>      <a href=\"https:\/\/www.augsburger-allgemeine.de\/sport\/kanuslalom-weltcup-2026-in-augsburg-deutsche-kanuten-hoffen-auf-den-heimvorteil-114408574\" class=\"hidden  &#010;                md:block md:mr-5 md:min-w-[140px]  aspect-photo md:aspect-tv lg:aspect-tv w-fullXXX relative self-start inline overflow-hidden\" rel=\"nofollow noopener\" target=\"_blank\"><\/p>\n<p>    <img decoding=\"async\" src=\"\" alt=\"Bei der Kanu-WM 2022 gab es an der Olympiastrecke am Eiskanal volle R\u00e4nge.  Auch beim Weltcup ab Freitag hoffen die Veranstalter auf viele Zuschauer.\" title=\"Bei der Kanu-WM 2022 gab es an der Olympiastrecke am Eiskanal volle R\u00e4nge.  Auch beim Weltcup ab Freitag hoffen die Veranstalter auf viele Zuschauer.\" loading=\"lazy\" class=\"h-full w-full object-cover\"\/><br \/>\n   <\/a><\/p>\n<p class=\"mb-6 text-xs-varying md:text-m lg:text-l font-serif group-[.font-sans]:font-sans \">\n    Die \u00e4u\u00dferen Bedingungen passen. Niedrige Wasserst\u00e4nde am Eiskanal hatten immer wieder <a href=\"https:\/\/www.augsburger-allgemeine.de\/augsburg\/droht-kuenftig-ebbe-in-kanaelen-in-augsburg-112869099\" target=\"_self\" class=\"underline \" rel=\"nofollow noopener\">Diskussionen<\/a> ausgel\u00f6st. Diesmal sieht Neumann keinerlei Probleme. Regen, Schneeschmelze und ein gut gef\u00fcllter Forggensee sorgen f\u00fcr ausreichend Wasser. Auch die Wetterprognosen machen Hoffnung auf ein ideales Weltcup-Wochenende.\n  <\/p>\n<p class=\"mb-6 text-xs-varying md:text-m lg:text-l font-serif group-[.font-sans]:font-sans \">\n    F\u00fcr Neumann ist der Weltcup mehr als ein sportliches Gro\u00dfereignis. Der Eiskanal soll auch zeigen, welche Bedeutung die mehr als 50 Jahre alte Anlage weiterhin hat. Mit Blick auf eine Olympia-Bewerbung M\u00fcnchens sieht er Augsburg als Visitenkarte. \u201eBei uns k\u00f6nnten die Olympischen Spiele morgen schon sein\u201c, so Neumann.\n  <\/p>\n<p>    <img decoding=\"async\" src=\"https:\/\/www.europesays.com\/de\/wp-content\/uploads\/2026\/06\/pxl20260610115843740raw-01cover.jpg\" alt=\"Ricarda Funk kennt den Augsburger Eiskanal gut. Die Olympiasiegerin z\u00e4hlt auch beim Weltcup in Augsburg zu den deutschen Favoritinnen.\" title=\"Ricarda Funk kennt den Augsburger Eiskanal gut. Die Olympiasiegerin z\u00e4hlt auch beim Weltcup in Augsburg zu den deutschen Favoritinnen.\" loading=\"lazy\" class=\"h-full w-full object-cover\"\/><\/p>\n<p>      Icon vergr\u00f6\u00dfern<\/p>\n<p>    Ricarda Funk kennt den Augsburger Eiskanal gut. Die Olympiasiegerin z\u00e4hlt auch beim Weltcup in Augsburg zu den deutschen Favoritinnen.<br \/>\n    Foto: Paul Pfaffel<\/p>\n<p>        Schlie\u00dfen <\/p>\n<p>      Icon Schlie\u00dfen<\/p>\n<p>        Icon vergr\u00f6\u00dfern<\/p>\n<p>        Icon verkleinern<\/p>\n<p>      Icon Pfeil bewegen<\/p>\n<p>    Ricarda Funk kennt den Augsburger Eiskanal gut. Die Olympiasiegerin z\u00e4hlt auch beim Weltcup in Augsburg zu den deutschen Favoritinnen.<br \/>\n    Foto: Paul Pfaffel<\/p>\n<p class=\"mb-6 text-xs-varying md:text-m lg:text-l font-serif group-[.font-sans]:font-sans \">\n    Sportlich wartet ein dichtes Programm. An diesem Freitag stehen die Kajak-Wettbewerbe (K1) auf dem Plan, am Samstag folgen die Entscheidungen im Canadier (C1). Am Sonntag endet das Wochenende mit Kajak Cross, der wohl zug\u00e4nglichsten Disziplin f\u00fcr Zuschauer. Vier Boote starten gleichzeitig, die ersten zwei kommen weiter. \u201eDas versteht jeder.\u201c\n  <\/p>\n<p>            Die deutschen Stars: Noah Hegge, Ricarda Funk und Sideris Tasiadis<\/p>\n<p class=\"mb-6 text-xs-varying md:text-m lg:text-l font-serif group-[.font-sans]:font-sans \">\n    Aus deutscher Sicht richten sich die Blicke vor allem auf Noah Hegge, Ricarda Funk und Sideris Tasiadis. Bundestrainer Thomas Apel sieht das Team vor dem Heimweltcup gut aufgestellt. Die Athletinnen und Athleten seines Teams seien mit der Strecke und den Abl\u00e4ufen vertraut. Hegge, Funk und Emily Apel h\u00e4tten zuletzt beim Weltcup in Prag \u201eSelbstvertrauen gesammelt\u201c und wollten nun in Augsburg daran ankn\u00fcpfen.\n  <\/p>\n<p>    <img decoding=\"async\" src=\"https:\/\/www.europesays.com\/de\/wp-content\/uploads\/2026\/06\/pxl20260610120116126raw-01cover.jpg\" alt=\"Noah Hegge geh\u00f6rt beim Heimweltcup in Augsburg zu den deutschen Hoffnungstr\u00e4gern. Der Kanute von Kanu Schwaben Augsburg will auf dem Eiskanal um vordere Platzierungen k\u00e4mpfen.\" title=\"Noah Hegge geh\u00f6rt beim Heimweltcup in Augsburg zu den deutschen Hoffnungstr\u00e4gern. Der Kanute von Kanu Schwaben Augsburg will auf dem Eiskanal um vordere Platzierungen k\u00e4mpfen.\" loading=\"lazy\" class=\"h-full w-full object-cover\"\/><\/p>\n<p>      Icon vergr\u00f6\u00dfern<\/p>\n<p>    Noah Hegge geh\u00f6rt beim Heimweltcup in Augsburg zu den deutschen Hoffnungstr\u00e4gern. Der Kanute von Kanu Schwaben Augsburg will auf dem Eiskanal um vordere Platzierungen k\u00e4mpfen.<br \/>\n    Foto: Paul Pfaffel<\/p>\n<p>        Schlie\u00dfen <\/p>\n<p>      Icon Schlie\u00dfen<\/p>\n<p>        Icon vergr\u00f6\u00dfern<\/p>\n<p>        Icon verkleinern<\/p>\n<p>      Icon Pfeil bewegen<\/p>\n<p>    Noah Hegge geh\u00f6rt beim Heimweltcup in Augsburg zu den deutschen Hoffnungstr\u00e4gern. Der Kanute von Kanu Schwaben Augsburg will auf dem Eiskanal um vordere Platzierungen k\u00e4mpfen.<br \/>\n    Foto: Paul Pfaffel<\/p>\n<p class=\"mb-6 text-xs-varying md:text-m lg:text-l font-serif group-[.font-sans]:font-sans \">\n    Besonders emotional k\u00f6nnte es am Samstag werden, falls Sideris Tasiadis im Canadier-Finale dabei sein wird. Der Routinier geh\u00f6rt seit Jahren zu den pr\u00e4genden Figuren und Fanlieblingen am Eiskanal. Apel traut ihm auch diesmal \u201eeiniges zu\u201c. Gerade im Canadier spiele Erfahrung eine gro\u00dfe Rolle. Wenn Tasiadis in Augsburg ins Finale komme, sei auch eine Medaille m\u00f6glich. \u201eIch w\u00fcrde ihn gerade hier in Augsburg nicht abschreiben\u201c, so der Bundestrainer.\n  <\/p>\n<p class=\"mb-6 text-xs-varying md:text-m lg:text-l font-serif group-[.font-sans]:font-sans \">\n    International sieht Apel vor allem Frankreich stark. Die franz\u00f6sischen Kanuten h\u00e4tten in den vergangenen Jahren einen \u201edeutlichen Aufschwung\u201c erlebt. Auch Slowenien k\u00f6nne auf einer Strecke wie Augsburg gef\u00e4hrlich werden. Bei den Frauen geh\u00f6rt nat\u00fcrlich erneut die <a href=\"https:\/\/www.augsburger-allgemeine.de\/sport\/erfolg-in-frankreich-weltcupsieg-fuer-ricarda-funk-im-kanuslalom-109379351\" target=\"_self\" class=\"underline \" rel=\"nofollow noopener\">Olympiasiegerin<\/a> Jessica Fox aus Australien zu den gro\u00dfen Namen.\n  <\/p>\n<p>            Weltcup: Internationale Kanu-Elite kommt nach Augsburg<\/p>\n<p class=\"mb-6 text-xs-varying md:text-m lg:text-l font-serif group-[.font-sans]:font-sans \">\n    Ricarda Funk z\u00e4hlt ebenfalls zum Kreis der deutschen Hoffnungen. F\u00fcr die ehemalige Weltmeisterin und Olympiasiegerin ist Augsburg ein ganz besonderer Ort: Sie trainiert seit Jahren auf dem Eiskanal und freut sich auf Rennen \u201evor Familie und Freunden\u201c. Nach starken Ergebnissen in Prag will sie sehen, was mit dem Heimvorteil m\u00f6glich ist. Neben Jessica Fox nennt Funk unter anderem Camille Prigent und Zuzana Pankov\u00e1 als harte Konkurrentinnen, die man \u201eauf der Rechnung haben muss\u201c. Wer an den Eiskanal kommt, bekommt drei Tage lang Weltklasse vor der Haust\u00fcr. Oder, wie Neumann sagt: \u201eDas sind Olympiasieger zum Anfassen.\u201c\n  <\/p>\n","protected":false},"excerpt":{"rendered":"Am Augsburger Eiskanal scheint alles bereit f\u00fcr den Weltcup. Noch schie\u00dfen die Kajaks nur zum Training durch das&hellip;\n","protected":false},"author":2,"featured_media":1084233,"comment_status":"","ping_status":"","sticky":false,"template":"","format":"standard","meta":{"footnotes":"","_share_on_mastodon":"0"},"categories":[1846],"tags":[680,772,3364,29,143071,548,663,3934,30,13,22746,230332,14,15,230333,106579,12,230334,230649,62497,230650],"class_list":["post-1086288","post","type-post","status-publish","format-standard","has-post-thumbnail","category-augsburg","tag-augsburg","tag-bayern","tag-de","tag-deutschland","tag-eiskanal","tag-eu","tag-europa","tag-europe","tag-germany","tag-headlines","tag-hoffnungstraeger","tag-michael-neumann","tag-nachrichten","tag-news","tag-noah-hegge","tag-ricarda-funk","tag-schlagzeilen","tag-sideris-tasiadis","tag-topverfassung","tag-weltcup","tag-weltelite"],"share_on_mastodon":{"url":"https:\/\/pubeurope.com\/@de\/116731268350755154","error":""},"_links":{"self":[{"href":"https:\/\/www.europesays.com\/de\/wp-json\/wp\/v2\/posts\/1086288","targetHints":{"allow":["GET"]}}],"collection":[{"href":"https:\/\/www.europesays.com\/de\/wp-json\/wp\/v2\/posts"}],"about":[{"href":"https:\/\/www.europesays.com\/de\/wp-json\/wp\/v2\/types\/post"}],"author":[{"embeddable":true,"href":"https:\/\/www.europesays.com\/de\/wp-json\/wp\/v2\/users\/2"}],"replies":[{"embeddable":true,"href":"https:\/\/www.europesays.com\/de\/wp-json\/wp\/v2\/comments?post=1086288"}],"version-history":[{"count":0,"href":"https:\/\/www.europesays.com\/de\/wp-json\/wp\/v2\/posts\/1086288\/revisions"}],"wp:featuredmedia":[{"embeddable":true,"href":"https:\/\/www.europesays.com\/de\/wp-json\/wp\/v2\/media\/1084233"}],"wp:attachment":[{"href":"https:\/\/www.europesays.com\/de\/wp-json\/wp\/v2\/media?parent=1086288"}],"wp:term":[{"taxonomy":"category","embeddable":true,"href":"https:\/\/www.europesays.com\/de\/wp-json\/wp\/v2\/categories?post=1086288"},{"taxonomy":"post_tag","embeddable":true,"href":"https:\/\/www.europesays.com\/de\/wp-json\/wp\/v2\/tags?post=1086288"}],"curies":[{"name":"wp","href":"https:\/\/api.w.org\/{rel}","templated":true}]}}