{"id":1086696,"date":"2026-06-11T15:26:17","date_gmt":"2026-06-11T15:26:17","guid":{"rendered":"https:\/\/www.europesays.com\/de\/1086696\/"},"modified":"2026-06-11T15:26:17","modified_gmt":"2026-06-11T15:26:17","slug":"apple-gibt-cloud-modell-fuer-kleinere-entwickler-kostenlos-frei","status":"publish","type":"post","link":"https:\/\/www.europesays.com\/de\/1086696\/","title":{"rendered":"Apple gibt Cloud-Modell f\u00fcr kleinere Entwickler kostenlos frei"},"content":{"rendered":"<p>    close notice<\/p>\n<p class=\"notice-banner__text a-u-mb-0\">\n      This article is also available in<br \/>\n        <a href=\"https:\/\/www.heise.de\/en\/news\/Apple-releases-large-cloud-model-for-free-to-smaller-developers-11329079.html\" class=\"notice-banner__link a-u-inline-link\" rel=\"nofollow noopener\" target=\"_blank\">English<\/a>.<\/p>\n<p>      It was translated with technical assistance and editorially reviewed before publication.\n    <\/p>\n<p class=\"notice-banner__link a-u-mb-0\">\n    Don\u2019t show this again.\n<\/p>\n<p>Apple ist sichtlich stolz auf seine Apple Foundation Models (AFM) der dritten Generation: Dank der Verkn\u00fcpfung bestehender eigener Technik mit Googles Gemini-Modellen sollen <a href=\"https:\/\/www.heise.de\/news\/Siri-AI-Apple-verspricht-umfassenden-KI-Neustart-fuer-Apple-Intelligence-11322101.html\" rel=\"nofollow noopener\" target=\"_blank\">Siri AI<\/a> und weitere Anwendungen der K\u00fcnstlichen Intelligenz auf iPhone, Mac oder iPad endlich auf einem aktuellen Stand sein. Auch f\u00fcr Entwickler haben die verschiedenen AFM-3-Varianten Vorteile: Apple will auch die \u2013 bei der Konkurrenz <a href=\"https:\/\/www.heise.de\/news\/Anthropic-veroeffentlicht-Claude-Mythos-5-als-Fable-5-mit-Einschraenkungen-11326637.html\" rel=\"nofollow noopener\" target=\"_blank\">zunehmend teuren<\/a> \u2013 Cloud-Modelle unter bestimmten Umst\u00e4nden kostenlos zur Verf\u00fcgung stellen. Das gilt, so Josh Shaffer, Senior Director f\u00fcr den Bereich Platform Technologies bei Apple bei der <a href=\"https:\/\/youtu.be\/yl2jsIoMfDU?t=196\" rel=\"external noopener nofollow\" target=\"_blank\">diesj\u00e4hrigen \u201ePlatforms State of the Union\u201c<\/a> des Konzerns, egal, ob es sich um die erste App eines Entwicklers handelt oder dieser schon l\u00e4nger dabei ist.<\/p>\n<p>        Weiterlesen nach der Anzeige<\/p>\n<p>Bessere KI kostet zun\u00e4chst nichts<\/p>\n<p>Wer also KI-Funktionen in seiner Anwendung ben\u00f6tigt, soll auch <a href=\"https:\/\/machinelearning.apple.com\/research\/introducing-third-generation-of-apple-foundation-models\" rel=\"external noopener nofollow\" target=\"_blank\">zu den Cloud-Modellen<\/a> greifen d\u00fcrfen, ohne daf\u00fcr zu zahlen. Die Voraussetzung ist, dass eine App weniger als zwei Millionen Erst-Downloads im App Store hat. Damit ist die kostenlose Verwendung deutlich leichter zu erreichen als etwa <a href=\"https:\/\/www.heise.de\/news\/App-Store-Reduzierte-Provision-kostet-Apple-angeblich-wenig-5990997.html\" rel=\"nofollow noopener\" target=\"_blank\">Apples Small-Business-Entwicklerprogramm<\/a>, bei dem im App Store eine geringere Provision zu zahlen ist, wenn der Umsatz im Jahr bei unter einer Million US-Dollar liegt.<\/p>\n<p>API-Kosten, so Shaffer, fallen bei AFM in der Cloud nicht an. Die Modelle laufen mit Apples Datenschutzsystem <a href=\"https:\/\/www.heise.de\/news\/Siri-koennte-in-die-Google-Cloud-zu-Apples-Bedingungen-11196314.html\" rel=\"nofollow noopener\" target=\"_blank\">Private Cloud Compute<\/a> (PCC), bei dem weder Apple noch Dritte auf Inhalte schauen k\u00f6nnen. Das System lief bislang nur auf Apples eigenen KI-Servern, wird nun aber auch in die Google Cloud verlagert, wo Nvidia-Chips zum Einsatz kommen. Apple hat noch keine weiteren Angaben dazu gemacht, wie viel Entwickler zu zahlen haben, die \u00fcber 2 Millionen Downloads liegen.<\/p>\n<p>Schon vorher war Apple spendabel<\/p>\n<p>Apple hatte Apple Intelligence schon zuvor <a class=\"heiseplus-lnk\" href=\"https:\/\/www.heise.de\/hintergrund\/Booster-fuer-Xcode-und-Swift-Das-war-auf-der-WWDC-2025-neu-fuer-Developer-10477761.html\" rel=\"nofollow noopener\" target=\"_blank\">\u00fcber APIs Entwicklern zug\u00e4nglich<\/a> gemacht. Auch hier ging es darum, die Technik popul\u00e4rer zu machen. Da Apples Modelle technisch hinter OpenAI &amp; Co. lagen, griffen Developer jedoch bei anspruchsvolleren Aufgaben zu deren Angeboten. Das will der Konzern nun augenscheinlich \u00e4ndern.<\/p>\n<p>Apple bietet insgesamt f\u00fcnf neue Modelle. AFM 3 Core und AFM 3 Core Advanced laufen lokal auf den Ger\u00e4ten \u2013 mit drei Milliarden Parametern beziehungsweise 20 Milliarden (als \u201eSparse&#8220;-Architektur, die weniger Speicher braucht). In der Cloud laufen AFM 3 Cloud (Standardmodell, \u201eArbeitspferd\u201c), ADM 3 Cloud (Image) (f\u00fcr Bildgenerierung und Bildeditierung) und AFM 3 Cloud Pro. Letzteres soll sich f\u00fcr \u201ekomplexes Reasoning\u201c sowie erstmals auch Agentic-Tool-Use eignen. Entwickler k\u00f6nnen die Modelle bereits im Rahmen <a href=\"https:\/\/www.heise.de\/news\/iOS-27-macOS-27-und-Co-Entwickler-duerfen-Betas-installieren-11322615.html\" rel=\"nofollow noopener\" target=\"_blank\">der aktuellen Developer-Betaphase von iOS 27, macOS 27 &amp; Co.<\/a> ausprobieren.<\/p>\n<p>        Weiterlesen nach der Anzeige<\/p>\n<p>    Update<\/p>\n<p>    11.06.2026,<\/p>\n<p>  16:52<\/p>\n<p>      Uhr<\/p>\n<p>Apple nennt in der Platforms State of the Union nicht explizit, welche Cloud-Modelle kostenlos nutzbar sind. Es w\u00e4re damit zumindest denkbar, dass AFM 3 Cloud Pro nicht Teil des Angebots ist \u2013 best\u00e4tigt ist das noch nicht.<\/p>\n<p>Shaffer bezeichnet die Verwendung der Apple Foundation Models (Mehrzahl) in Private Cloud Compute als von API-Kosten befreit, doch hat Apple ja drei Cloud-Modelle: AFM 3 Cloud, ADM 3 Cloud (Image) und eben AFM 3 Cloud Pro.<\/p>\n<p>(<a class=\"redakteurskuerzel__link\" href=\"https:\/\/www.heise.de\/news\/mailto:bsc@heise.de\" title=\"Ben Schwan\" rel=\"nofollow noopener\" target=\"_blank\">bsc<\/a>)<\/p>\n<p>\n      Dieser Link ist leider nicht mehr g\u00fcltig.\n    <\/p>\n<p>Links zu verschenkten Artikeln werden ung\u00fcltig,<br \/>\n      wenn diese \u00e4lter als 7\u00a0Tage sind oder zu oft aufgerufen wurden.\n    <\/p>\n<p><strong>Sie ben\u00f6tigen ein heise+ Paket, um diesen Artikel zu lesen. Jetzt eine Woche unverbindlich testen \u2013 ohne Verpflichtung!<\/strong><\/p>\n","protected":false},"excerpt":{"rendered":"close notice This article is also available in English. It was translated with technical assistance and editorially reviewed&hellip;\n","protected":false},"author":2,"featured_media":1086697,"comment_status":"","ping_status":"","sticky":false,"template":"","format":"standard","meta":{"footnotes":"","_share_on_mastodon":"0"},"categories":[135],"tags":[230742,230743,4561,29,21728,30,1274,196,1256,1277,1273,190,189,194,191,193,192],"class_list":["post-1086696","post","type-post","status-publish","format-standard","has-post-thumbnail","category-wissenschaft-technik","tag-afm","tag-apple-foundation-model","tag-apps","tag-deutschland","tag-entwickler","tag-germany","tag-ios","tag-it","tag-kuenstliche-intelligenz","tag-macos","tag-mobiles","tag-science","tag-science-technology","tag-technik","tag-technology","tag-wissenschaft","tag-wissenschaft-technik"],"share_on_mastodon":{"url":"https:\/\/pubeurope.com\/@de\/116732178465784301","error":""},"_links":{"self":[{"href":"https:\/\/www.europesays.com\/de\/wp-json\/wp\/v2\/posts\/1086696","targetHints":{"allow":["GET"]}}],"collection":[{"href":"https:\/\/www.europesays.com\/de\/wp-json\/wp\/v2\/posts"}],"about":[{"href":"https:\/\/www.europesays.com\/de\/wp-json\/wp\/v2\/types\/post"}],"author":[{"embeddable":true,"href":"https:\/\/www.europesays.com\/de\/wp-json\/wp\/v2\/users\/2"}],"replies":[{"embeddable":true,"href":"https:\/\/www.europesays.com\/de\/wp-json\/wp\/v2\/comments?post=1086696"}],"version-history":[{"count":0,"href":"https:\/\/www.europesays.com\/de\/wp-json\/wp\/v2\/posts\/1086696\/revisions"}],"wp:featuredmedia":[{"embeddable":true,"href":"https:\/\/www.europesays.com\/de\/wp-json\/wp\/v2\/media\/1086697"}],"wp:attachment":[{"href":"https:\/\/www.europesays.com\/de\/wp-json\/wp\/v2\/media?parent=1086696"}],"wp:term":[{"taxonomy":"category","embeddable":true,"href":"https:\/\/www.europesays.com\/de\/wp-json\/wp\/v2\/categories?post=1086696"},{"taxonomy":"post_tag","embeddable":true,"href":"https:\/\/www.europesays.com\/de\/wp-json\/wp\/v2\/tags?post=1086696"}],"curies":[{"name":"wp","href":"https:\/\/api.w.org\/{rel}","templated":true}]}}