{"id":1086714,"date":"2026-06-11T15:37:16","date_gmt":"2026-06-11T15:37:16","guid":{"rendered":"https:\/\/www.europesays.com\/de\/1086714\/"},"modified":"2026-06-11T15:37:16","modified_gmt":"2026-06-11T15:37:16","slug":"christian-kuesters-und-christoph-hopp-im-vorstand-des-staedtetags","status":"publish","type":"post","link":"https:\/\/www.europesays.com\/de\/1086714\/","title":{"rendered":"Christian K\u00fcsters und Christoph Hopp im Vorstand des St\u00e4dtetags"},"content":{"rendered":"<p class=\"text_ohne_einzug richtext text-em-55 !leading-serif mx-6 desktop:mx-0\"> (sis) F\u00fcr die St\u00e4dte im Kreis <a href=\"https:\/\/rp-online.de\/thema\/viersen\/\" rel=\"nofollow noopener\" target=\"_blank\">Viersen<\/a> gibt es k\u00fcnftig noch mehr Gewicht im Vorstand des NRW-St\u00e4dtetags: der Nettetaler B\u00fcrgermeister Christian K\u00fcsters wurde bei der Mitgliederversammlung des kommunalen Spitzenverbandes in <a href=\"https:\/\/rp-online.de\/thema\/oberhausen\/\" rel=\"nofollow noopener\" target=\"_blank\">Oberhausen<\/a> als zweiter stellvertretender Vorsitzender wiedergew\u00e4hlt. Neu im Vorstand ist Viersens B\u00fcrgermeister Christoph Hopp. Zum neuen Vorsitzenden des St\u00e4dtetags w\u00e4hlten die Delegierten den Oberb\u00fcrgermeister von Essen, <a href=\"https:\/\/rp-online.de\/thema\/thomas-kufen\/\" rel=\"nofollow noopener\" target=\"_blank\">Thomas Kufen<\/a>. Erster stellvertretender Vorsitzender wurde der Hammer Oberb\u00fcrgermeister Marc Herter.<\/p>\n","protected":false},"excerpt":{"rendered":"(sis) F\u00fcr die St\u00e4dte im Kreis Viersen gibt es k\u00fcnftig noch mehr Gewicht im Vorstand des NRW-St\u00e4dtetags: der&hellip;\n","protected":false},"author":2,"featured_media":1086715,"comment_status":"","ping_status":"","sticky":false,"template":"","format":"standard","meta":{"footnotes":"","_share_on_mastodon":"0"},"categories":[1849],"tags":[8389,3364,29,548,663,3934,30,13,137061,40865,106396,126476,230744,4455,14,29261,15,1209,3748,3728,12,9182,48059,9593,18183,1031],"class_list":["post-1086714","post","type-post","status-publish","format-standard","has-post-thumbnail","category-moenchengladbach","tag-buergermeister","tag-de","tag-deutschland","tag-eu","tag-europa","tag-europe","tag-germany","tag-headlines","tag-hopp","tag-kommunale","tag-kommunaler","tag-kuesters","tag-mitgliedsstaedten","tag-moenchengladbach","tag-nachrichten","tag-nettetal","tag-news","tag-nordrhein-westfalen","tag-oberbuergermeister","tag-oberhausen","tag-schlagzeilen","tag-staedte","tag-staedtetag","tag-stand","tag-viersen","tag-vorstand"],"share_on_mastodon":{"url":"https:\/\/pubeurope.com\/@de\/116732221840330544","error":""},"_links":{"self":[{"href":"https:\/\/www.europesays.com\/de\/wp-json\/wp\/v2\/posts\/1086714","targetHints":{"allow":["GET"]}}],"collection":[{"href":"https:\/\/www.europesays.com\/de\/wp-json\/wp\/v2\/posts"}],"about":[{"href":"https:\/\/www.europesays.com\/de\/wp-json\/wp\/v2\/types\/post"}],"author":[{"embeddable":true,"href":"https:\/\/www.europesays.com\/de\/wp-json\/wp\/v2\/users\/2"}],"replies":[{"embeddable":true,"href":"https:\/\/www.europesays.com\/de\/wp-json\/wp\/v2\/comments?post=1086714"}],"version-history":[{"count":0,"href":"https:\/\/www.europesays.com\/de\/wp-json\/wp\/v2\/posts\/1086714\/revisions"}],"wp:featuredmedia":[{"embeddable":true,"href":"https:\/\/www.europesays.com\/de\/wp-json\/wp\/v2\/media\/1086715"}],"wp:attachment":[{"href":"https:\/\/www.europesays.com\/de\/wp-json\/wp\/v2\/media?parent=1086714"}],"wp:term":[{"taxonomy":"category","embeddable":true,"href":"https:\/\/www.europesays.com\/de\/wp-json\/wp\/v2\/categories?post=1086714"},{"taxonomy":"post_tag","embeddable":true,"href":"https:\/\/www.europesays.com\/de\/wp-json\/wp\/v2\/tags?post=1086714"}],"curies":[{"name":"wp","href":"https:\/\/api.w.org\/{rel}","templated":true}]}}