{"id":1086791,"date":"2026-06-11T16:19:19","date_gmt":"2026-06-11T16:19:19","guid":{"rendered":"https:\/\/www.europesays.com\/de\/1086791\/"},"modified":"2026-06-11T16:19:19","modified_gmt":"2026-06-11T16:19:19","slug":"das-darf-doch-nicht-wahr-sein-schock-um-meisterheld-von-lok-leipzig-sport","status":"publish","type":"post","link":"https:\/\/www.europesays.com\/de\/1086791\/","title":{"rendered":"Das darf doch nicht wahr sein: Schock um Meisterheld von Lok Leipzig | Sport"},"content":{"rendered":"<p><a class=\"skip-content skip-content--link\" href=\"#in-content-skip-link-target-v-0-0\">TTS-Player \u00fcberspringen\u21b5<\/a><a id=\"in-content-skip-link-target-v-0-0\" class=\"skip-content--target-link-hidden skip-content skip-content--target-link\" href=\"#in-content-skip-link-target-v-0-0\">Artikel weiterlesen<\/a><\/p>\n<p data-21134c99=\"0-1687\"><b>Der verpasste Aufstieg in die 3. Liga ist f\u00fcr <\/b><a href=\"https:\/\/www.bild.de\/sport\/fussball\/lok-leipzig\/home-80643548.bild.html\" class=\"text-link\" rel=\"nofollow noopener\" target=\"_blank\"><b>Lok Leipzig<\/b><\/a><b> schon bitter. Noch schlimmer jedoch, was Malik McLemore vom zweiten Relegationsspiel bei den W\u00fcrzburger Kickers (1:2) in Erinnerung bleiben wird.<\/b><\/p>\n<p data-21134c99=\"0-1687\">Der St\u00fcrmer, der zur zweiten Halbzeit eingewechselt wurde, beendete zwar das Spiel, zog sich aber w\u00e4hrenddessen einen erneuten Riss des Kreuzbandes und einen Knorpelschaden im rechten Knie zu. Das Band ging bei ihm bereits am 6. April 2025 im Derby bei Chemie Leipzig erstmals kaputt. Ein Jahr k\u00e4mpfte er um sein Comeback und stand dann kurz vor Saisonende bei Lok Leipzig wieder auf dem Platz. Jetzt das erneute Aus! Was f\u00fcr ein unfassbares Pech f\u00fcr ihn!<\/p>\n<p>Vertrag bei Lok Leipzig wird trotzdem verl\u00e4ngert<\/p>\n<p data-21134c99=\"0-1687\">Sein Vertrag l\u00e4uft zum 30. Juni aus. \u00dcber eine Verl\u00e4ngerung war man sich allerdings bereits einig. Und Lok Leipzig l\u00e4sst ihn jetzt auch nicht fallen. Sport-Gesch\u00e4ftsf\u00fchrer Toni Wachsmuth: \u201eDie Diagnose war f\u00fcr uns alle ein Schock. F\u00fcr Malik tut es mir besonders leid, weil er sich gerade erst zur\u00fcckgek\u00e4mpft hatte! Wir werden ihn bei der Behandlung und bei der Reha bestm\u00f6glich unterst\u00fctzen.\u201c Und dann die Worte, die McLemore den R\u00fccken freihalten werden:  \u201eGleichzeitig stehen wir zu unserem Wort und werden seinen Vertrag verl\u00e4ngern.\u201c Klar ist allerdings trotzdem, dass nach den zehn Abg\u00e4ngen nun ein weiterer Ersatz notwendig wird.<\/p>\n<p data-21134c99=\"0-1687\">Am 24. Juni ist Trainingsstart beim FC Lok. Schon zwei Tage sp\u00e4ter steht der erste Test in Droy\u00dfig an. Weitere Testspiele: VfB Zwenkau (27.6., ausw\u00e4rts), SK Kladno (4. Juli, in Naunhof), Hertha BSC (11. Juli, Plache-Stadion). Zudem f\u00e4hrt die Mannschaft vom 13. bis 18. Juli ins Trainingslager nach Wesendorf (Niedersachsen). <\/p>\n","protected":false},"excerpt":{"rendered":"TTS-Player \u00fcberspringen\u21b5Artikel weiterlesen Der verpasste Aufstieg in die 3. Liga ist f\u00fcr Lok Leipzig schon bitter. Noch schlimmer&hellip;\n","protected":false},"author":2,"featured_media":1086792,"comment_status":"","ping_status":"","sticky":false,"template":"","format":"standard","meta":{"footnotes":"","_share_on_mastodon":"0"},"categories":[1832],"tags":[3364,29,30,71,3457,3459,3458,859,4580,3460,4581],"class_list":["post-1086791","post","type-post","status-publish","format-standard","has-post-thumbnail","category-leipzig","tag-de","tag-deutschland","tag-germany","tag-leipzig","tag-lok-leipzig","tag-regionalliga","tag-regionalliga-nordost","tag-sachsen","tag-schmidt-andre","tag-sport-leuchtturm-leipzig","tag-sport-tag-im-ticker"],"share_on_mastodon":{"url":"https:\/\/pubeurope.com\/@de\/116732386941447340","error":""},"_links":{"self":[{"href":"https:\/\/www.europesays.com\/de\/wp-json\/wp\/v2\/posts\/1086791","targetHints":{"allow":["GET"]}}],"collection":[{"href":"https:\/\/www.europesays.com\/de\/wp-json\/wp\/v2\/posts"}],"about":[{"href":"https:\/\/www.europesays.com\/de\/wp-json\/wp\/v2\/types\/post"}],"author":[{"embeddable":true,"href":"https:\/\/www.europesays.com\/de\/wp-json\/wp\/v2\/users\/2"}],"replies":[{"embeddable":true,"href":"https:\/\/www.europesays.com\/de\/wp-json\/wp\/v2\/comments?post=1086791"}],"version-history":[{"count":0,"href":"https:\/\/www.europesays.com\/de\/wp-json\/wp\/v2\/posts\/1086791\/revisions"}],"wp:featuredmedia":[{"embeddable":true,"href":"https:\/\/www.europesays.com\/de\/wp-json\/wp\/v2\/media\/1086792"}],"wp:attachment":[{"href":"https:\/\/www.europesays.com\/de\/wp-json\/wp\/v2\/media?parent=1086791"}],"wp:term":[{"taxonomy":"category","embeddable":true,"href":"https:\/\/www.europesays.com\/de\/wp-json\/wp\/v2\/categories?post=1086791"},{"taxonomy":"post_tag","embeddable":true,"href":"https:\/\/www.europesays.com\/de\/wp-json\/wp\/v2\/tags?post=1086791"}],"curies":[{"name":"wp","href":"https:\/\/api.w.org\/{rel}","templated":true}]}}