{"id":1086927,"date":"2026-06-11T17:33:25","date_gmt":"2026-06-11T17:33:25","guid":{"rendered":"https:\/\/www.europesays.com\/de\/1086927\/"},"modified":"2026-06-11T17:33:25","modified_gmt":"2026-06-11T17:33:25","slug":"2-liga-geruechte-check-dynamo-dresden-fast-einig-mit-koenigstransfer-sport","status":"publish","type":"post","link":"https:\/\/www.europesays.com\/de\/1086927\/","title":{"rendered":"2. Liga: Ger\u00fcchte-Check! Dynamo Dresden fast einig mit K\u00f6nigstransfer | Sport"},"content":{"rendered":"<p><a class=\"skip-content skip-content--link\" href=\"#in-content-skip-link-target-v-0-0\">TTS-Player \u00fcberspringen\u21b5<\/a><a id=\"in-content-skip-link-target-v-0-0\" class=\"skip-content--target-link-hidden skip-content skip-content--target-link\" href=\"#in-content-skip-link-target-v-0-0\">Artikel weiterlesen<\/a><\/p>\n<p data-21134c99=\"0-3067\"><b>Das Transfer-Karussell dreht sich immer schneller. Darum nehmen die Ger\u00fcchte auch rund um Dynamo Dresden st\u00e4ndig zu. BILD checkt die Lage beim Ostklub und sagt, was wirklich Phase ist. Dabei steht nach BILD-Informationen ein dritter Neuzugang bereits so gut wie fest.<\/b><\/p>\n<p data-21134c99=\"0-3067\"><b>Nicolai Rapp (29, Karlsruher SC):<\/b> Der Mittelfeld-Abr\u00e4umer soll der K\u00f6nigstransfer des Sommers f\u00fcr Dynamo werden. Wie BILD erfuhr, sind sich der KSC und Dresden bei der Abl\u00f6sesumme mittlerweile n\u00e4her gekommen. Noch vor zehn Tagen sah das anders aus. Der Kaufpreis soll am Ende im unteren sechsstelligen Bereich liegen. Die Einigung steht bevor, auch wenn der Vollzug wohl erst kurz vor Trainingsstart verk\u00fcndet wird.<\/p>\n<p><img decoding=\"async\" width=\"992\" height=\"661\" alt=\"Nicolai Rapp soll bei Dynamo Dresden die Richtung demn\u00e4chst mit vorgeben\" src=\"https:\/\/www.europesays.com\/de\/wp-content\/uploads\/2026\/06\/e008ee93c4bf71f0b8ce31251f68a76f,b2db69f.jpeg\"   class=\"dynamic\" loading=\"lazy\"\/><\/p>\n<p class=\"fig__caption__text\">Nicolai Rapp soll bei Dynamo Dresden die Richtung demn\u00e4chst mit vorgeben<\/p>\n<p>Foto: picture alliance\/GES\/Markus Gilliar<\/p>\n<p data-21134c99=\"0-3067\">Rapp soll <a href=\"https:\/\/www.bild.de\/sport\/fussball\/hsv-transfer-von-kofi-amoako-von-dynamo-dresden-perfekt-6a104ec8ab04a3614e22014f\" class=\"text-link\" rel=\"nofollow noopener\" target=\"_blank\">Kofi Amoako (21)<\/a> ersetzen, dazu eine F\u00fchrungsfigur im neuen Team werden. Der Routinier kann auf 211 Zweitliga-Spiele f\u00fcr sieben Vereine (darunter Werder Bremen, Darmstadt 98, Aue, Union Berlin) zur\u00fcckschauen. Seine Erfahrung soll helfen, die SGD in der 2. Liga zu etablieren. Wechselwahrscheinlichkeit: 90 Prozent.<\/p>\n<p data-21134c99=\"0-3067\"><b>Thomas Keller (26, Heidenheim): <\/b>Seit Wochen ist bekannt, dass der bisherige Leihprofi ein Wunscheinkauf der SGD ist. Nach BILD-Infos liegen beide Klubs bei einer m\u00f6glichen Kaufsumme noch ein gutes St\u00fcck auseinander. Trotzdem ist der Verein nach wie vor zuversichtlich. Wechselwahrscheinlichkeit: 40 Prozent.<\/p>\n<p>An Breithaupt ist nichts dran<\/p>\n<p data-21134c99=\"0-3067\"><b>Tim Breithaupt (24, FC Augsburg):<\/b> Der defensive Mittelfeldmann war bislang an D\u00fcsseldorf verliehen, Dynamo f\u00fchlte einmal vor. Mehr war nie dran. Oder anders gesagt: Das ist eine Luftnummer. Wechselwahrscheinlichkeit: 0 Prozent.<\/p>\n<p><img decoding=\"async\" width=\"992\" height=\"558\" alt=\"Dynamo ist nach wie vor optimistisch, was die Einigung mit Freiburg im Fall Robert Wagner (l.) betrifft\" src=\"https:\/\/www.europesays.com\/de\/wp-content\/uploads\/2026\/06\/a90200972aec3fa24a983033f024c7bb,c9ba6f41.jpeg\"   class=\"landscape\" loading=\"lazy\"\/><\/p>\n<p class=\"fig__caption__text\">Dynamo ist nach wie vor optimistisch, was die Einigung mit Freiburg im Fall Robert Wagner (l.) betrifft<\/p>\n<p>Foto: picture alliance\/Fotostand<\/p>\n<p data-21134c99=\"0-3067\"><b>Robert Wagner (22, SC Freiburg): <\/b><a href=\"https:\/\/www.bild.de\/sport\/fussball\/fussball-dynamo-dresden-gibt-angebot-fuer-bundesliga-profi-ab-6a1573093b7096456ac82de2\" class=\"text-link\" rel=\"nofollow noopener\" target=\"_blank\">Dynamo ergreift beim bisher geliehenen Mittelfeld-Antreiber die Offensive<\/a>, Gonther k\u00e4mpft um seine feste Verpflichtung. Mit Rapp und Niklas Hauptmann soll Wagner das Zentrum bei der SGD bilden. Die Gespr\u00e4che laufen, Dresden kann mit einem klaren Plan \u00fcberzeugen. Aber gibt&#8217;s eine finanzielle L\u00f6sung? Wechselwahrscheinlichkeit: 50 Prozent.<\/p>\n<p data-21134c99=\"0-3067\"><b>Ben Bobzien (23, FSV Mainz 05): <\/b>Auch hier hat der Dynamo-Sportchef schnell den Hut in den Ring geworfen. Doch die vier Tore und f\u00fcnf Vorlagen in 15 Zweitliga-Partien sind sicher auch der Konkurrenz nicht verborgen geblieben. In Mainz d\u00fcrfte Bobzien keine Zukunft mehr haben. Dresden drohen auch hier z\u00e4he Verhandlungen. Wechselwahrscheinlichkeit: 40 Prozent.<\/p>\n<p>Lemmer-Chancen sinken, Holland-Dribbler ist Randthema<\/p>\n<p data-21134c99=\"0-3067\"><b>Remco Balk (25, SC Cambuur):<\/b> Der niederl\u00e4ndische Rechtsau\u00dfen ist bei einem Marktwert von 650.000 Euro abl\u00f6sefrei und kam in der zweiten holl\u00e4ndischen Liga auf sieben Tore und f\u00fcnf Vorlagen in 37 Spielen. Tats\u00e4chlich soll er bei Dresden im weiteren Blickfeld sein, aber eher als Back-up und bisher wenig konkret in der Abwicklung. Wechselwahrscheinlichkeit: 20 Prozent.<\/p>\n<p>Mehr zum Thema<\/p>\n<p data-21134c99=\"0-3067\"><b>Jakob Lemmer (26, Vertrag l\u00e4uft aus):<\/b> <a href=\"https:\/\/www.bild.de\/sport\/fussball\/dynamo-dresden-interessant-daran-hakt-eine-lemmer-verlaengerung-69ca53e5d1c4a8540bcb7b64\" class=\"text-link\" rel=\"nofollow noopener\" target=\"_blank\">Der Au\u00dfenflitzer hatte lange ein Angebot der SGD vorliegen und nicht unterschrieben.<\/a> Nach BILD-Informationen sind die Gespr\u00e4che erstmal auf Eis gelegt. Dynamo setzt gerade andere Priorit\u00e4ten. Die Lemmer-Chancen sinken. Wahrscheinlichkeit: 15 Prozent.<\/p>\n","protected":false},"excerpt":{"rendered":"TTS-Player \u00fcberspringen\u21b5Artikel weiterlesen Das Transfer-Karussell dreht sich immer schneller. Darum nehmen die Ger\u00fcchte auch rund um Dynamo Dresden&hellip;\n","protected":false},"author":2,"featured_media":1086928,"comment_status":"","ping_status":"","sticky":false,"template":"","format":"standard","meta":{"footnotes":"","_share_on_mastodon":"0"},"categories":[1835],"tags":[172274,3364,29,2386,3766,30,3850,230775,859,803,3460,10780,13225,162394,784],"class_list":["post-1086927","post","type-post","status-publish","format-standard","has-post-thumbnail","category-dresden","tag-bobzien-ben","tag-de","tag-deutschland","tag-dresden","tag-dynamo-dresden","tag-germany","tag-karlsruher-sc","tag-rapp-nicolai","tag-sachsen","tag-spielertransfer","tag-sport-leuchtturm-leipzig","tag-transfercoup","tag-transferperiode","tag-wagner-robert","tag-zweite-bundesliga"],"share_on_mastodon":{"url":"https:\/\/pubeurope.com\/@de\/116732678092286897","error":""},"_links":{"self":[{"href":"https:\/\/www.europesays.com\/de\/wp-json\/wp\/v2\/posts\/1086927","targetHints":{"allow":["GET"]}}],"collection":[{"href":"https:\/\/www.europesays.com\/de\/wp-json\/wp\/v2\/posts"}],"about":[{"href":"https:\/\/www.europesays.com\/de\/wp-json\/wp\/v2\/types\/post"}],"author":[{"embeddable":true,"href":"https:\/\/www.europesays.com\/de\/wp-json\/wp\/v2\/users\/2"}],"replies":[{"embeddable":true,"href":"https:\/\/www.europesays.com\/de\/wp-json\/wp\/v2\/comments?post=1086927"}],"version-history":[{"count":0,"href":"https:\/\/www.europesays.com\/de\/wp-json\/wp\/v2\/posts\/1086927\/revisions"}],"wp:featuredmedia":[{"embeddable":true,"href":"https:\/\/www.europesays.com\/de\/wp-json\/wp\/v2\/media\/1086928"}],"wp:attachment":[{"href":"https:\/\/www.europesays.com\/de\/wp-json\/wp\/v2\/media?parent=1086927"}],"wp:term":[{"taxonomy":"category","embeddable":true,"href":"https:\/\/www.europesays.com\/de\/wp-json\/wp\/v2\/categories?post=1086927"},{"taxonomy":"post_tag","embeddable":true,"href":"https:\/\/www.europesays.com\/de\/wp-json\/wp\/v2\/tags?post=1086927"}],"curies":[{"name":"wp","href":"https:\/\/api.w.org\/{rel}","templated":true}]}}