{"id":1087019,"date":"2026-06-11T18:24:14","date_gmt":"2026-06-11T18:24:14","guid":{"rendered":"https:\/\/www.europesays.com\/de\/1087019\/"},"modified":"2026-06-11T18:24:14","modified_gmt":"2026-06-11T18:24:14","slug":"vfr-mannheim-steigt-auf-drei-ex-wormaten-in-feierlaune","status":"publish","type":"post","link":"https:\/\/www.europesays.com\/de\/1087019\/","title":{"rendered":"VfR Mannheim steigt auf: Drei Ex-Wormaten in Feierlaune"},"content":{"rendered":"\n<p class=\"paragraph --regular --color\" data-v-ad2bcb75=\"\" data-v-5c4b7507=\"\">Rund drei Jahre sp\u00e4ter schlie\u00dft sich f\u00fcr Marx in Pirmasens also der Kreis. Gerne w\u00e4re er im Sommer 2024 bei der Wormatia geblieben, doch die damaligen Wormser Verantwortlichen um den Sportlichen Leiter Aydin Ay senkten den Daumen. Der zentrale Mittelfeldspieler wechselte entt\u00e4uscht nach Mannheim, wurde auch dort ein Leader und absolvierte auch in dieser Saison 35 Spiele (2 Tore) f\u00fcr den VfR als Stammspieler. Auch Linksfu\u00df Umut Sent\u00fcrk war bei den Mannheimern gesetzt (29\/2), Luca Pedretti eine wertvolle Nummer zwei (4 Spiele).<\/p>\n<p> FKP bleibt Oberligist  <\/p>\n<p class=\"paragraph --regular --color\" data-v-ad2bcb75=\"\" data-v-5c4b7507=\"\">Am Donnerstagvormittag hob der Mannheimer Party-Tross bereits ab in Richtung Mallorca. Nach der R\u00fcckkehr stehen Marx und Co. die Vorbereitungen f\u00fcr Liga vier bevor. Der FK Pirmasens bleibt in der Oberliga &#8211; und damit auch in der kommenden Spielzeit einer der Ligakontrahenten von VfR Wormatia Worms und dem TSV Gau-Odernheim.<\/p>\n","protected":false},"excerpt":{"rendered":"Rund drei Jahre sp\u00e4ter schlie\u00dft sich f\u00fcr Marx in Pirmasens also der Kreis. Gerne w\u00e4re er im Sommer&hellip;\n","protected":false},"author":2,"featured_media":1087020,"comment_status":"","ping_status":"","sticky":false,"template":"","format":"standard","meta":{"footnotes":"","_share_on_mastodon":"0"},"categories":[1845],"tags":[1634,3364,29,548,663,3934,70225,30,13,230797,230798,2096,14,15,230794,230793,12,230796,21037,230795],"class_list":["post-1087019","post","type-post","status-publish","format-standard","has-post-thumbnail","category-mannheim","tag-baden-wuerttemberg","tag-de","tag-deutschland","tag-eu","tag-europa","tag-europe","tag-fk-pirmasens","tag-germany","tag-headlines","tag-jannik-marx","tag-luca-pedretti","tag-mannheim","tag-nachrichten","tag-news","tag-oberliga-rheinland-pfalz-saar","tag-relegation-zur-regionalliga-suedwest","tag-schlagzeilen","tag-umut-sentuerk","tag-vfr-mannheim","tag-vfr-wormatia-worms"],"share_on_mastodon":{"url":"https:\/\/pubeurope.com\/@de\/116732878342602921","error":""},"_links":{"self":[{"href":"https:\/\/www.europesays.com\/de\/wp-json\/wp\/v2\/posts\/1087019","targetHints":{"allow":["GET"]}}],"collection":[{"href":"https:\/\/www.europesays.com\/de\/wp-json\/wp\/v2\/posts"}],"about":[{"href":"https:\/\/www.europesays.com\/de\/wp-json\/wp\/v2\/types\/post"}],"author":[{"embeddable":true,"href":"https:\/\/www.europesays.com\/de\/wp-json\/wp\/v2\/users\/2"}],"replies":[{"embeddable":true,"href":"https:\/\/www.europesays.com\/de\/wp-json\/wp\/v2\/comments?post=1087019"}],"version-history":[{"count":0,"href":"https:\/\/www.europesays.com\/de\/wp-json\/wp\/v2\/posts\/1087019\/revisions"}],"wp:featuredmedia":[{"embeddable":true,"href":"https:\/\/www.europesays.com\/de\/wp-json\/wp\/v2\/media\/1087020"}],"wp:attachment":[{"href":"https:\/\/www.europesays.com\/de\/wp-json\/wp\/v2\/media?parent=1087019"}],"wp:term":[{"taxonomy":"category","embeddable":true,"href":"https:\/\/www.europesays.com\/de\/wp-json\/wp\/v2\/categories?post=1087019"},{"taxonomy":"post_tag","embeddable":true,"href":"https:\/\/www.europesays.com\/de\/wp-json\/wp\/v2\/tags?post=1087019"}],"curies":[{"name":"wp","href":"https:\/\/api.w.org\/{rel}","templated":true}]}}