{"id":1087086,"date":"2026-06-11T19:00:15","date_gmt":"2026-06-11T19:00:15","guid":{"rendered":"https:\/\/www.europesays.com\/de\/1087086\/"},"modified":"2026-06-11T19:00:15","modified_gmt":"2026-06-11T19:00:15","slug":"borussia-dortmund-verleiht-couto-an-como-spielte-seit-maerz-nur-41-minuten","status":"publish","type":"post","link":"https:\/\/www.europesays.com\/de\/1087086\/","title":{"rendered":"Borussia Dortmund verleiht Couto an Como \u2013 Spielte seit M\u00e4rz nur 41 Minuten"},"content":{"rendered":"<p>Italiener \u00fcbernehmen volles Gehalt\u00a0<\/p>\n<p>                                    <img decoding=\"async\" src=\"https:\/\/www.europesays.com\/de\/wp-content\/uploads\/2026\/06\/yan-couto-borussia-dortmund-2024-25-1724073032-145547.jpg\" title=\"Borussia Dortmund verleiht Couto an Como \u2013 Spielte seit M\u00e4rz nur 41 Minuten\" alt=\"Borussia Dortmund verleiht Couto an Como \u2013 Spielte seit M\u00e4rz nur 41 Minuten\"\/><\/p>\n<p>\n                                       \u00a9IMAGO\n                                    <\/p>\n<p><a title=\"Yan Couto\" href=\"https:\/\/www.transfermarkt.de\/yan-couto\/profil\/spieler\/627228\" rel=\"nofollow noopener\" target=\"_blank\">Yan Couto<\/a> wird in der kommenden Saison offenbar f\u00fcr den italienischen Klub <a title=\"Como 1907\" href=\"https:\/\/www.transfermarkt.de\/como-1907\/startseite\/verein\/1047\" rel=\"nofollow noopener\" target=\"_blank\">Como 1907<\/a> auflaufen. Wie der Transferreporter Fabrizio Romano berichtet, zieht es den 24 Jahre alten Brasilianer von <a title=\"Borussia Dortmund\" href=\"https:\/\/www.transfermarkt.de\/borussia-dortmund\/startseite\/verein\/16\" target=\"_blank\" rel=\"nofollow noopener\">Borussia Dortmund<\/a> auf Leihbasis in den Norden Italiens. Demnach \u00fcbernimmt Como das komplette Jahresgehalt Couto, das laut \u201eSports Illustrated\u201c bei 1,17 Millionen Euro liegt.<\/p>\n<p><\/p>\n<p>Couto wechselte im Sommer 2024 nach einer starken Saison beim FC Girona zun\u00e4chst auf Leihbasis von Manchester City zu Borussia Dortmund. Bereits nach wenigen Eins\u00e4tzen griff die Kaufpflicht in H\u00f6he von 20 Mio. Euro f\u00fcr den Au\u00dfenverteidiger, der die damit verbundenen hohen Erwartungen bisher nicht erf\u00fcllen konnte. In 62 Partien erzielte er drei Treffer und bereitete vier weitere vor. In der abgelaufenen Saison stand er im Schatten von <a title=\"Julian Ryerson\" href=\"https:\/\/www.transfermarkt.de\/julian-ryerson\/profil\/spieler\/370789\" rel=\"nofollow noopener\" target=\"_blank\">Julian Ryerson<\/a> und durfte in 27 Eins\u00e4tzen 17-mal beginnen. Seit M\u00e4rz stand er nur 41 Minuten auf dem Platz. Seit dem Wechsel ist sein Marktwert von 25 Mio. auf 17 Mio. Euro gefallen.<\/p>\n<p><\/p>\n<p>Como hat sich unter Trainer <a title=\"Cesc F\u00e0bregas\" href=\"https:\/\/www.transfermarkt.de\/cesc-fabregas\/profil\/trainer\/117406\" rel=\"nofollow noopener\" target=\"_blank\">Cesc F\u00e0bregas<\/a> zu einem Top-Klub Italiens entwickelt und sich mit Platz vier erstmals f\u00fcr die Champions League qualifiziert. Erst vor zwei Jahren war der Verein, der sein Stadion in malerischer Kulisse am Comer See hat, in die Serie A zur\u00fcckgekehrt. Ein normaler Aufsteiger ist Como jedoch nicht, denn seitdem wurden 228 Mio. Euro in Neuzug\u00e4nge investiert. Auf der rechten Abwehrseite w\u00fcrde Couto bei Como mit den ehemaligen Bundesliga-Profis <a href=\"https:\/\/www.transfermarkt.de\/ivan-smolcic\/profil\/spieler\/571271\" rel=\"nofollow noopener\" target=\"_blank\">Ivan Smolcic<\/a> und <a href=\"https:\/\/www.transfermarkt.de\/ignace-van-der-brempt\/profil\/spieler\/490423\" rel=\"nofollow noopener\" target=\"_blank\">Ignace Van der Brempt<\/a> sowie <a href=\"https:\/\/www.transfermarkt.de\/mergim-vojvoda\/profil\/spieler\/336125\" rel=\"nofollow noopener\" target=\"_blank\">M\u00ebrgim Vojvoda<\/a> konkurrieren.<\/p>\n<p><\/p>\n<p>\n                                        <strong>Hinweis:<\/strong><br \/>\n                                        Wenn du etwas googelst, bekommst du neben den normalen Ergebnissen auch eine Box mit aktuellen News angezeigt. Wenn du Transfermarkt als bevorzugte Quelle hinterlegst, tauchen unsere Inhalte dort h\u00e4ufiger f\u00fcr dich auf.<br \/>\n                                        <a href=\"https:\/\/www.google.com\/preferences\/source?q=transfermarkt.de\" target=\"_blank\" rel=\"noopener noreferrer nofollow\" onclick=\"tmEvent(&#039;news&#039;,&#039;click&#039;,&#039;google-preferences&#039;);&#010;\"><br \/>\n                                            F\u00fcge Transfermarkt hier als bevorzugte Quelle hinzu.                                        <\/a>\n                                    <\/p>\n","protected":false},"excerpt":{"rendered":"Italiener \u00fcbernehmen volles Gehalt\u00a0 \u00a9IMAGO Yan Couto wird in der kommenden Saison offenbar f\u00fcr den italienischen Klub Como&hellip;\n","protected":false},"author":2,"featured_media":1087087,"comment_status":"","ping_status":"","sticky":false,"template":"","format":"standard","meta":{"footnotes":"","_share_on_mastodon":"0"},"categories":[1833],"tags":[888,299,30843,3364,29,217,30,1209,804,74883],"class_list":["post-1087086","post","type-post","status-publish","format-standard","has-post-thumbnail","category-dortmund","tag-borussia-dortmund","tag-bundesliga","tag-como-1907","tag-de","tag-deutschland","tag-dortmund","tag-germany","tag-nordrhein-westfalen","tag-serie-a","tag-yan-couto"],"share_on_mastodon":{"url":"https:\/\/pubeurope.com\/@de\/116733021235994724","error":""},"_links":{"self":[{"href":"https:\/\/www.europesays.com\/de\/wp-json\/wp\/v2\/posts\/1087086","targetHints":{"allow":["GET"]}}],"collection":[{"href":"https:\/\/www.europesays.com\/de\/wp-json\/wp\/v2\/posts"}],"about":[{"href":"https:\/\/www.europesays.com\/de\/wp-json\/wp\/v2\/types\/post"}],"author":[{"embeddable":true,"href":"https:\/\/www.europesays.com\/de\/wp-json\/wp\/v2\/users\/2"}],"replies":[{"embeddable":true,"href":"https:\/\/www.europesays.com\/de\/wp-json\/wp\/v2\/comments?post=1087086"}],"version-history":[{"count":0,"href":"https:\/\/www.europesays.com\/de\/wp-json\/wp\/v2\/posts\/1087086\/revisions"}],"wp:featuredmedia":[{"embeddable":true,"href":"https:\/\/www.europesays.com\/de\/wp-json\/wp\/v2\/media\/1087087"}],"wp:attachment":[{"href":"https:\/\/www.europesays.com\/de\/wp-json\/wp\/v2\/media?parent=1087086"}],"wp:term":[{"taxonomy":"category","embeddable":true,"href":"https:\/\/www.europesays.com\/de\/wp-json\/wp\/v2\/categories?post=1087086"},{"taxonomy":"post_tag","embeddable":true,"href":"https:\/\/www.europesays.com\/de\/wp-json\/wp\/v2\/tags?post=1087086"}],"curies":[{"name":"wp","href":"https:\/\/api.w.org\/{rel}","templated":true}]}}