{"id":1087161,"date":"2026-06-11T19:41:19","date_gmt":"2026-06-11T19:41:19","guid":{"rendered":"https:\/\/www.europesays.com\/de\/1087161\/"},"modified":"2026-06-11T19:41:19","modified_gmt":"2026-06-11T19:41:19","slug":"gladbach-fukuda-zum-ksc-urbich-leihe-nach-braunschweig","status":"publish","type":"post","link":"https:\/\/www.europesays.com\/de\/1087161\/","title":{"rendered":"Gladbach: Fukuda zum KSC &#8211; Urbich-Leihe nach Braunschweig"},"content":{"rendered":"<p class=\"text_ohne_einzug richtext text-em-55 !leading-serif mx-6 desktop:mx-0\">Borussia <a href=\"https:\/\/rp-online.de\/thema\/moenchengladbach\/\" rel=\"nofollow noopener\" target=\"_blank\">M\u00f6nchengladbach<\/a> kommt dem Ziel n\u00e4her, den Profikader nach f\u00fcnf Zug\u00e4ngen f\u00fcr die kommende Saison nun zu verkleinern: Am Donnerstag verlie\u00dfen gleich zwei junge St\u00fcrmer den Klub. Zun\u00e4chst wurde Shio Fukudas Wechsel zum <a href=\"https:\/\/rp-online.de\/thema\/karlsruher-sc\/\" rel=\"nofollow noopener\" target=\"_blank\">Karlsruher SC<\/a> offiziell verk\u00fcndet, eine Stunde sp\u00e4ter dann die Leihe von Jan Urbich an <a href=\"https:\/\/rp-online.de\/thema\/eintracht-braunschweig\/\" rel=\"nofollow noopener\" target=\"_blank\">Eintracht Braunschweig<\/a>.<\/p>\n<p class=\"richtext text-em-55 !leading-serif mx-6 desktop:mx-0\">Bei Fukuda war es nur noch eine Frage der Verk\u00fcndung gewesen, sein Wechsel zum KSC stand fest: Der Japaner schlie\u00dft sich dem Zweitligisten an und verl\u00e4sst  Borussia f\u00fcr eine Abl\u00f6sesumme von etwa 700.000 Euro, wie Sky berichtet hatte, inklusive Weiterverkaufsbeteiligung. Zudem sicherte sich Gladbach nach Informationen unserer Redaktion ein Vorkaufsrecht (Matching-Right), sollte ein anderer Klub in Zukunft ein Angebot f\u00fcr Fukuda abgeben.<\/p>\n<p class=\"richtext text-em-55 !leading-serif mx-6 desktop:mx-0\">\u201eShio ist damals noch als Jugendlicher aus Japan zu Borussia gewechselt. Er hat sich Schritt f\u00fcr Schritt entwickelt und dabei sowohl in der A-Junioren-Bundesliga, der Regionalliga und zuletzt bei seiner Leihstation in der 2. <a href=\"https:\/\/rp-online.de\/thema\/bundesliga\/\" rel=\"nofollow noopener\" target=\"_blank\">Bundesliga<\/a> seine Torgef\u00e4hrlichkeit nachgewiesen. Wir schauen mit Freude auf diesen gemeinsamen Weg zur\u00fcck und werden seine weitere Entwicklung genau beobachten\u201c, wird Rouven Schr\u00f6der, Borussias Sportchef, zitiert.<\/p>\n<p>Fukuda konnte sich bei Gladbachs Profis nicht durchsetzen      <\/p>\n<p class=\"richtext text-em-55 !leading-serif mx-6 desktop:mx-0\">Der 22-j\u00e4hrige Fukuda war Anfang 2023 von der Kamimura Gakuen High School nach Gladbach gewechselt und sammelte seine ersten Auslandserfahrungen in der U19 und U23 des Klubs. Im Januar 2024 deb\u00fctierte der sprunggewaltige St\u00fcrmer in der Bundesliga, insgesamt kommt Fukuda auf elf Spiele und ein Tor.<\/p>\n<p class=\"richtext text-em-55 !leading-serif mx-6 desktop:mx-0\">Bei Borussias Profis durchsetzen konnte sich der Japaner allerdings nicht, weswegen er f\u00fcr die Saison 2025\/26 an den Karlsruher SC ausgeliehen war. Die Leihe verlief zun\u00e4chst schleppend, doch im Verlauf der R\u00fcckrunde fand sich Fukuda immer besser zurecht.<\/p>\n<p class=\"richtext text-em-55 !leading-serif mx-6 desktop:mx-0\">\u201eIch konnte mich in der vergangenen Saison beim KSC richtig gut entwickeln. W\u00e4hrend der Saison habe ich mich immer mehr an den Fu\u00dfball in der 2. Bundesliga gew\u00f6hnt und bin die n\u00e4chsten Schritte gegangen. Vor allem die letzten acht Spiele mit f\u00fcnf Toren liefen f\u00fcr mich pers\u00f6nlich richtig gut. Genau da m\u00f6chte in der n\u00e4chsten Saison ankn\u00fcpfen und freue mich sehr, dass meine Zeit beim KSC weitergeht\u201c, wird Fukuda in der Mitteilung des Klubs zitiert.<\/p>\n<p class=\"richtext text-em-55 !leading-serif mx-6 desktop:mx-0\">20 Zweitligaspiele und sechs Tore stehen in der Saisonbilanz des St\u00fcrmers, bei dem f\u00fcr den KSC eine Kaufoption in H\u00f6he von 1,5 Millionen Euro festgeschrieben war. Letztlich wurde der Transfer losgel\u00f6st von der fixierten Kaufoption umgesetzt.<\/p>\n<p class=\"richtext text-em-55 !leading-serif mx-6 desktop:mx-0\">\u201eShio hat sich in der R\u00fcckrunde \u00fcberzeugend entwickelt und dadurch berechtigtes Interesse anderer Vereine geweckt. Die Neuverhandlung der Transferkonditionen war anspruchsvoll. Dass Timon Pauls und sein Team hier eine f\u00fcr den KSC vorteilhafte L\u00f6sung erarbeitet haben, freut mich sehr. Wir sind froh, dass es uns gelungen ist, einen vielversprechenden Spieler langfristig an den Verein zu binden\u201c, erkl\u00e4rt Gesch\u00e4ftsf\u00fchrer Sport Mario Eggimann zufrieden.<\/p>\n<p>Urbich unterschreibt ersten Profivertrag in Gladbach      <\/p>\n<p class=\"richtext text-em-55 !leading-serif mx-6 desktop:mx-0\">3,5 Millionen Euro bezahlte Borussia j\u00fcngst f\u00fcr David Herold an den KSC, etwa ein F\u00fcnftel der Summe flie\u00dft nun zur\u00fcck an den Niederrhein f\u00fcr Fukuda. Der ist vergangene Saison einen Weg gegangen, den nun auch Urbich beschreiten wird. Der Toptorj\u00e4ger der Gladbacher U23 war im Sommer 2025 von <a href=\"https:\/\/rp-online.de\/thema\/kickers-offenbach\/\" rel=\"nofollow noopener\" target=\"_blank\">Kickers Offenbach<\/a> gekommen und hatte gleich \u00fcberzeugt.<\/p>\n<p class=\"richtext text-em-55 !leading-serif mx-6 desktop:mx-0\">Seine Torquote (am Ende waren es 14 Regionalligatore in nur 20 Spielen und 1562 Einsatzminuten) f\u00fchrte ihn schnell zu den Profis, f\u00fcr die er drei Jokereins\u00e4tze in der Bundesliga bestritt nach Eugen Polanskis Bef\u00f6rderung zum Cheftrainer \u2013 ehe Urbich das Pfeiffersche Dr\u00fcsenfieber ausbremste. Doch w\u00e4re der bald 22-J\u00e4hrige wohl kein vollst\u00e4ndiges Mitglied des Profikaders der kommenden Saison gewesen. Das war er schon in den vergangenen Monaten nicht mehr. Der lange verletzte Tim Kleindienst ist als zentraler St\u00fcrmer wieder da, Isac Lidberg kommt vom SV <a href=\"https:\/\/rp-online.de\/thema\/darmstadt\/\" rel=\"nofollow noopener\" target=\"_blank\">Darmstadt<\/a> 98.<\/p>\n<p class=\"richtext text-em-55 !leading-serif mx-6 desktop:mx-0\">Somit haben die Borussen f\u00fcr Urbich nun eine L\u00f6sung gefunden, die an Fukuda erinnert. Urbich hat zun\u00e4chst bei Borussia einen Profivertrag unterschrieben, was einhergeht mit einer Vertragsverl\u00e4ngerung bis 2029. Die Leihe nach <a href=\"https:\/\/rp-online.de\/thema\/braunschweig\/\" rel=\"nofollow noopener\" target=\"_blank\">Braunschweig<\/a> beinhaltet nach Informationen unserer Redaktion eine Kaufoption f\u00fcr den Zweitligisten sowie ein Gladbacher Vorkaufsrecht im Falle eines festen Wechsels zur Eintracht.<\/p>\n<p class=\"richtext text-em-55 !leading-serif mx-6 desktop:mx-0\">\u201eSeinen Vertrag nun zu verl\u00e4ngern und ihn in die Zweite Liga zu verleihen ist angesichts der gro\u00dfen Konkurrenzsituation in unserem Kader der logische n\u00e4chste Schritt f\u00fcr ihn\u201c, sagt Schr\u00f6der. \u201eOb er dann im n\u00e4chsten Sommer zu uns zur\u00fcckkehrt, wird er mit seinen Leistungen bei Eintracht Braunschweig selbst ma\u00dfgeblich beeinflussen k\u00f6nnen.\u201c<\/p>\n","protected":false},"excerpt":{"rendered":"Borussia M\u00f6nchengladbach kommt dem Ziel n\u00e4her, den Profikader nach f\u00fcnf Zug\u00e4ngen f\u00fcr die kommende Saison nun zu verkleinern:&hellip;\n","protected":false},"author":2,"featured_media":1087162,"comment_status":"","ping_status":"","sticky":false,"template":"","format":"standard","meta":{"footnotes":"","_share_on_mastodon":"0"},"categories":[1849],"tags":[9835,30003,3364,29,548,663,3934,90055,30,14337,13,101751,30056,4455,14,15,1209,12,9095],"class_list":["post-1087161","post","type-post","status-publish","format-standard","has-post-thumbnail","category-moenchengladbach","tag-borussia","tag-borussias","tag-de","tag-deutschland","tag-eu","tag-europa","tag-europe","tag-fukuda","tag-germany","tag-gladbach","tag-headlines","tag-japaner","tag-karlsruher","tag-moenchengladbach","tag-nachrichten","tag-news","tag-nordrhein-westfalen","tag-schlagzeilen","tag-stuermer"],"share_on_mastodon":{"url":"https:\/\/pubeurope.com\/@de\/116733181000277173","error":""},"_links":{"self":[{"href":"https:\/\/www.europesays.com\/de\/wp-json\/wp\/v2\/posts\/1087161","targetHints":{"allow":["GET"]}}],"collection":[{"href":"https:\/\/www.europesays.com\/de\/wp-json\/wp\/v2\/posts"}],"about":[{"href":"https:\/\/www.europesays.com\/de\/wp-json\/wp\/v2\/types\/post"}],"author":[{"embeddable":true,"href":"https:\/\/www.europesays.com\/de\/wp-json\/wp\/v2\/users\/2"}],"replies":[{"embeddable":true,"href":"https:\/\/www.europesays.com\/de\/wp-json\/wp\/v2\/comments?post=1087161"}],"version-history":[{"count":0,"href":"https:\/\/www.europesays.com\/de\/wp-json\/wp\/v2\/posts\/1087161\/revisions"}],"wp:featuredmedia":[{"embeddable":true,"href":"https:\/\/www.europesays.com\/de\/wp-json\/wp\/v2\/media\/1087162"}],"wp:attachment":[{"href":"https:\/\/www.europesays.com\/de\/wp-json\/wp\/v2\/media?parent=1087161"}],"wp:term":[{"taxonomy":"category","embeddable":true,"href":"https:\/\/www.europesays.com\/de\/wp-json\/wp\/v2\/categories?post=1087161"},{"taxonomy":"post_tag","embeddable":true,"href":"https:\/\/www.europesays.com\/de\/wp-json\/wp\/v2\/tags?post=1087161"}],"curies":[{"name":"wp","href":"https:\/\/api.w.org\/{rel}","templated":true}]}}