{"id":1087223,"date":"2026-06-11T20:16:23","date_gmt":"2026-06-11T20:16:23","guid":{"rendered":"https:\/\/www.europesays.com\/de\/1087223\/"},"modified":"2026-06-11T20:16:23","modified_gmt":"2026-06-11T20:16:23","slug":"zirkustheater-festival-dresden-2026-acts-tickets-highlights","status":"publish","type":"post","link":"https:\/\/www.europesays.com\/de\/1087223\/","title":{"rendered":"Zirkustheater-Festival Dresden 2026 \u2013 Acts, Tickets &#038; Highlights"},"content":{"rendered":"<p>Vom 18. bis 28. Juni 2026 geht es in Dresden hoch hinaus: Das Zirkustheater-Festival zeigt Seiltanz, Slacklines und Luftartistik \u2013 voller Magie, Risiko und erz\u00e4hlerischer Kraft.<\/p>\n<p>Atemberaubende Akrobatik, poetisches Theater und Geschichten, die unter die Haut gehen: Zur <strong>f\u00fcnften Ausgabe des Zirkustheater-Festivals <\/strong>kommen K\u00fcnstler und Compagnien aus Europa und der ganzen Welt nach Dresden, um das Publikum zu begeistern.<\/p>\n<p>Insgesamt <strong>35 Vorstellungen<\/strong> stehen zwischen dem <strong>18. und 28. Juni 2026<\/strong> auf dem Festivalprogramm \u2013 und keine ist wie die andere. Denn die K\u00fcnstler von 12 Zirkusgruppen aus acht L\u00e4ndern bringen einen ganzen Kosmos der Ausdrucksformen mit: <strong>Akrobatik, Tanz, Sprache und Klang<\/strong>. Dabei ist keine Produktion wie die andere. <\/p>\n<p>Neben dem <strong>Societaetstheater <\/strong>und dem gro\u00dfen <strong>Zirkuszelt am Alaunpark <\/strong>finden viele der Events <strong>unter freiem Himmel <\/strong>im Alaunpark sowie dem Jacob-Winter-Platz im <a href=\"https:\/\/dresden-magazin.com\/stadtteile\/stadtteil-geschichten-prohlis\/\" target=\"_blank\" rel=\"noreferrer noopener nofollow\">Dresdner Stadtteil Prohlis<\/a> statt.<\/p>\n<p>Der Schwerkraft trotzen: Programm des Zirkustheater-Festivals in Dresden 2026<\/p>\n<p>Unter dem Motto <strong>\u201eCreatures of Gravity\u201c<\/strong> \u2013 also <strong>\u201eGesch\u00f6pfe der Schwerkraft\u201c <\/strong>\u2013 dreht sich alles darum, hoch hinaus zu kommen. So balancieren, tanzen und jonglieren sogenannte Highperformer in schwindelerregender H\u00f6he auf Hochseilen. Wer auch mal ran will, kann sich bei Slackline-Workshops selbst aufs Seil trauen. Dar\u00fcber hinaus kann auch der Umgang mit weiteren Zirkusrequisiten wie Keulen, Ringen und Diabolo erlernt werden.<\/p>\n<p><img loading=\"lazy\" decoding=\"async\" width=\"1024\" height=\"650\" src=\"https:\/\/www.europesays.com\/de\/wp-content\/uploads\/2026\/06\/Zirkustheater-Festival-Dresden-2026-Highperformer-c-Andre-Wirsig.jpg\" alt=\"Highperformer beim Zirkustheater-Festival in Dresden 2026: Ein Mann balanciert auf einem Seil in 15 Metern H\u00f6he.\" class=\"wp-image-45042\"  \/>Getreu dem Motto des diesj\u00e4hrigen Zirkustheater-Festivals werden Highperformer Ruben Langer und Gregor Lawrenz <br \/>zwischen 15 Meter hohen Masten balancieren. Foto: Andr\u00e9 Wirsig<\/p>\n<p>An der Schnittstelle zwischen zeitgen\u00f6ssischem Zirkus und Tanz bewegt sich <strong>ConTakt<\/strong>, eine international besetzte Compagnie, die sich in ihrem St\u00fcck <strong>FOLEY<\/strong> ganz dem Festivalmotto widmet \u2013 mit eigenem Twist. Gemeinsam als Gruppe erkunden sie H\u00f6hen und Tiefen und verwandeln Akrobatik in ein Spiel mit Beatboxing-Kl\u00e4ngen. Die belgischen Zirkusartisten von <strong>Keeping Company <\/strong>richten den Blick derweil in die Vergangenheit: Ihre Produktion <strong>BOOMBOX<\/strong> ist eine Hommage an die Audiokassette und ihr legend\u00e4res Abspielger\u00e4t.<\/p>\n<ul class=\"wp-block-jetpack-slideshow_swiper-wrapper swiper-wrapper\">\n<li class=\"wp-block-jetpack-slideshow_slide swiper-slide\"><img loading=\"lazy\" decoding=\"async\" width=\"1024\" height=\"650\" alt=\"Die Auff\u00fchrung JUSQUE-L\u00c0 beim Zirkustheater-Festival Dresden 2026: Drei Frauen h\u00e4ngen auf unterschiedlichen H\u00f6hen am selben Seil.\" class=\"wp-block-jetpack-slideshow_image wp-image-45048\" data-id=\"45048\" data-aspect-ratio=\"1024 \/ 650\" src=\"https:\/\/www.europesays.com\/de\/wp-content\/uploads\/2026\/06\/Zirkustheater-Festival-Dresden-2026-JUSQUE-LA-ZIRQUS-2025-c-Kira-Kynd.jpg\"  \/>Mia Mattenklott, Elise Martin und Rocio B\u00e9len Reyes Patricio spielen drei Freundinnen, die sich mit den gro\u00dfen Fragen des Erwachsenwerdens befassen \u2013 und das nat\u00fcrlich auf eine akrobatische Weise. Foto: Kira Kynd<\/li>\n<li class=\"wp-block-jetpack-slideshow_slide swiper-slide\"><img loading=\"lazy\" decoding=\"async\" width=\"1024\" height=\"650\" alt=\"Produktion BOOMBOX beim Zirkustheater-Festival Dreden 2026: K\u00fcnstler Ezra Weill st\u00fctzt auf Lautsprechern und ist umgeben von Audiokassetten.\" class=\"wp-block-jetpack-slideshow_image wp-image-45044\" data-id=\"45044\" data-aspect-ratio=\"1024 \/ 650\" src=\"https:\/\/www.europesays.com\/de\/wp-content\/uploads\/2026\/06\/Zirkustheater-Festival-Dresden-2026-BOOMBOX-c-Aviva-Rose-Williams.jpg\"  \/>Kassetten nutzt heute kaum noch jemand \u2013 in der Auff\u00fchrung von Ezra Weill bekommen sie jedoch wieder eine gro\u00dfe B\u00fchne. Foto: Aviva Rose-Williams<\/li>\n<li class=\"wp-block-jetpack-slideshow_slide swiper-slide\"><img loading=\"lazy\" decoding=\"async\" width=\"1024\" height=\"650\" alt=\"Auff\u00fchrung RAUM \u2013 ZEIT beim Zirkustheaer-Festival Dresden 2026: Aus Kugeln, die sich in der Luft befinden, tritt Sand aus.\" class=\"wp-block-jetpack-slideshow_image wp-image-45050\" data-id=\"45050\" data-aspect-ratio=\"1024 \/ 650\" src=\"https:\/\/www.europesays.com\/de\/wp-content\/uploads\/2026\/06\/Zirkustheater-Festival-Dresden-2026-RAUM.ZEIT-Tobias-Dohm-sandplanets-Chamaeleon-c-Inga-Gross.jpg\"  \/>Tobias Piero Dohm verwandelt mit Kl\u00e4ngen, Materialien und Performance Raum und Zeit in ein flie\u00dfendes Erlebnis. Foto: Inga Gro\u00df<\/li>\n<li class=\"wp-block-jetpack-slideshow_slide swiper-slide\"><img loading=\"lazy\" decoding=\"async\" width=\"1024\" height=\"650\" alt=\"Die Auff\u00fchrung FOLEY beim Zirkustheater-Festival Dreden 2026: Ein Mann spielt die Tasten einer Melodica, eine Frau pustet derweilen isn Mundst\u00fcck des Instruments.\" class=\"wp-block-jetpack-slideshow_image wp-image-45046\" data-id=\"45046\" data-aspect-ratio=\"1024 \/ 650\" src=\"https:\/\/www.europesays.com\/de\/wp-content\/uploads\/2026\/06\/Zirkustheater-Festival-Dresden-2026-FOLEY-c-Sandor-Pillar.jpg\"  \/>Ganz ohne Worte erzeugen f\u00fcnf Akrobatinnen und Aktrobaten sowie ein Musiker eine unverwechselbare Dynamik. Foto: Sandor Pillar<\/li>\n<\/ul>\n<p><a class=\"wp-block-jetpack-slideshow_button-prev swiper-button-prev swiper-button-white\" role=\"button\"\/><a class=\"wp-block-jetpack-slideshow_button-next swiper-button-next swiper-button-white\" role=\"button\"\/><a aria-label=\"Pause Slideshow\" class=\"wp-block-jetpack-slideshow_button-pause\" role=\"button\"\/><\/p>\n<p>Im St\u00fcck <strong>JUSQUE-L\u00c0 <\/strong>zeigt die Schweizer Gruppe <strong>La Lune Bleue<\/strong> drei Freundinnen an der Schwelle zum Erwachsensein. Sie schwanken zwischen innerem Kind, Erinnerungen und Zukunftsfragen \u2013 gleichzeitig versuchen, in dieser Welt zurechtzukommen. Dabei entfaltet sich die Geschichte in einer dichten Mischung aus Boden- und Luftakrobatik, Tanz, Theater und Live-Musik.<\/p>\n<p>Dar\u00fcber hinaus werden auch der Schweizer Seilt\u00e4nzer <strong>David Dimitri <\/strong>und der Berliner Zirkusk\u00fcnstler <strong>Tobias Piero Dohm<\/strong> mit Spannung erwartet. Dimitri fordert mit seinen virtuosen Darbietungen in L\u2019HOMME CIRQUE die Gesetze der Schwerkraft heraus. Dohm wiederum verwandelt in seiner Inszenierung RAUM \u2013 ZEIT eine Performance in hypnotische visuelle Poesie.<\/p>\n<p>5. Zirkustheater-Festival in Dresden 2026:<\/p>\n<p><strong>Wann?<\/strong> 18. bis 28. Juni 2028<br \/><strong>Wo?<\/strong> Alaunpark, Zirkuszelt am Alaunpark, Societaetstheater (Gutmann-Saal), Jacob-Winter-Platz<br \/><strong>Wie viel?<\/strong> einige Auff\u00fchrungen sind auf Spendenbasis, andere kosten im Schnitt um die 20 Euro<br \/><strong>Tickets <\/strong>gibt es an der Theaterkasse des Societaetstheaters sowie \u00fcber den <a href=\"https:\/\/societaetstheater-ticketshop.reservix.de\/events\" rel=\"nofollow noopener\" target=\"_blank\">Online-Ticketshop<\/a> \u2013 die meisten Shows sind f\u00fcr alle Altersgruppen, einige aber auch erst ab 6 Jahren geeignet<br \/>Das ganze <strong>Programm<\/strong> befindet sich auf der <a href=\"https:\/\/www.societaetstheater.de\/programm\/festivals\/zirkustheater-festival\/\" target=\"_blank\" rel=\"noreferrer noopener nofollow\">Webseite des Societaetstheaters.<\/a><\/p>\n<p>Neue Spitze beim Zirkustheater-Festival in Dresden 2026<\/p>\n<p>Wer bei Zirkus an Clowns, Tiger und brennende Reifen denkt, liegt beim Zirkustheater-Festival in Dresden falsch. Denn moderner Zirkus verbindet <strong>Artistik, Musik, neue Medien, Tanz und Theater<\/strong> zu einem bewegenden Gesamtkunstwerk. Im Mittelpunkt stehen Geschichten, die poetisch, kraftvoll und \u00fcberraschend zugleich sind. Und das <strong>ganz ohne Tiere.<\/strong><\/p>\n<p>Organisiert wird das Zirkustheater-Festival vom Societaetstheater Dresden, ins Leben gerufen hatte es 2022 der damalige Leiter des Theaters, der Puppenspieler und Regisseur Heiki Ikkola. In diesem Jahr tritt <strong>Stephan Hoffmann<\/strong> als <strong>Gesch\u00e4ftsfu\u0308hrer und Ku\u0308nstlerischer Leiter des Societaetstheaters und des Zirkustheater-Festivals <\/strong>seine Nachfolge an. Das bew\u00e4hrte Konzept soll bestehen bleiben. \u201eIch bin meinem Vorg\u00e4nger Heiki Ikkola unheimlich dankbar, denn unser ganzes Team fu\u0308hrt fort, was er erfunden hat: Zehn Tage im Juni voll neuartiger Zirkus- und Theaterkunst mit vielen internationalen G\u00e4sten\u201c, teilt er mit.<\/p>\n<p>\tLesen Sie auch \u2026\t<\/p>\n<ul class=\"rp4wp-posts-list\">\n<li class=\"rp4wp-col rp4wp-col-first\">\n\t<a href=\"https:\/\/dresden-magazin.com\/dresden-mittendrin\/goldenes-oval-dresden-2026\/\" rel=\"nofollow noopener\" target=\"_blank\"><img loading=\"lazy\" decoding=\"async\" width=\"800\" height=\"450\" src=\"https:\/\/www.europesays.com\/de\/wp-content\/uploads\/2026\/06\/Goldenes-Oval_2025_Malaika-Mihambo_Stefan-Mayer_-HEADER-800x450.jpg\" class=\"attachment-rp4wp-thumbnail-post size-rp4wp-thumbnail-post wp-post-image\" alt=\"Leichtathletin klatscht zwischen Funkenfont\u00e4nen vor voll besetzten R\u00e4ngen beim Meeting Goldenes Oval Dresden im Stadion.\"  \/><\/a><\/p>\n<p>Am 31. Mai 2026 wird Dresden wieder zur B\u00fchne f\u00fcr internationalen Spitzensport: Beim Goldenen Oval Dresden treffen im Heinz-Steyer-Stadion deutsche\u2026<\/p>\n<\/li>\n<li class=\"rp4wp-col\">\n\t<a href=\"https:\/\/dresden-magazin.com\/dresden-mittendrin\/fussballprofi-made-in-dresden\/\" rel=\"nofollow noopener\" target=\"_blank\"><img loading=\"lazy\" decoding=\"async\" width=\"800\" height=\"450\" src=\"https:\/\/www.europesays.com\/de\/wp-content\/uploads\/2026\/06\/1920x800-Matthias-Sammer-Dresden-Magazin-800x450.jpg\" class=\"attachment-rp4wp-thumbnail-post size-rp4wp-thumbnail-post wp-post-image\" alt=\"Matthias Sammer im Interview mit Dresden\"  \/><\/a><\/p>\n<p>Matthias Sammer, ehemaliger Fussballprofi und Sportfunktion\u00e4r im Interview mit Visit Dresden beim Internationalen Trainerkongress.<\/p>\n<\/li>\n<\/ul>\n","protected":false},"excerpt":{"rendered":"Vom 18. bis 28. Juni 2026 geht es in Dresden hoch hinaus: Das Zirkustheater-Festival zeigt Seiltanz, Slacklines und&hellip;\n","protected":false},"author":2,"featured_media":1087224,"comment_status":"","ping_status":"","sticky":false,"template":"","format":"standard","meta":{"footnotes":"","_share_on_mastodon":"0"},"categories":[1835],"tags":[3364,29,2386,2314,30,37752,859],"class_list":["post-1087223","post","type-post","status-publish","format-standard","has-post-thumbnail","category-dresden","tag-de","tag-deutschland","tag-dresden","tag-featured","tag-germany","tag-pieschen","tag-sachsen"],"share_on_mastodon":{"url":"https:\/\/pubeurope.com\/@de\/116733319370638232","error":""},"_links":{"self":[{"href":"https:\/\/www.europesays.com\/de\/wp-json\/wp\/v2\/posts\/1087223","targetHints":{"allow":["GET"]}}],"collection":[{"href":"https:\/\/www.europesays.com\/de\/wp-json\/wp\/v2\/posts"}],"about":[{"href":"https:\/\/www.europesays.com\/de\/wp-json\/wp\/v2\/types\/post"}],"author":[{"embeddable":true,"href":"https:\/\/www.europesays.com\/de\/wp-json\/wp\/v2\/users\/2"}],"replies":[{"embeddable":true,"href":"https:\/\/www.europesays.com\/de\/wp-json\/wp\/v2\/comments?post=1087223"}],"version-history":[{"count":0,"href":"https:\/\/www.europesays.com\/de\/wp-json\/wp\/v2\/posts\/1087223\/revisions"}],"wp:featuredmedia":[{"embeddable":true,"href":"https:\/\/www.europesays.com\/de\/wp-json\/wp\/v2\/media\/1087224"}],"wp:attachment":[{"href":"https:\/\/www.europesays.com\/de\/wp-json\/wp\/v2\/media?parent=1087223"}],"wp:term":[{"taxonomy":"category","embeddable":true,"href":"https:\/\/www.europesays.com\/de\/wp-json\/wp\/v2\/categories?post=1087223"},{"taxonomy":"post_tag","embeddable":true,"href":"https:\/\/www.europesays.com\/de\/wp-json\/wp\/v2\/tags?post=1087223"}],"curies":[{"name":"wp","href":"https:\/\/api.w.org\/{rel}","templated":true}]}}