{"id":1087257,"date":"2026-06-11T20:34:15","date_gmt":"2026-06-11T20:34:15","guid":{"rendered":"https:\/\/www.europesays.com\/de\/1087257\/"},"modified":"2026-06-11T20:34:15","modified_gmt":"2026-06-11T20:34:15","slug":"rocker-bricht-ehrenkodex-gestaendnis-rettet-hells-angels-praesident-vor-knast-regional","status":"publish","type":"post","link":"https:\/\/www.europesays.com\/de\/1087257\/","title":{"rendered":"Rocker bricht Ehrenkodex: Gest\u00e4ndnis rettet Hells-Angels-Pr\u00e4sident vor Knast | Regional"},"content":{"rendered":"<p>Er ist Pr\u00e4sident eines M\u00fcnchner Hells-Angels-Charters und vorbestraft \u2013 doch diesmal bricht Okan K. mit dem Schweigekodex der Rocker. Nach einer brutalen Attacke auf einen Ex-Kollegen im M\u00fcnchner Norden legt er vor Gericht ein Gest\u00e4ndnis ab, um nicht wieder in Haft zu m\u00fcssen.<br \/>\nWie die Ermittler dem Rocker-Boss \u00fcber ein scheinbar verschwundenes Auto, ein eBay-Inserat und eine Jacke doch noch auf die Spur kamen und warum die Richterin trotz harter Forderung der Anklage am Ende Milde walten lie\u00df, lesen Sie mit BILDplus.<\/p>\n","protected":false},"excerpt":{"rendered":"Er ist Pr\u00e4sident eines M\u00fcnchner Hells-Angels-Charters und vorbestraft \u2013 doch diesmal bricht Okan K. mit dem Schweigekodex der&hellip;\n","protected":false},"author":2,"featured_media":1087258,"comment_status":"","ping_status":"","sticky":false,"template":"","format":"standard","meta":{"footnotes":"","_share_on_mastodon":"0"},"categories":[1827],"tags":[3360,3985,772,29,30,12087,12301,682,4577,28662,1268,121,12185,138370,59112],"class_list":["post-1087257","post","type-post","status-publish","format-standard","has-post-thumbnail","category-muenchen","tag-amtsgericht-muenchen","tag-autos","tag-bayern","tag-deutschland","tag-germany","tag-hells-angels","tag-keim-karl","tag-koerperverletzung","tag-kriminalpolizei","tag-motorradclub","tag-muenchen","tag-polizei","tag-staatsanwalt","tag-team-first","tag-verbot-von-rockerbanden"],"share_on_mastodon":{"url":"https:\/\/pubeurope.com\/@de\/116733389419602857","error":""},"_links":{"self":[{"href":"https:\/\/www.europesays.com\/de\/wp-json\/wp\/v2\/posts\/1087257","targetHints":{"allow":["GET"]}}],"collection":[{"href":"https:\/\/www.europesays.com\/de\/wp-json\/wp\/v2\/posts"}],"about":[{"href":"https:\/\/www.europesays.com\/de\/wp-json\/wp\/v2\/types\/post"}],"author":[{"embeddable":true,"href":"https:\/\/www.europesays.com\/de\/wp-json\/wp\/v2\/users\/2"}],"replies":[{"embeddable":true,"href":"https:\/\/www.europesays.com\/de\/wp-json\/wp\/v2\/comments?post=1087257"}],"version-history":[{"count":0,"href":"https:\/\/www.europesays.com\/de\/wp-json\/wp\/v2\/posts\/1087257\/revisions"}],"wp:featuredmedia":[{"embeddable":true,"href":"https:\/\/www.europesays.com\/de\/wp-json\/wp\/v2\/media\/1087258"}],"wp:attachment":[{"href":"https:\/\/www.europesays.com\/de\/wp-json\/wp\/v2\/media?parent=1087257"}],"wp:term":[{"taxonomy":"category","embeddable":true,"href":"https:\/\/www.europesays.com\/de\/wp-json\/wp\/v2\/categories?post=1087257"},{"taxonomy":"post_tag","embeddable":true,"href":"https:\/\/www.europesays.com\/de\/wp-json\/wp\/v2\/tags?post=1087257"}],"curies":[{"name":"wp","href":"https:\/\/api.w.org\/{rel}","templated":true}]}}