{"id":1087293,"date":"2026-06-11T20:55:18","date_gmt":"2026-06-11T20:55:18","guid":{"rendered":"https:\/\/www.europesays.com\/de\/1087293\/"},"modified":"2026-06-11T20:55:18","modified_gmt":"2026-06-11T20:55:18","slug":"fabriken-arbeiten-guenstiger-weniger-mitarbeiter-geringere-kosten-vw-meldet-sparerfolge","status":"publish","type":"post","link":"https:\/\/www.europesays.com\/de\/1087293\/","title":{"rendered":"Fabriken arbeiten g\u00fcnstiger: Weniger Mitarbeiter, geringere Kosten &#8211; VW meldet Sparerfolge"},"content":{"rendered":"<p>Fabriken arbeiten g\u00fcnstigerWeniger Mitarbeiter, geringere Kosten &#8211; VW meldet Sparerfolge<\/p>\n<p>11.06.2026, 18:36 Uhr <\/p>\n<p>Artikel anh\u00f6ren(02:40 min)<\/p>\n<p><img decoding=\"async\" class=\"Image_img__fQCi0 Image_Img_16_9__4BLfH widget-picture-inline_maximizable__t_E7h\" loading=\"eager\" fetchpriority=\"high\" src=\"https:\/\/www.europesays.com\/de\/wp-content\/uploads\/2026\/06\/22-05.webp\" alt=\"22-05\"\/>Das Sparprogramm habe bereits Kosteneffekte von einer Milliarde Euro gebracht, so der VW-Chef. (Foto: picture alliance \/ Snowfield Photography)TeilenFolgen auf:<a href=\"https:\/\/www.whatsapp.com\/channel\/0029Va5cdVJD8SDp5YZgYF01\" title=\"Auf WhatsApp folgen\" target=\"_blank\" rel=\"nofollow noopener\"><img decoding=\"async\" src=\"https:\/\/www.n-tv.de\/socialIcons\/whatsapp.svg\" alt=\"whatsapp\" class=\"ArticleShare_icon__FsrC2\"\/><\/a><a href=\"https:\/\/www.google.com\/preferences\/source?q=n-tv.de\" title=\"ntv als bevorzugte Quelle auf Google hinzuf\u00fcgen\" target=\"_blank\" rel=\"nofollow noopener\"><img decoding=\"async\" src=\"https:\/\/www.n-tv.de\/socialIcons\/google.svg\" alt=\"whatsapp\" class=\"ArticleShare_icon__FsrC2\"\/><\/a><\/p>\n<p class=\"Typography_text-m__XI0da Typography_weight-bold__uT6mq storyline_lead_text_leadtext__q_wg8\">Mit einem gigantischen Sparprogramm versucht Volkswagen wieder auf Erfolgskurs zu kommen. Bis 2030 sollen 35.000 Stellen wegfallen. Der Abgang von 28.000 Mitarbeitern sei bereits vereinbart. Konzernchef Blume spricht von schon jetzt sp\u00fcrbaren Milliardeneinsparungen. <\/p>\n<p class=\"Typography_text-default__P3otY Typography_weight-normal__pqUbH storyline_paragraph_p__qSR5N\">Europas gr\u00f6\u00dfter Autobauer Volkswagen kommt nach den Worten seines Chefs Oliver Blume bei seinen Sparbem\u00fchungen voran. Bis Jahresende werde die Belegschaft bei der Volkswagen AG in Deutschland einschlie\u00dflich der Werke in Sachsen und Osnabr\u00fcck um 19.000 sinken, hei\u00dft es in dem ver\u00f6ffentlichten Redetext zur Hauptversammlung in der kommenden Woche. <\/p>\n<p class=\"Typography_text-default__P3otY Typography_weight-normal__pqUbH storyline_paragraph_p__qSR5N\">Bis 2030 seien mehr als 28.000 Austritte verbindlich vereinbart worden. Die Fabrikkosten an den deutschen Standorten seien um mehr als ein F\u00fcnftel reduziert worden.<\/p>\n<p class=\"Typography_text-default__P3otY Typography_weight-normal__pqUbH storyline_paragraph_p__qSR5N\">Volkswagen hatte seine ersten Sparprogramme Ende 2023 auf den Weg gebracht und sich kurz vor Weihnachten 2024 mit den Arbeitnehmern auf den Wegfall von 35.000 Arbeitspl\u00e4tzen bis 2030 geeinigt. Die ersten finanziellen Effekte der Aktivit\u00e4ten seien messbar, sagt Blume laut Redetext. Schon jetzt seien nachhaltige Kosteneffekte von rund einer Milliarde Euro erzielt worden. &#8222;Bis 2030 arbeiten wir an j\u00e4hrlichen Netto-Einsparungen von sechs Milliarden Euro&#8220;, sagte er. Durch die Sparprogramme werde ein Gro\u00dfteil der externen Gegenwinde in zweistelliger Milliardenh\u00f6he aufgefangen.<\/p>\n<p class=\"Typography_text-default__P3otY Typography_weight-normal__pqUbH storyline_paragraph_p__qSR5N\">Allein die Z\u00f6lle von US-Pr\u00e4sident Donald Trump kosteten Volkswagen direkt und indirekt f\u00fcnf Milliarden Euro j\u00e4hrlich. Die Volkswagen-Tochter Audi verf\u00fcgt \u00fcber keine eigene Produktion in den USA und ist deswegen auf Importe aus Europa und Mexiko angewiesen. Audi pr\u00fcfe weiterhin den Aufbau einer Fertigung in den USA, sagte Blume. <\/p>\n<p class=\"Typography_text-default__P3otY Typography_weight-normal__pqUbH storyline_paragraph_p__qSR5N\">Im Rahmen der Umstrukturierung steht auch die Zukunft des Werks in Osnabr\u00fcck mit 2300 Mitarbeitern zur Debatte. In dem Volkswagen-Werk l\u00e4uft derzeit das T-Roc-Cabrio vom Band. Ende 2024 hatte Europas gr\u00f6\u00dfter Autobauer im Rahmen seines Sparprogramms beschlossen, die Fertigung im kommenden Jahr auslaufen zu lassen. VW-Chef Oliver Blume hatte zuletzt eine L\u00f6sung f\u00fcr das Werk bis zum Jahresende in Aussicht gestellt.\u00a0<\/p>\n<p class=\"Typography_text-s__wu_cm Typography_weight-normal__pqUbH Typography_color-darkgrey__sZEnP article-detail-footer_source__KslPc\">Quelle: ntv.de, lme\/rts<\/p>\n","protected":false},"excerpt":{"rendered":"Fabriken arbeiten g\u00fcnstigerWeniger Mitarbeiter, geringere Kosten &#8211; VW meldet Sparerfolge 11.06.2026, 18:36 Uhr Artikel anh\u00f6ren(02:40 min) Das Sparprogramm&hellip;\n","protected":false},"author":2,"featured_media":1087294,"comment_status":"","ping_status":"","sticky":false,"template":"","format":"standard","meta":{"footnotes":"","_share_on_mastodon":"0"},"categories":[134],"tags":[175,170,169,3916,29,30,171,174,31305,111519,19726,173,172,373,55],"class_list":["post-1087293","post","type-post","status-publish","format-standard","has-post-thumbnail","category-unternehmen-maerkte","tag-business","tag-companies","tag-companies-markets","tag-deutsche-autobauer","tag-deutschland","tag-germany","tag-markets","tag-maerkte","tag-oliver-blume","tag-sparprogramm","tag-stellenabbau","tag-unternehmen","tag-unternehmen-maerkte","tag-volkswagen","tag-wirtschaft"],"share_on_mastodon":{"url":"https:\/\/pubeurope.com\/@de\/116733473627174813","error":""},"_links":{"self":[{"href":"https:\/\/www.europesays.com\/de\/wp-json\/wp\/v2\/posts\/1087293","targetHints":{"allow":["GET"]}}],"collection":[{"href":"https:\/\/www.europesays.com\/de\/wp-json\/wp\/v2\/posts"}],"about":[{"href":"https:\/\/www.europesays.com\/de\/wp-json\/wp\/v2\/types\/post"}],"author":[{"embeddable":true,"href":"https:\/\/www.europesays.com\/de\/wp-json\/wp\/v2\/users\/2"}],"replies":[{"embeddable":true,"href":"https:\/\/www.europesays.com\/de\/wp-json\/wp\/v2\/comments?post=1087293"}],"version-history":[{"count":0,"href":"https:\/\/www.europesays.com\/de\/wp-json\/wp\/v2\/posts\/1087293\/revisions"}],"wp:featuredmedia":[{"embeddable":true,"href":"https:\/\/www.europesays.com\/de\/wp-json\/wp\/v2\/media\/1087294"}],"wp:attachment":[{"href":"https:\/\/www.europesays.com\/de\/wp-json\/wp\/v2\/media?parent=1087293"}],"wp:term":[{"taxonomy":"category","embeddable":true,"href":"https:\/\/www.europesays.com\/de\/wp-json\/wp\/v2\/categories?post=1087293"},{"taxonomy":"post_tag","embeddable":true,"href":"https:\/\/www.europesays.com\/de\/wp-json\/wp\/v2\/tags?post=1087293"}],"curies":[{"name":"wp","href":"https:\/\/api.w.org\/{rel}","templated":true}]}}