{"id":1087356,"date":"2026-06-11T21:36:35","date_gmt":"2026-06-11T21:36:35","guid":{"rendered":"https:\/\/www.europesays.com\/de\/1087356\/"},"modified":"2026-06-11T21:36:35","modified_gmt":"2026-06-11T21:36:35","slug":"oepnv-in-bonn-wird-nach-bruecken-sperrung-zeitweise-kostenlos-nrw","status":"publish","type":"post","link":"https:\/\/www.europesays.com\/de\/1087356\/","title":{"rendered":"\u00d6PNV in Bonn wird nach Br\u00fccken-Sperrung zeitweise kostenlos | NRW"},"content":{"rendered":"<p>Die Bonner Nordbr\u00fccke bleibt wegen Sch\u00e4den vorerst gesperrt, was den Verkehrsfluss in der Stadt auf eine harte Probe stellt. Die Stadt reagiert darauf prompt.<\/p>\n<p id=\"absatz1\" class=\"em_text\">Nach der pl\u00f6tzlichen Sperrung der Bonner Nordbr\u00fccke wird der \u00f6ffentliche Personennahverkehr in Bonn vor\u00fcbergehend kostenlos. \u00abWir m\u00f6chten ein Anreizsystem setzen, damit so viele Menschen wie irgendwie m\u00f6glich den \u00d6PNV nutzen\u00bb, sagte Oberb\u00fcrgermeister Guido De\u00fas (CDU). Am Donnerstag beschloss der Stadtrat die Ma\u00dfnahme, die vom kommenden Montag an bis Ende Juni gelten soll.<\/p>\n<p id=\"absatz2\" class=\"em_text\">Bestehende Abonnements w\u00fcrden allerdings nicht erstattet. Der B\u00fcrgermeister verwies auf die damit verbundenen Kosten: \u00abWir k\u00f6nnen uns schon vieles von dem, was ich Ihnen hier sage, in unserer Finanzsituation eigentlich nicht leisten und machen es trotzdem\u00bb, sagte er. Dass man bei einem bestehenden Abo Geld zur\u00fcckbekomme, k\u00f6nne er nicht verk\u00fcnden.<\/p>\n<p id=\"absatz4\" class=\"em_text\">Der Rat hat am Abend ein Paket mehrerer Ma\u00dfnahmen beschlossen. Unter anderem sollen geplante andere Bauvorhaben auf den Pr\u00fcfstand kommen und mehrere Strecken sollen f\u00fcr Autos mehrspurig werden. F\u00fcr Radfahrer soll es Alternativrouten geben. Die Stadtverwaltung hat die Home-Office-Regelung f\u00fcr ihre Besch\u00e4ftigten ausgeweitet.<\/p>\n<p id=\"absatz5\" class=\"em_text\">Der Oberb\u00fcrgermeister sagte: \u00abDie Lage ist ernst und wir wissen nicht, wie lange und in welchem Umfang die Nordbr\u00fccke gesperrt bleiben wird. Daher setzen wir alles daran, den Verkehr in Bonn und der Region wieder flie\u00dfen zu lassen.\u00bb<\/p>\n<p id=\"absatz6\" class=\"em_text\">Die Bonner Nordbr\u00fccke ist Teil der A565 und die wichtigste Ost-West-Verbindung der Region. Am Mittwoch war die vielbefahrene Autobahnbr\u00fccke \u00fcber den Rhein aber wegen neu entdeckter Sch\u00e4den bis auf weiteres f\u00fcr den Verkehr gesperrt worden. Ob sie noch einmal freigegeben werden kann, ist aktuell noch unklar. F\u00fcr die Region war das ein Schock. Bonn versucht nun mit Sofortma\u00dfnahmen, die Auswirkungen auf den innerst\u00e4dtischen Verkehr abzumildern. <\/p>\n","protected":false},"excerpt":{"rendered":"Die Bonner Nordbr\u00fccke bleibt wegen Sch\u00e4den vorerst gesperrt, was den Verkehrsfluss in der Stadt auf eine harte Probe&hellip;\n","protected":false},"author":2,"featured_media":1087357,"comment_status":"","ping_status":"","sticky":false,"template":"","format":"standard","meta":{"footnotes":"","_share_on_mastodon":"0"},"categories":[1842],"tags":[123549,1741,31,3364,29,30,171723,1209,5112,102037],"class_list":["post-1087356","post","type-post","status-publish","format-standard","has-post-thumbnail","category-bonn","tag-guido-deus","tag-bonn","tag-cdu","tag-de","tag-deutschland","tag-germany","tag-nordbruecke","tag-nordrhein-westfalen","tag-oepnv","tag-verkehrsfluss"],"share_on_mastodon":{"url":"https:\/\/pubeurope.com\/@de\/116733633325235211","error":""},"_links":{"self":[{"href":"https:\/\/www.europesays.com\/de\/wp-json\/wp\/v2\/posts\/1087356","targetHints":{"allow":["GET"]}}],"collection":[{"href":"https:\/\/www.europesays.com\/de\/wp-json\/wp\/v2\/posts"}],"about":[{"href":"https:\/\/www.europesays.com\/de\/wp-json\/wp\/v2\/types\/post"}],"author":[{"embeddable":true,"href":"https:\/\/www.europesays.com\/de\/wp-json\/wp\/v2\/users\/2"}],"replies":[{"embeddable":true,"href":"https:\/\/www.europesays.com\/de\/wp-json\/wp\/v2\/comments?post=1087356"}],"version-history":[{"count":0,"href":"https:\/\/www.europesays.com\/de\/wp-json\/wp\/v2\/posts\/1087356\/revisions"}],"wp:featuredmedia":[{"embeddable":true,"href":"https:\/\/www.europesays.com\/de\/wp-json\/wp\/v2\/media\/1087357"}],"wp:attachment":[{"href":"https:\/\/www.europesays.com\/de\/wp-json\/wp\/v2\/media?parent=1087356"}],"wp:term":[{"taxonomy":"category","embeddable":true,"href":"https:\/\/www.europesays.com\/de\/wp-json\/wp\/v2\/categories?post=1087356"},{"taxonomy":"post_tag","embeddable":true,"href":"https:\/\/www.europesays.com\/de\/wp-json\/wp\/v2\/tags?post=1087356"}],"curies":[{"name":"wp","href":"https:\/\/api.w.org\/{rel}","templated":true}]}}