{"id":1087364,"date":"2026-06-11T21:40:12","date_gmt":"2026-06-11T21:40:12","guid":{"rendered":"https:\/\/www.europesays.com\/de\/1087364\/"},"modified":"2026-06-11T21:40:12","modified_gmt":"2026-06-11T21:40:12","slug":"bundestag-als-weidel-von-den-migrantenbanden-in-nuernberg-spricht-entfaehrt-der-linken-politikerin-ein-lachen","status":"publish","type":"post","link":"https:\/\/www.europesays.com\/de\/1087364\/","title":{"rendered":"Bundestag: Als Weidel von den \u201eMigrantenbanden\u201c in N\u00fcrnberg spricht, entf\u00e4hrt der Linken-Politikerin ein Lachen"},"content":{"rendered":"<p>Als Alice Weidel im Bundestag einen Fall aus N\u00fcrnberg schildert, bei dem Migranten Minderj\u00e4hrige zur Prostitution zwangen, kommt es im Plenum zu lauten Zwischenrufen. Eine Reaktion irritiert jedoch besonders.<\/p>\n<p class=\"is-first-paragraph\" data-external=\"Article.FirstParagraph\">W\u00e4hrend der Antwort von Alice Weidel auf die Regierungserkl\u00e4rung von Bundeskanzler Friedrich Merz (CDU) im Bundestag gab es am Donnerstag einen kurzen Moment, der sowohl bei Anwesenden als auch bei Zuh\u00f6rern f\u00fcr Irritationen sorgte. <\/p>\n<p>Merz hatte seine Rede gerade beendet, Weidel trat ans Rednerpult. Die AfD-Chefin bezeichnete die Worte des Bundeskanzlers als \u201e<a class=\"is-link c-block-items__link c-link--rich-text-renderer\" href=\"https:\/\/www.welt.de\/politik\/deutschland\/article6a2a6b071089b0ba0bc0a9e6\/alice-weidel-abgesang-eines-gescheiterten-afd-chefin-rechnet-mit-merz-ab.html\" data-internal-tracking-enabled=\"true\" data-internal-tracking=\"{&quot;action&quot;:&quot;click&quot;,&quot;label&quot;:&quot;link&quot;,&quot;name&quot;:&quot;Inline Element&quot;,&quot;data&quot;:{&quot;source&quot;:&quot;&quot;,&quot;target&quot;:&quot;https:\/\/www.welt.de\/politik\/deutschland\/article6a2a6b071089b0ba0bc0a9e6\/alice-weidel-abgesang-eines-gescheiterten-afd-chefin-rechnet-mit-merz-ab.html&quot;,&quot;trackingName&quot;:&quot;&quot;,&quot;trackingLabel&quot;:&quot;&quot;}}\" rel=\"nofollow noopener\" target=\"_blank\">Abgesang eines Gescheiterten<\/a>\u201c und rechnete in gewohnt scharfer Manier mit dessen Politik ab. Nach Arbeitsmarkt, Rezession und Massenexodus der Industrie kam Weidel auf die Einwanderungspolitik von Schwarz-Rot zu sprechen. \u201eDie Masseneinwanderung in unsere Sozialsysteme aus der Dritten Welt geht ungebrochen weiter\u201c, schilderte sie ihre Sicht. Eine sechsstellige Zahl \u201eIllegaler\u201c wandere weiterhin j\u00e4hrlich unter dem Vorwand Asyl ein, \u201eeine weitere Gro\u00dfstadt durch die Hintert\u00fcr des Familiennachzuges\u201c.<\/p>\n<p>Bei Abschiebungen sei die Bilanz von Schwarz-Rot sogar noch katastrophaler als die der Ampel. \u201eDie Verramschung des deutschen Passes hat in ihrem ersten Regierungsjahr einen neuen Rekord erreicht\u201c, sagte Weidel. Wer nicht in einer abgeschotteten Blase lebe, f\u00fcr den seien die Zunahme der Gewalt-, Sexual- und Rohheitsdelikte keine kalte Statistik, sondern t\u00e4gliche Begleiter der eigenen Angst und \u201eSorge um unsere Kinder\u201c.<\/p>\n<p>Dann kam Weidel auf einen schockierenden aktuellen Fall aus Bayern zu sprechen. Junge M\u00e4nner aus Syrien, Irak, Pakistan und nordafrikanischen L\u00e4ndern sollen am N\u00fcrnberger Hauptbahnhof M\u00e4dchen zwischen etwa 13 und 18 Jahren aus prek\u00e4ren Verh\u00e4ltnissen in die Drogenabh\u00e4ngigkeit getrieben haben, um sie in die Prostitution zu zwingen. <\/p>\n<p>\u201eAm Hauptbahnhof von N\u00fcrnberg, der Heimat des CSU-Vorsitzenden Markus S\u00f6der, machen Migrantenbanden minderj\u00e4hrige, deutsche M\u00e4dchen mit Drogen gef\u00fcgig, um sie als Sexsklaven zu missbrauchen\u201c, sagte Weidel. <\/p>\n<p>An dieser Stelle wurde es laut im Plenum. Es kam zu diversen Zwischenrufen \u2013 darunter auch ein Lachen. Die Quelle f\u00fcr die irritierende Reaktion war im Live-Stream erst nicht auszumachen. Das <a class=\"is-link c-block-items__link is-external c-link--rich-text-renderer\" href=\"https:\/\/www.bundestag.de\/dokumente\/protokolle\/vorlaeufig\/vorlaeufig-196520\" target=\"_blank\" title=\"Link wird in einem neuen Tab ge\u00f6ffnet\" rel=\"nofollow noopener\" data-internal-tracking-enabled=\"true\" data-internal-tracking=\"{&quot;action&quot;:&quot;click&quot;,&quot;label&quot;:&quot;link&quot;,&quot;name&quot;:&quot;Inline Element&quot;,&quot;data&quot;:{&quot;source&quot;:&quot;&quot;,&quot;target&quot;:&quot;https:\/\/www.bundestag.de\/dokumente\/protokolle\/vorlaeufig\/vorlaeufig-196520&quot;,&quot;trackingName&quot;:&quot;&quot;,&quot;trackingLabel&quot;:&quot;&quot;}}\">Bundestagsprotokoll<\/a> best\u00e4tigte kurz darauf jedoch, was mancher schon vermutet hatte: Das Lachen kam von der Linken-Abgeordneten Katrin Fey. <\/p>\n<p>Bemerkenswert: In ihrer Fraktion ist Fey Sprecherin f\u00fcr B\u00fcrger- und Menschenrechte, zudem Obfrau im Ausschuss f\u00fcr Menschenrechte und humanit\u00e4re Hilfe und Mitglied im Innenausschuss.<\/p>\n<p>Ebenfalls vermerkt ist im Protokoll an dieser Stelle ein Zuruf von Mayra Vriesema (Gr\u00fcne). Weidel setzte ihre Rede mit ernster Miene fort. \u201eIch frage Sie: Wie viele N\u00fcrnbergs gibt es in Deutschland? Und was haben Sie alle \u2013 ja, alle hier \u2013 durch Massenmigration, durch Verrohung und den Sittenverfall nur aus unserem Land gemacht?\u201c <\/p>\n<p>An der Stelle schwenkte die Kamera auf Merz und zeigte den Kanzler mit versteinerter Miene, er riss f\u00fcr einen kurzen Moment die Augen auf, wirkte angefasst.<\/p>\n<p>W\u00e4hrend die AfD nun ihrer Parteichefin Beifall klatschte, kam es zu weiteren undeutlichen Zwischenrufen, unter anderem von Ulrich Thoden (Linke).<\/p>\n<p>\u201eHalten Sie die Deutschen nicht f\u00fcr naiv\u201c, warnte Weidel \u2013 der Gr\u00fcnen-Abgeordnete Harald Ebner rief \u201eEijeijei!\u201c.<\/p>\n<p>Die Deutschen w\u00fcrden sehr wohl registrieren, wie die Regierung mit ihnen umspringt, fuhr Weidel fort. \u201eSie h\u00f6ren genau hin, wenn die Sozialministerin und SPD-Vorsitzende B\u00e4rbel Bas uns Deutsche als \u201aeinheitsbraun\u2018 ver\u00e4chtlich macht.\u201c Aus der SPD rief jemand \u201eNee!\u201c<\/p>\n<p>\u201eWer so spricht, der hasst das Eigene und sich selbst und hat in einer Regierung nichts zu suchen\u201c, sagte Weidel. Von der AfD-Fraktion gab es Applaus, aus dem Block der Gr\u00fcnen in Person von Harald Ebner den n\u00e4chsten Zwischenruf. <\/p>\n<p>saha<\/p>\n","protected":false},"excerpt":{"rendered":"Als Alice Weidel im Bundestag einen Fall aus N\u00fcrnberg schildert, bei dem Migranten Minderj\u00e4hrige zur Prostitution zwangen, kommt&hellip;\n","protected":false},"author":2,"featured_media":1087365,"comment_status":"","ping_status":"","sticky":false,"template":"","format":"standard","meta":{"footnotes":"","_share_on_mastodon":"0"},"categories":[1837],"tags":[28184,772,49688,75957,3364,29,183,30,182,110,3783,9241,45,10359],"class_list":["post-1087364","post","type-post","status-publish","format-standard","has-post-thumbnail","category-nuernberg","tag-alice-afd","tag-bayern","tag-bundestag-ks","tag-bundestagsabgeordnete-ks","tag-de","tag-deutschland","tag-friedrich-cdu","tag-germany","tag-merz","tag-newsteam","tag-nuernberg","tag-prostitution","tag-texttospeech","tag-weidel"],"share_on_mastodon":{"url":"https:\/\/pubeurope.com\/@de\/116733649046463813","error":""},"_links":{"self":[{"href":"https:\/\/www.europesays.com\/de\/wp-json\/wp\/v2\/posts\/1087364","targetHints":{"allow":["GET"]}}],"collection":[{"href":"https:\/\/www.europesays.com\/de\/wp-json\/wp\/v2\/posts"}],"about":[{"href":"https:\/\/www.europesays.com\/de\/wp-json\/wp\/v2\/types\/post"}],"author":[{"embeddable":true,"href":"https:\/\/www.europesays.com\/de\/wp-json\/wp\/v2\/users\/2"}],"replies":[{"embeddable":true,"href":"https:\/\/www.europesays.com\/de\/wp-json\/wp\/v2\/comments?post=1087364"}],"version-history":[{"count":0,"href":"https:\/\/www.europesays.com\/de\/wp-json\/wp\/v2\/posts\/1087364\/revisions"}],"wp:featuredmedia":[{"embeddable":true,"href":"https:\/\/www.europesays.com\/de\/wp-json\/wp\/v2\/media\/1087365"}],"wp:attachment":[{"href":"https:\/\/www.europesays.com\/de\/wp-json\/wp\/v2\/media?parent=1087364"}],"wp:term":[{"taxonomy":"category","embeddable":true,"href":"https:\/\/www.europesays.com\/de\/wp-json\/wp\/v2\/categories?post=1087364"},{"taxonomy":"post_tag","embeddable":true,"href":"https:\/\/www.europesays.com\/de\/wp-json\/wp\/v2\/tags?post=1087364"}],"curies":[{"name":"wp","href":"https:\/\/api.w.org\/{rel}","templated":true}]}}