{"id":1087397,"date":"2026-06-11T21:59:16","date_gmt":"2026-06-11T21:59:16","guid":{"rendered":"https:\/\/www.europesays.com\/de\/1087397\/"},"modified":"2026-06-11T21:59:16","modified_gmt":"2026-06-11T21:59:16","slug":"gericht-raeumung-der-dondorf-druckerei-war-rechtens","status":"publish","type":"post","link":"https:\/\/www.europesays.com\/de\/1087397\/","title":{"rendered":"Gericht: R\u00e4umung der Dondorf-Druckerei war rechtens"},"content":{"rendered":"<p class=\"paragraph --regular --color\" data-v-ad2bcb75=\"\" data-v-5c4b7507=\"\">Frankfurt\/Main (dpa\/lhe) &#8211; . Gericht: R\u00e4umung der Dondorf-Druckerei war rechtensDie erste polizeiliche R\u00e4umung der Frankfurter Dondorf-Druckerei im Juli 2023 war laut einem Gerichtsurteil rechtens. Durch das Betreten des Geb\u00e4udes h\u00e4tten die Beamten nicht das Grundrecht auf Unverletzlichkeit der Wohnung ber\u00fchrt, da es sich bei den R\u00e4umen nicht um eine Wohnung gehandelt habe, teilte das Verwaltungsgericht in Frankfurt seine Entscheidung mit.<\/p>\n","protected":false},"excerpt":{"rendered":"Frankfurt\/Main (dpa\/lhe) &#8211; . Gericht: R\u00e4umung der Dondorf-Druckerei war rechtensDie erste polizeiliche R\u00e4umung der Frankfurter Dondorf-Druckerei im Juli&hellip;\n","protected":false},"author":2,"featured_media":1087398,"comment_status":"","ping_status":"","sticky":false,"template":"","format":"standard","meta":{"footnotes":"","_share_on_mastodon":"0"},"categories":[1829],"tags":[5650,5651,5652,5654,5655,29,2050,2051,30,5660,2052,5656,5653,5657,1427,14,5659,5658,5661,4544,5662],"class_list":["post-1087397","post","type-post","status-publish","format-standard","has-post-thumbnail","category-frankfurt-am-main","tag-alzey","tag-bad-kreuznach","tag-bad-sobernheim","tag-bingen","tag-buerstadt","tag-deutschland","tag-frankfurt","tag-frankfurt-am-main","tag-germany","tag-guntersblum","tag-hessen","tag-ingelheim","tag-kirn","tag-lampertheim","tag-mainz","tag-nachrichten","tag-nierstein","tag-oppenheim","tag-ruesselsheim","tag-wiesbaden","tag-worms"],"share_on_mastodon":{"url":"https:\/\/pubeurope.com\/@de\/116733723618512609","error":""},"_links":{"self":[{"href":"https:\/\/www.europesays.com\/de\/wp-json\/wp\/v2\/posts\/1087397","targetHints":{"allow":["GET"]}}],"collection":[{"href":"https:\/\/www.europesays.com\/de\/wp-json\/wp\/v2\/posts"}],"about":[{"href":"https:\/\/www.europesays.com\/de\/wp-json\/wp\/v2\/types\/post"}],"author":[{"embeddable":true,"href":"https:\/\/www.europesays.com\/de\/wp-json\/wp\/v2\/users\/2"}],"replies":[{"embeddable":true,"href":"https:\/\/www.europesays.com\/de\/wp-json\/wp\/v2\/comments?post=1087397"}],"version-history":[{"count":0,"href":"https:\/\/www.europesays.com\/de\/wp-json\/wp\/v2\/posts\/1087397\/revisions"}],"wp:featuredmedia":[{"embeddable":true,"href":"https:\/\/www.europesays.com\/de\/wp-json\/wp\/v2\/media\/1087398"}],"wp:attachment":[{"href":"https:\/\/www.europesays.com\/de\/wp-json\/wp\/v2\/media?parent=1087397"}],"wp:term":[{"taxonomy":"category","embeddable":true,"href":"https:\/\/www.europesays.com\/de\/wp-json\/wp\/v2\/categories?post=1087397"},{"taxonomy":"post_tag","embeddable":true,"href":"https:\/\/www.europesays.com\/de\/wp-json\/wp\/v2\/tags?post=1087397"}],"curies":[{"name":"wp","href":"https:\/\/api.w.org\/{rel}","templated":true}]}}